{"id":275502,"date":"2025-08-16T12:00:00","date_gmt":"2025-08-16T10:00:00","guid":{"rendered":"https:\/\/www.tucomarca.com\/wordpress\/segunda\/?p=275502"},"modified":"2025-08-16T14:58:28","modified_gmt":"2025-08-16T12:58:28","slug":"la-aemet-alerta-de-risc-per-a-la-salut-per-calor-extrema-aquest-cap-de-setmana-en-tota-la-comunitat-valenciana","status":"publish","type":"post","link":"https:\/\/tucomarca.whitekongsoftware.com\/ca\/la-aemet-alerta-de-risc-per-a-la-salut-per-calor-extrema-aquest-cap-de-setmana-en-tota-la-comunitat-valenciana\/","title":{"rendered":"La Aemet alerta de risc per a la salut per calor extrema aquest cap de setmana en tota la Comunitat Valenciana"},"content":{"rendered":"\n<p class=\"wp-block-paragraph\">L&#8217;Ag\u00e8ncia Estatal de Meteorologia (Aemet) ha em\u00e9s una alerta especial per calor extrema que afectar\u00e0 a tota la Comunitat Valenciana durant aquest cap de setmana. Es preveuen temperatures que superaran els 40 graus a l&#8217;ombra, la qual cosa podria tindre un important impacte en la salut, especialment entre la poblaci\u00f3 m\u00e9s vulnerable, com a persones majors, xiquets i malalts cr\u00f2nics.<\/p>\n\n\n\n<p class=\"wp-block-paragraph\">Segons la Aemet, la situaci\u00f3 meteorol\u00f2gica ser\u00e0 molt adversa a causa de la persist\u00e8ncia de les altes temperatures tant de dia com de nit, la qual cosa dificultar\u00e0 el descans nocturn i augmentar\u00e0 el risc de colps de calor i deshidrataci\u00f3.<\/p>\n\n\n\n<p class=\"wp-block-paragraph\">Les autoritats sanit\u00e0ries recomanen evitar l&#8217;exposici\u00f3 prolongada al sol durant les hores centrals del dia, hidratar-se amb freq\u00fc\u00e8ncia, reduir l&#8217;activitat f\u00edsica intensa i prestar especial atenci\u00f3 a persones majors, menors i malalts.<\/p>\n\n\n\n<p class=\"wp-block-paragraph\">A m\u00e9s del risc per a la salut, la Aemet adverteix que l&#8217;episodi de calor extrema incrementar\u00e0 de manera considerable la perillositat dels incendis forestals, per la qual cosa s&#8217;insta a extremar la precauci\u00f3 i a seguir les indicacions dels serveis d&#8217;emerg\u00e8ncies.<\/p>\n","protected":false},"excerpt":{"rendered":"<div class=\"mh-excerpt\">L&#8217;Ag\u00e8ncia Estatal de Meteorologia (Aemet) ha em\u00e9s una alerta especial per calor extrema que afectar\u00e0 a tota la Comunitat Valenciana durant aquest cap de setmana. Es preveuen temperatures que superaran els 40 graus a l&#8217;ombra, <a class=\"mh-excerpt-more\" href=\"https:\/\/tucomarca.whitekongsoftware.com\/ca\/la-aemet-alerta-de-risc-per-a-la-salut-per-calor-extrema-aquest-cap-de-setmana-en-tota-la-comunitat-valenciana\/\" title=\"La Aemet alerta de risc per a la salut per calor extrema aquest cap de setmana en tota la Comunitat Valenciana\">[+] <\/a><\/div>\n","protected":false},"author":12,"featured_media":139316,"comment_status":"open","ping_status":"open","sticky":false,"template":"","format":"standard","meta":{"footnotes":""},"categories":[10898,10948,10894,10904,10903,10896,10897],"tags":[11449,22914,11716],"class_list":["post-275502","post","type-post","status-publish","format-standard","has-post-thumbnail","category-ventana-ca","category-infraestructuras-ca","category-la-comarca-ca","category-sin-categorizar-ca","category-medio-ambiente-la-comarca-ca","category-seccion-ca","category-sucesos-la-comarca-ca","tag-agencia-estatal-de-meteorologia-aemet","tag-calor-extremo-ca","tag-ola-de-calor-ca"],"_links":{"self":[{"href":"https:\/\/tucomarca.whitekongsoftware.com\/ca\/wp-json\/wp\/v2\/posts\/275502","targetHints":{"allow":["GET"]}}],"collection":[{"href":"https:\/\/tucomarca.whitekongsoftware.com\/ca\/wp-json\/wp\/v2\/posts"}],"about":[{"href":"https:\/\/tucomarca.whitekongsoftware.com\/ca\/wp-json\/wp\/v2\/types\/post"}],"author":[{"embeddable":true,"href":"https:\/\/tucomarca.whitekongsoftware.com\/ca\/wp-json\/wp\/v2\/users\/12"}],"replies":[{"embeddable":true,"href":"https:\/\/tucomarca.whitekongsoftware.com\/ca\/wp-json\/wp\/v2\/comments?post=275502"}],"version-history":[{"count":0,"href":"https:\/\/tucomarca.whitekongsoftware.com\/ca\/wp-json\/wp\/v2\/posts\/275502\/revisions"}],"wp:featuredmedia":[{"embeddable":true,"href":"https:\/\/tucomarca.whitekongsoftware.com\/ca\/wp-json\/wp\/v2\/media\/139316"}],"wp:attachment":[{"href":"https:\/\/tucomarca.whitekongsoftware.com\/ca\/wp-json\/wp\/v2\/media?parent=275502"}],"wp:term":[{"taxonomy":"category","embeddable":true,"href":"https:\/\/tucomarca.whitekongsoftware.com\/ca\/wp-json\/wp\/v2\/categories?post=275502"},{"taxonomy":"post_tag","embeddable":true,"href":"https:\/\/tucomarca.whitekongsoftware.com\/ca\/wp-json\/wp\/v2\/tags?post=275502"}],"curies":[{"name":"wp","href":"https:\/\/api.w.org\/{rel}","templated":true}]}}