{"id":275471,"date":"2025-08-14T08:30:00","date_gmt":"2025-08-14T06:30:00","guid":{"rendered":"https:\/\/www.tucomarca.com\/wordpress\/segunda\/?p=275471"},"modified":"2025-08-14T09:18:30","modified_gmt":"2025-08-14T07:18:30","slug":"entrevista-a-carmen-alis-marzal-que-estes-feria-i-festes-de-bunyol-siguen-moments-de-riure-tots-destar-tots-junts-i-doblidar-nos-daltres-coses","status":"publish","type":"post","link":"https:\/\/tucomarca.whitekongsoftware.com\/ca\/entrevista-a-carmen-alis-marzal-que-estes-feria-i-festes-de-bunyol-siguen-moments-de-riure-tots-destar-tots-junts-i-doblidar-nos-daltres-coses\/","title":{"rendered":"Entrevista a Carmen Al\u00eds Marzal: \u00abQue estes Feria i Festes de Bunyol siguen moments de riure tots, d\u2019estar tots junts i d\u2019oblidar-nos d\u2019altres coses\u00bb"},"content":{"rendered":"<div class=\"wp-block-image\">\n<figure class=\"alignleft size-large is-resized\"><img loading=\"lazy\" decoding=\"async\" width=\"718\" height=\"1024\" src=\"http:\/\/www.tucomarca.com\/wordpress\/segunda\/wp-content\/uploads\/2025\/08\/CarmenAlisEntrevista-718x1024.jpg\" alt=\"\" class=\"wp-image-275267\" style=\"width:377px;height:auto\" srcset=\"https:\/\/tucomarca.whitekongsoftware.com\/wp-content\/uploads\/2025\/08\/CarmenAlisEntrevista-718x1024.jpg 718w, https:\/\/tucomarca.whitekongsoftware.com\/wp-content\/uploads\/2025\/08\/CarmenAlisEntrevista-210x300.jpg 210w, https:\/\/tucomarca.whitekongsoftware.com\/wp-content\/uploads\/2025\/08\/CarmenAlisEntrevista-768x1095.jpg 768w, https:\/\/tucomarca.whitekongsoftware.com\/wp-content\/uploads\/2025\/08\/CarmenAlisEntrevista.jpg 823w\" sizes=\"auto, (max-width: 718px) 100vw, 718px\" \/><\/figure>\n<\/div>\n\n\n<h3 class=\"wp-block-heading\">Carmen Al\u00eds Marzal, la nova Reina de la Feria i Festes de Bunyol, \u00e9s entusiasta, extravertida i molt familiar. Este divendres ser\u00e0 proclamada a l\u2019auditori a l\u2019aire lliure de San Luis per a viure un somni i exercir un c\u00e0rrec que li fa molt\u00edssima il\u00b7lusi\u00f3.<\/h3>\n\n\n\n<p class=\"wp-block-paragraph\">\u2014 <strong>PREGUNTA: Com et sents a pocs dies de l\u2019inici de la Feria i Festes?<\/strong><\/p>\n\n\n\n<p class=\"wp-block-paragraph\">\u2014 <strong>RESPOSTA:<\/strong> Doncs em sent tranquil\u00b7la per\u00f2 alhora nerviosa, una mica de tot. Estic tranquil\u00b7la perqu\u00e8 estic vivint els dies com toca. Ara prepare els vestits i despr\u00e9s, divendres, la presentaci\u00f3. Els estic vivint al moment. I nerviosa perqu\u00e8 quan arribe el divendres em voldr\u00e9 morir, per\u00f2 b\u00e9, b\u00e9.<\/p>\n\n\n\n<p class=\"wp-block-paragraph\"><strong>\u2014 Ens pots revelar algun detall de la teua presentaci\u00f3?<\/strong><\/p>\n\n\n\n<p class=\"wp-block-paragraph\">\u2014 Doncs, si vos dic la veritat, de la meua presentaci\u00f3 no s\u00e9 res, no em volen dir res.<\/p>\n\n\n\n<p class=\"wp-block-paragraph\"><strong>\u2014 A m\u00e9s de la presentaci\u00f3, que m\u2019imagine que ser\u00e0 un dels moments m\u00e9s esperats, quins altres actes tens ganes de viure d\u2019una manera especial?<\/strong><\/p>\n\n\n\n<p class=\"wp-block-paragraph\">\u2014 Doncs el Dia de les M\u00fasiques, en tinc un fum de ganes, molt\u00edssimes.<\/p>\n\n\n\n<p class=\"wp-block-paragraph\"><strong>\u2014 Algun com La Tomatina? Pujar\u00e0s al cami\u00f3?<\/strong><\/p>\n\n\n\n<p class=\"wp-block-paragraph\">\u2014 Clar que s\u00ed! Pujar\u00e9 al cami\u00f3 i ser\u00e0 la primera vegada que isca a La Tomatina, que mai he assistit. I la veritat \u00e9s que amb moltes ganes. Tinc molta aprensi\u00f3 al tomaca, per\u00f2 b\u00e9, farem el que calga per a eixir enguany.<\/p>\n\n\n\n<p class=\"wp-block-paragraph\"><strong>\u2014 Has tingut ocasi\u00f3 d\u2019intercanviar impressions amb el teu antecessor en el c\u00e0rrec, Yeray?<\/strong><\/p>\n\n\n\n<p class=\"wp-block-paragraph\">\u2014 S\u00ed, amb Yeray m\u2019emporte molt b\u00e9, la veritat. Hem estat parlant i m\u2019ha anat recomanant coses. Que dorma, que descanse, que ho disfrute tot el moment, que passa volant. Aix\u00ed que s\u00ed, molt b\u00e9, he parlat amb ell i superb\u00e9.<\/p>\n\n\n\n<p class=\"wp-block-paragraph\"><strong>\u2014 Quins consells t\u2019han transm\u00e9s l\u2019alcaldessa, el regidor de Festes i la Comissi\u00f3 de Festes?<\/strong><\/p>\n\n\n\n<p class=\"wp-block-paragraph\">\u2014 Que \u00e9s un any que ser\u00e0 superbonic, que el recordar\u00e9 tota la vida, tant jo com la meua fam\u00edlia. Per\u00f2 que passa volant. Jo els dic&#8230; passa volant, per\u00f2 acaba de comen\u00e7ar, per favor, deixa\u2019m respirar. Aix\u00ed que res, superb\u00e9, amb un fum de ganes.<\/p>\n\n\n\n<p class=\"wp-block-paragraph\"><strong>\u2014 Qu\u00e8 em dius de les xiques de la Cort d\u2019Honor?<\/strong><\/p>\n\n\n\n<p class=\"wp-block-paragraph\">\u2014 S\u00f3n meravelloses. La meua cort m\u2019encanta, m\u2019ho passe superb\u00e9 amb elles. Ja des del minut u de la primera presentaci\u00f3 vam quedar per a sopar i tot. Anem a vore els vestits de cadascuna d\u2019elles i la veritat \u00e9s que superb\u00e9. Ja en coneixia algunes i amb les altres no m\u2019ha costat gens fer amistat. Molt b\u00e9, ens portem fenomenal.<\/p>\n\n\n\n<p class=\"wp-block-paragraph\"><strong>\u2014 T\u2019imaginaves viure aix\u00f2?<\/strong><\/p>\n\n\n\n<p class=\"wp-block-paragraph\">\u2014 Jo no, no entrava en els meus plans, la veritat. Per\u00f2 quan se\u2019m va donar esta oportunitat, em va encantar, ja que la fam\u00edlia del meu pare \u00e9s de la banda de \u201cLa Arm\u00f3nica\u201d i la de la meua mare de \u201cLa Art\u00edstica\u201d, doncs la veritat \u00e9s que va ser una cosa per a la fam\u00edlia superpositiva, per a representar les dos bandes. Al poble.<\/p>\n\n\n\n<p class=\"wp-block-paragraph\"><strong>\u2014 Com descriur\u00edem els vestits? Quin \u00e9s el que m\u00e9s t\u2019agrada?<\/strong><\/p>\n\n\n\n<p class=\"wp-block-paragraph\">\u2014 S\u00f3n elegants, plens de detalls i pensats per a cada moment. Me n\u2019he fet cinc. Tinc dos del dia de Sant Llu\u00eds, de bu\u00f1olera, que eixir\u00e9 al mat\u00ed amb un de color morat-albergina i el mant\u00f3 de flors. Despr\u00e9s, a la vesprada, eixir\u00e9 amb toca i mantellina de color os. Despr\u00e9s tinc el de la presentaci\u00f3 d\u2019este divendres, que \u00e9s blanc, i crec que \u00e9s diferent dels que s\u2019han vist. Despr\u00e9s tinc el del Dia de les M\u00fasiques, amb falda rosa i un cors\u00e9 blanc superbonic i floretes daurades i roses que brillen molt\u00edssim. I per al trasllat del Sant traur\u00e9 un de ma mare quan va ser representant dels Feos, marronets i daurats, molt bonic. Li hem fet un arreglet a la part de dalt per a no traure\u2019l igual i donar-li un toc m\u00e9s modern.<\/p>\n\n\n\n<p class=\"wp-block-paragraph\"><strong>\u2014 I per al concert \u201cMano a mano\u201d?<\/strong><\/p>\n\n\n\n<p class=\"wp-block-paragraph\">\u2014 Portar\u00e9 un vestit m\u00e9s c\u00f2mode per\u00f2 igualment especial. Portar\u00e9 una falda de quadres. Vaig aix\u00ed un poc <em>vintage<\/em>, molt diferent de la resta, per\u00f2 m\u2019agrada molt perqu\u00e8 \u00e9s molt elegant. I aix\u00f2, de roig, blanc i negre. Molt bonic. Una falda i una brusa molt xula.<\/p>\n\n\n\n<p class=\"wp-block-paragraph\"><strong>\u2014 Convidem a qui llija esta entrevista a visitar Bu\u00f1ol en Festes?<\/strong><\/p>\n\n\n\n<p class=\"wp-block-paragraph\">\u2014 Per descomptat. Anime a tothom a vindre i viure les nostres tradicions. Que es note que ac\u00ed sabem celebrar festes. Que amb la tradici\u00f3 que tenim, tant de La Tomatina, com el dia de Sant Llu\u00eds, del nostre patr\u00f3, del Dia de les M\u00fasiques&#8230; Que estes festes siguen molt nostres. Que siguen moments de riure tots, d\u2019estar tots junts, d\u2019oblidar-nos d\u2019altres coses i d\u2019estar units, sempre.<\/p>\n\n\n\n<p class=\"wp-block-paragraph\">\u2014 <strong>Carmen, et desitgem des de<\/strong> tucomarca.com <strong>que passes unes festes inoblidables.<\/strong><\/p>\n\n\n\n<p class=\"wp-block-paragraph\">\u2014 Moltes gr\u00e0cies. Estic segura que seran unes festes per a recordar tota la vida. Tenim moltes ganes tots. Tant el poble, que veig que est\u00e0 ansi\u00f3s ja per vore\u2019m, com la meua fam\u00edlia i jo.<\/p>\n","protected":false},"excerpt":{"rendered":"<div class=\"mh-excerpt\">Carmen Al\u00eds Marzal, la nova Reina de la Feria i Festes de Bunyol, \u00e9s entusiasta, extravertida i molt familiar. Este divendres ser\u00e0 proclamada a l\u2019auditori a l\u2019aire lliure de San Luis per a viure un <a class=\"mh-excerpt-more\" href=\"https:\/\/tucomarca.whitekongsoftware.com\/ca\/entrevista-a-carmen-alis-marzal-que-estes-feria-i-festes-de-bunyol-siguen-moments-de-riure-tots-destar-tots-junts-i-doblidar-nos-daltres-coses\/\" title=\"Entrevista a Carmen Al\u00eds Marzal: \u00abQue estes Feria i Festes de Bunyol siguen moments de riure tots, d\u2019estar tots junts i d\u2019oblidar-nos d\u2019altres coses\u00bb\">[+] <\/a><\/div>\n","protected":false},"author":12,"featured_media":275270,"comment_status":"open","ping_status":"open","sticky":false,"template":"","format":"standard","meta":{"footnotes":""},"categories":[10911,10894,10912,11007,11008,10896],"tags":[10913,10914,22324],"class_list":["post-275471","post","type-post","status-publish","format-standard","has-post-thumbnail","category-bunol-ca","category-la-comarca-ca","category-la-hoya-ca","category-ocio-y-cultura-ca","category-pueblos-en-fiestas-ca","category-seccion-ca","tag-bunol-ca","tag-la-hoya-de-bunol-chiva-ca","tag-reina-de-la-feria-y-fiestas-2025-ca"],"_links":{"self":[{"href":"https:\/\/tucomarca.whitekongsoftware.com\/ca\/wp-json\/wp\/v2\/posts\/275471","targetHints":{"allow":["GET"]}}],"collection":[{"href":"https:\/\/tucomarca.whitekongsoftware.com\/ca\/wp-json\/wp\/v2\/posts"}],"about":[{"href":"https:\/\/tucomarca.whitekongsoftware.com\/ca\/wp-json\/wp\/v2\/types\/post"}],"author":[{"embeddable":true,"href":"https:\/\/tucomarca.whitekongsoftware.com\/ca\/wp-json\/wp\/v2\/users\/12"}],"replies":[{"embeddable":true,"href":"https:\/\/tucomarca.whitekongsoftware.com\/ca\/wp-json\/wp\/v2\/comments?post=275471"}],"version-history":[{"count":0,"href":"https:\/\/tucomarca.whitekongsoftware.com\/ca\/wp-json\/wp\/v2\/posts\/275471\/revisions"}],"wp:featuredmedia":[{"embeddable":true,"href":"https:\/\/tucomarca.whitekongsoftware.com\/ca\/wp-json\/wp\/v2\/media\/275270"}],"wp:attachment":[{"href":"https:\/\/tucomarca.whitekongsoftware.com\/ca\/wp-json\/wp\/v2\/media?parent=275471"}],"wp:term":[{"taxonomy":"category","embeddable":true,"href":"https:\/\/tucomarca.whitekongsoftware.com\/ca\/wp-json\/wp\/v2\/categories?post=275471"},{"taxonomy":"post_tag","embeddable":true,"href":"https:\/\/tucomarca.whitekongsoftware.com\/ca\/wp-json\/wp\/v2\/tags?post=275471"}],"curies":[{"name":"wp","href":"https:\/\/api.w.org\/{rel}","templated":true}]}}