{"id":275381,"date":"2025-08-13T08:10:00","date_gmt":"2025-08-13T06:10:00","guid":{"rendered":"https:\/\/www.tucomarca.com\/wordpress\/segunda\/?p=275381"},"modified":"2025-08-13T15:49:50","modified_gmt":"2025-08-13T13:49:50","slug":"la-diputacio-celebra-la-recuperacio-del-retaule-de-lesglesia-de-chelva-destruit-en-la-guerra-civil","status":"publish","type":"post","link":"https:\/\/tucomarca.whitekongsoftware.com\/ca\/la-diputacio-celebra-la-recuperacio-del-retaule-de-lesglesia-de-chelva-destruit-en-la-guerra-civil\/","title":{"rendered":"La Diputaci\u00f3 celebra la recuperaci\u00f3 del retaule de l&#8217;Esgl\u00e9sia de Chelva destru\u00eft en la Guerra Civil"},"content":{"rendered":"\n<h3 class=\"wp-block-heading\"><strong>El diputat de Cultura, Paco Teruel, visita l&#8217;Esgl\u00e9sia Arxiprestal de La nostra Senyora dels \u00c0ngels i felicita l&#8217;Associaci\u00f3 Pro Retaule per la seua obstinaci\u00f3<\/strong>.<\/h3>\n\n\n<div class=\"wp-block-image\">\n<figure class=\"alignleft size-large is-resized\"><img loading=\"lazy\" decoding=\"async\" width=\"768\" height=\"1024\" src=\"http:\/\/www.tucomarca.com\/wordpress\/segunda\/wp-content\/uploads\/2025\/08\/Retablo-Iglesia-Chelva-768x1024.jpeg\" alt=\"\" class=\"wp-image-275378\" style=\"width:341px;height:auto\" srcset=\"https:\/\/tucomarca.whitekongsoftware.com\/wp-content\/uploads\/2025\/08\/Retablo-Iglesia-Chelva-768x1024.jpeg 768w, https:\/\/tucomarca.whitekongsoftware.com\/wp-content\/uploads\/2025\/08\/Retablo-Iglesia-Chelva-225x300.jpeg 225w, https:\/\/tucomarca.whitekongsoftware.com\/wp-content\/uploads\/2025\/08\/Retablo-Iglesia-Chelva-1152x1536.jpeg 1152w, https:\/\/tucomarca.whitekongsoftware.com\/wp-content\/uploads\/2025\/08\/Retablo-Iglesia-Chelva.jpeg 1500w\" sizes=\"auto, (max-width: 768px) 100vw, 768px\" \/><\/figure>\n<\/div>\n\n\n<p class=\"wp-block-paragraph\">Chelva ha culminat la reconstrucci\u00f3 del retaule de la seua esgl\u00e9sia, destru\u00eft en la Guerra Civil. El projecte, iniciat als anys cinquanta del passat segle, va ser repr\u00e9s fa 20 anys pels ve\u00efns del municipi de la Serran\u00eda, que a trav\u00e9s de l&#8217;Associaci\u00f3 Pro Retaule ha aconseguit recaptar els fons necessaris per a completar l&#8217;actuaci\u00f3, junt amb el suport d&#8217;entitats privades.<\/p>\n\n\n\n<p class=\"wp-block-paragraph\">En la seua visita a l&#8217;Esgl\u00e9sia Arxiprestal de La nostra Senyora dels \u00c0ngels, el diputat de Cultura, Paco Teruel, va celebrar la recuperaci\u00f3 d&#8217;esta joia patrimonial, un BIC que \u00e9s, a m\u00e9s, un dels retaules m\u00e9s alts d&#8217;Espanya amb m\u00e9s de 20 metres. \u201cEnhorabona a totes les persones i entitats que han col\u00b7laborat perqu\u00e8 el projecte siga hui una realitat i l&#8217;Esgl\u00e9sia de Chelva recupere tota la seua esplendor\u201d, ha manifestat el responsable provincial.<\/p>\n\n\n\n<p class=\"wp-block-paragraph\">En opini\u00f3 de Paco Teruel, este conjunt \u201ccontribu\u00efx a engrandir el patrimoni religi\u00f3s de la nostra prov\u00edncia\u201d, al mateix temps que finalitza \u201cun projecte que s&#8217;ha prolongat durant m\u00e9s de 70 anys i que s&#8217;ha desenvolupat en diferents fases, gr\u00e0cies a la insist\u00e8ncia de la gent de Chelva per a recuperar un retaule major que forma part de la hist\u00f2ria i la identitat del municipi\u201d.<\/p>\n","protected":false},"excerpt":{"rendered":"<div class=\"mh-excerpt\">El diputat de Cultura, Paco Teruel, visita l&#8217;Esgl\u00e9sia Arxiprestal de La nostra Senyora dels \u00c0ngels i felicita l&#8217;Associaci\u00f3 Pro Retaule per la seua obstinaci\u00f3. Chelva ha culminat la reconstrucci\u00f3 del retaule de la seua esgl\u00e9sia, <a class=\"mh-excerpt-more\" href=\"https:\/\/tucomarca.whitekongsoftware.com\/ca\/la-diputacio-celebra-la-recuperacio-del-retaule-de-lesglesia-de-chelva-destruit-en-la-guerra-civil\/\" title=\"La Diputaci\u00f3 celebra la recuperaci\u00f3 del retaule de l&#8217;Esgl\u00e9sia de Chelva destru\u00eft en la Guerra Civil\">[+] <\/a><\/div>\n","protected":false},"author":13,"featured_media":275377,"comment_status":"open","ping_status":"open","sticky":false,"template":"","format":"standard","meta":{"footnotes":""},"categories":[11039,11046,10898,10948,10894,11007,10947,10896],"tags":[11083,12194,21009,11080],"class_list":["post-275381","post","type-post","status-publish","format-standard","has-post-thumbnail","category-chelva-ca","category-los-serranos-ca","category-ventana-ca","category-infraestructuras-ca","category-la-comarca-ca","category-ocio-y-cultura-ca","category-politica","category-seccion-ca","tag-chelva-ca","tag-cultura-ca","tag-la-diputacio-de-valencia-ca","tag-los-serranos-ca"],"_links":{"self":[{"href":"https:\/\/tucomarca.whitekongsoftware.com\/ca\/wp-json\/wp\/v2\/posts\/275381","targetHints":{"allow":["GET"]}}],"collection":[{"href":"https:\/\/tucomarca.whitekongsoftware.com\/ca\/wp-json\/wp\/v2\/posts"}],"about":[{"href":"https:\/\/tucomarca.whitekongsoftware.com\/ca\/wp-json\/wp\/v2\/types\/post"}],"author":[{"embeddable":true,"href":"https:\/\/tucomarca.whitekongsoftware.com\/ca\/wp-json\/wp\/v2\/users\/13"}],"replies":[{"embeddable":true,"href":"https:\/\/tucomarca.whitekongsoftware.com\/ca\/wp-json\/wp\/v2\/comments?post=275381"}],"version-history":[{"count":0,"href":"https:\/\/tucomarca.whitekongsoftware.com\/ca\/wp-json\/wp\/v2\/posts\/275381\/revisions"}],"wp:featuredmedia":[{"embeddable":true,"href":"https:\/\/tucomarca.whitekongsoftware.com\/ca\/wp-json\/wp\/v2\/media\/275377"}],"wp:attachment":[{"href":"https:\/\/tucomarca.whitekongsoftware.com\/ca\/wp-json\/wp\/v2\/media?parent=275381"}],"wp:term":[{"taxonomy":"category","embeddable":true,"href":"https:\/\/tucomarca.whitekongsoftware.com\/ca\/wp-json\/wp\/v2\/categories?post=275381"},{"taxonomy":"post_tag","embeddable":true,"href":"https:\/\/tucomarca.whitekongsoftware.com\/ca\/wp-json\/wp\/v2\/tags?post=275381"}],"curies":[{"name":"wp","href":"https:\/\/api.w.org\/{rel}","templated":true}]}}