{"id":275338,"date":"2025-08-13T09:30:00","date_gmt":"2025-08-13T07:30:00","guid":{"rendered":"https:\/\/www.tucomarca.com\/wordpress\/segunda\/?p=275338"},"modified":"2025-08-13T15:44:15","modified_gmt":"2025-08-13T13:44:15","slug":"la-unio-denuncia-els-llimbs-administratius-en-el-qual-es-troben-el-6-de-les-parcelles-afectades-per-la-dana-sense-saber-si-rebran-ajudes-ni-quan-les-cobraran","status":"publish","type":"post","link":"https:\/\/tucomarca.whitekongsoftware.com\/ca\/la-unio-denuncia-els-llimbs-administratius-en-el-qual-es-troben-el-6-de-les-parcelles-afectades-per-la-dana-sense-saber-si-rebran-ajudes-ni-quan-les-cobraran\/","title":{"rendered":"La Uni\u00f3 den\u00fancia els llimbs administratius en el qual es troben el 6% de les parcel\u00b7les afectades per la dana sense saber si rebran ajudes ni quan les cobraran"},"content":{"rendered":"\n<h3 class=\"wp-block-heading\">S\u00f3n les que s&#8217;han incorporat al Domini P\u00fablic Hidr\u00e0ulic els propietaris del qual haurien de rebre una quantitat justa i conservar tamb\u00e9 els seus drets de PAC i de reg.<\/h3>\n\n\n\n<h3 class=\"wp-block-heading\">Tamb\u00e9 hi ha altres parcel\u00b7les que segueixen sense reparar en alguna zona vitivin\u00edcola, la qual cosa impedir\u00e0 el correcte desenvolupament de la verema.<\/h3>\n\n\n\n<p class=\"wp-block-paragraph\">La Uni\u00f3 Llauradora denuncia els llimbs en el qual es troben al voltant del 6% de les parcel\u00b7les afectades per la dana del passat any, les que hauria incorporat el Govern al Domini P\u00fablic Hidr\u00e0ulic (DPH), els propietaris del qual no saben quan cobraran les ajudes ni el que els correspondr\u00e0 prop de deu mesos ja de la data de la cat\u00e0strofe.<\/p>\n\n\n\n<p class=\"wp-block-paragraph\">En aquest sentit, l&#8217;organitzaci\u00f3 ha sol\u00b7licitat al Ministeri per a la Transici\u00f3 Ecol\u00f2gica i el Repte Demogr\u00e0fic (MITECO), igual que ja va traslladar al president de la Confederaci\u00f3 Hidrogr\u00e0fica del X\u00faquer en una reuni\u00f3 al juny, que resolga totes eixes incerteses i a m\u00e9s garantisca els drets dels propietaris. Nombroses parcel\u00b7les amb activitat agr\u00e0ria consolidada, algunes amb drets reconeguts dins de la PAC i altres fins i tot amb autoritzacions de reg, seran incorporades al Domini P\u00fablic Hidr\u00e0ulic, la qual cosa els causar\u00e0 un enorme impacte econ\u00f2mic i jur\u00eddic.<\/p>\n\n\n\n<p class=\"wp-block-paragraph\">En primer lloc, La Uni\u00f3 reclama major claredat administrativa i jur\u00eddica. En aquest sentit, insta el Ministeri dirigit per Sara Agaasen al fet que es garantisca la incorporaci\u00f3 actualitzada de les noves delimitacions del DPH al visor SIGPAC, de manera que els llauradors puguen con\u00e9ixer de manera senzilla i transparent la situaci\u00f3 legal de les seues parcel\u00b7les. Tamb\u00e9 que s&#8217;assegure la informaci\u00f3 pr\u00e8via individualitzada i la possibilitat de consulta i al\u00b7legaci\u00f3.<\/p>\n\n\n\n<p class=\"wp-block-paragraph\">Tamb\u00e9 demana al Ministeri una compensaci\u00f3 econ\u00f2mica justa i proporcional que tinga en compte el valor patrimonial del s\u00f2l, la p\u00e8rdua de capacitat productiva i el perjudici econ\u00f2mic generat. Aix\u00ed mateix sol\u00b7licita la conservaci\u00f3 de drets agraris per a la seua reactivaci\u00f3 futura, \u00e9s a dir, que els drets d&#8217;ajuda directa de la PAC vinculats a superf\u00edcies hui desaparegudes o inutilitzables es mantinguen a nom del llaurador o ramader afectat, podent ser activats sobre altres superf\u00edcies agr\u00e0ries que adquirisca o arrende en el futur. I per al cas de parcel\u00b7les amb drets de plantaci\u00f3 de vinya, que aquests drets es conserven igualment en propietat del llaurador afectat, sense p\u00e8rdua de validesa, i s&#8217;habilite la seua activaci\u00f3 sobre altres superf\u00edcies vit\u00edcoles.<\/p>\n\n\n\n<p class=\"wp-block-paragraph\">En relaci\u00f3 amb el reg, li demana que es respecten els drets preexistents, permetent el seu trasp\u00e0s a noves parcel\u00b7les de substituci\u00f3. Per als casos en qu\u00e8 existira autoritzaci\u00f3 d&#8217;\u00fas de pou individual que es facilite una nova autoritzaci\u00f3 equivalent per a l&#8217;\u00fas en la nova ubicaci\u00f3.<\/p>\n\n\n\n<p class=\"wp-block-paragraph\">Laura P\u00e9rez, afectada de Requena i afiliada de La Uni\u00f3, assenyala que \u201ca la fi de juliol encara m&#8217;estaven peritant les meues 4 hect\u00e0rees de vinya que van desapar\u00e9ixer amb la riuada al costat del riu Magre i que m&#8217;han incorporat al Domini P\u00fablic Hidr\u00e0ulic, aix\u00ed que seguisc sense tindre les meues terres que ja no existeixen i sense saber a qu\u00e8 atindre&#8217;m\u201d. En aquest sentit, Luis Javier Navarro, vicesecretari general de La Uni\u00f3, afirma que \u201cparcel\u00b7les com les de Laura eren de ra\u00efm per a cava, tenien bon rendiment gr\u00e0cies al reg i es pagaven molt b\u00e9. Podria haver perdut m\u00e9s de 50.000 euros d&#8217;ingressos d&#8217;enguany sense collita respecte al passat que encara va poder veremar\u201d.<\/p>\n\n\n\n<p class=\"wp-block-paragraph\">Per\u00f2 tamb\u00e9 hi ha un altre grup de persones afectades les parcel\u00b7les de les quals no s&#8217;han incl\u00f2s en el DPH, per\u00f2 que encara segueixen sense arreglar. Un altre afiliat de La Uni\u00f3, en este cas d&#8217;Utiel, Antonio Garc\u00eda, indica que \u201cs&#8217;acosta la verema i no podr\u00e9 entrar a collir el ra\u00efm perqu\u00e8 pese al comprom\u00eds del Govern i Tragsa no m&#8217;han reparat les parcel\u00b7les\u201d.<\/p>\n\n\n\n<p class=\"wp-block-paragraph\">Luis Javier Navarro considera que \u201csi b\u00e9 la situaci\u00f3 generada per la dana ha provocat una modificaci\u00f3 f\u00edsica de les parcel\u00b7les, la nova situaci\u00f3 del Domini P\u00fablic Hidr\u00e0ulic ha de ser tractada amb equitat, proporcionalitat i col\u00b7laboraci\u00f3 institucional, i no menyscabar els drets leg\u00edtims dels qui, durant d\u00e8cades, han desenvolupat una activitat agr\u00e0ria l\u00edcita i necess\u00e0ria per a l&#8217;equilibri rural i ambiental del territori\u201d.<\/p>\n\n\n\n<figure class=\"wp-block-gallery has-nested-images columns-2 is-cropped wp-block-gallery-1 is-layout-flex wp-block-gallery-is-layout-flex\">\n<figure class=\"wp-block-image size-large\"><img loading=\"lazy\" decoding=\"async\" width=\"1024\" height=\"682\" data-id=\"275333\" src=\"https:\/\/www.tucomarca.com\/wordpress\/segunda\/wp-content\/uploads\/2025\/08\/Laura-Perez-en-lo-que-eran-sus-vinas-1024x682.jpg\" alt=\"\" class=\"wp-image-275333\" srcset=\"https:\/\/tucomarca.whitekongsoftware.com\/wp-content\/uploads\/2025\/08\/Laura-Perez-en-lo-que-eran-sus-vinas-1024x682.jpg 1024w, https:\/\/tucomarca.whitekongsoftware.com\/wp-content\/uploads\/2025\/08\/Laura-Perez-en-lo-que-eran-sus-vinas-300x200.jpg 300w, https:\/\/tucomarca.whitekongsoftware.com\/wp-content\/uploads\/2025\/08\/Laura-Perez-en-lo-que-eran-sus-vinas-768x512.jpg 768w, https:\/\/tucomarca.whitekongsoftware.com\/wp-content\/uploads\/2025\/08\/Laura-Perez-en-lo-que-eran-sus-vinas.jpg 1280w\" sizes=\"auto, (max-width: 1024px) 100vw, 1024px\" \/><\/figure>\n\n\n\n<figure class=\"wp-block-image size-large\"><img loading=\"lazy\" decoding=\"async\" width=\"1024\" height=\"682\" data-id=\"275331\" src=\"https:\/\/www.tucomarca.com\/wordpress\/segunda\/wp-content\/uploads\/2025\/08\/Estado-de-las-vinas-de-Laura-Perez-1024x682.jpg\" alt=\"\" class=\"wp-image-275331\" srcset=\"https:\/\/tucomarca.whitekongsoftware.com\/wp-content\/uploads\/2025\/08\/Estado-de-las-vinas-de-Laura-Perez-1024x682.jpg 1024w, https:\/\/tucomarca.whitekongsoftware.com\/wp-content\/uploads\/2025\/08\/Estado-de-las-vinas-de-Laura-Perez-300x200.jpg 300w, https:\/\/tucomarca.whitekongsoftware.com\/wp-content\/uploads\/2025\/08\/Estado-de-las-vinas-de-Laura-Perez-768x512.jpg 768w, https:\/\/tucomarca.whitekongsoftware.com\/wp-content\/uploads\/2025\/08\/Estado-de-las-vinas-de-Laura-Perez.jpg 1280w\" sizes=\"auto, (max-width: 1024px) 100vw, 1024px\" \/><\/figure>\n\n\n\n<figure class=\"wp-block-image size-large\"><img loading=\"lazy\" decoding=\"async\" width=\"1024\" height=\"682\" data-id=\"275329\" src=\"https:\/\/www.tucomarca.com\/wordpress\/segunda\/wp-content\/uploads\/2025\/08\/Antonio-Garcia-en-su-parcela-sin-arreglar-1024x682.jpg\" alt=\"\" class=\"wp-image-275329\" srcset=\"https:\/\/tucomarca.whitekongsoftware.com\/wp-content\/uploads\/2025\/08\/Antonio-Garcia-en-su-parcela-sin-arreglar-1024x682.jpg 1024w, https:\/\/tucomarca.whitekongsoftware.com\/wp-content\/uploads\/2025\/08\/Antonio-Garcia-en-su-parcela-sin-arreglar-300x200.jpg 300w, https:\/\/tucomarca.whitekongsoftware.com\/wp-content\/uploads\/2025\/08\/Antonio-Garcia-en-su-parcela-sin-arreglar-768x512.jpg 768w, https:\/\/tucomarca.whitekongsoftware.com\/wp-content\/uploads\/2025\/08\/Antonio-Garcia-en-su-parcela-sin-arreglar.jpg 1280w\" sizes=\"auto, (max-width: 1024px) 100vw, 1024px\" \/><\/figure>\n\n\n\n<figure class=\"wp-block-image size-large\"><img loading=\"lazy\" decoding=\"async\" width=\"1024\" height=\"682\" data-id=\"275335\" src=\"https:\/\/www.tucomarca.com\/wordpress\/segunda\/wp-content\/uploads\/2025\/08\/Parcela-sin-reparar-de-Antonio-Garcia-1024x682.jpg\" alt=\"\" class=\"wp-image-275335\" srcset=\"https:\/\/tucomarca.whitekongsoftware.com\/wp-content\/uploads\/2025\/08\/Parcela-sin-reparar-de-Antonio-Garcia-1024x682.jpg 1024w, https:\/\/tucomarca.whitekongsoftware.com\/wp-content\/uploads\/2025\/08\/Parcela-sin-reparar-de-Antonio-Garcia-300x200.jpg 300w, https:\/\/tucomarca.whitekongsoftware.com\/wp-content\/uploads\/2025\/08\/Parcela-sin-reparar-de-Antonio-Garcia-768x512.jpg 768w, https:\/\/tucomarca.whitekongsoftware.com\/wp-content\/uploads\/2025\/08\/Parcela-sin-reparar-de-Antonio-Garcia.jpg 1280w\" sizes=\"auto, (max-width: 1024px) 100vw, 1024px\" \/><\/figure>\n<\/figure>\n","protected":false},"excerpt":{"rendered":"<div class=\"mh-excerpt\">S\u00f3n les que s&#8217;han incorporat al Domini P\u00fablic Hidr\u00e0ulic els propietaris del qual haurien de rebre una quantitat justa i conservar tamb\u00e9 els seus drets de PAC i de reg. Tamb\u00e9 hi ha altres parcel\u00b7les <a class=\"mh-excerpt-more\" href=\"https:\/\/tucomarca.whitekongsoftware.com\/ca\/la-unio-denuncia-els-llimbs-administratius-en-el-qual-es-troben-el-6-de-les-parcelles-afectades-per-la-dana-sense-saber-si-rebran-ajudes-ni-quan-les-cobraran\/\" title=\"La Uni\u00f3 den\u00fancia els llimbs administratius en el qual es troben el 6% de les parcel\u00b7les afectades per la dana sense saber si rebran ajudes ni quan les cobraran\">[+] <\/a><\/div>\n","protected":false},"author":13,"featured_media":275330,"comment_status":"open","ping_status":"open","sticky":false,"template":"","format":"gallery","meta":{"footnotes":""},"categories":[10905,21466,10898,10948,10894,10904,10903,10947,10909,10896,10897],"tags":[11309,15409,11199,21082],"class_list":["post-275338","post","type-post","status-publish","format-gallery","has-post-thumbnail","category-agricultura-la-comarca-ca","category-dana-ca","category-ventana-ca","category-infraestructuras-ca","category-la-comarca-ca","category-sin-categorizar-ca","category-medio-ambiente-la-comarca-ca","category-politica","category-requena-utiel-ca","category-seccion-ca","category-sucesos-la-comarca-ca","tag-agricultura-ca","tag-dana-2-ca","tag-la-comunitat-ca","tag-la-unio-llauradora-i-ramadera-ca","post_format-post-format-gallery"],"_links":{"self":[{"href":"https:\/\/tucomarca.whitekongsoftware.com\/ca\/wp-json\/wp\/v2\/posts\/275338","targetHints":{"allow":["GET"]}}],"collection":[{"href":"https:\/\/tucomarca.whitekongsoftware.com\/ca\/wp-json\/wp\/v2\/posts"}],"about":[{"href":"https:\/\/tucomarca.whitekongsoftware.com\/ca\/wp-json\/wp\/v2\/types\/post"}],"author":[{"embeddable":true,"href":"https:\/\/tucomarca.whitekongsoftware.com\/ca\/wp-json\/wp\/v2\/users\/13"}],"replies":[{"embeddable":true,"href":"https:\/\/tucomarca.whitekongsoftware.com\/ca\/wp-json\/wp\/v2\/comments?post=275338"}],"version-history":[{"count":0,"href":"https:\/\/tucomarca.whitekongsoftware.com\/ca\/wp-json\/wp\/v2\/posts\/275338\/revisions"}],"wp:featuredmedia":[{"embeddable":true,"href":"https:\/\/tucomarca.whitekongsoftware.com\/ca\/wp-json\/wp\/v2\/media\/275330"}],"wp:attachment":[{"href":"https:\/\/tucomarca.whitekongsoftware.com\/ca\/wp-json\/wp\/v2\/media?parent=275338"}],"wp:term":[{"taxonomy":"category","embeddable":true,"href":"https:\/\/tucomarca.whitekongsoftware.com\/ca\/wp-json\/wp\/v2\/categories?post=275338"},{"taxonomy":"post_tag","embeddable":true,"href":"https:\/\/tucomarca.whitekongsoftware.com\/ca\/wp-json\/wp\/v2\/tags?post=275338"}],"curies":[{"name":"wp","href":"https:\/\/api.w.org\/{rel}","templated":true}]}}