{"id":275318,"date":"2025-08-13T10:00:00","date_gmt":"2025-08-13T08:00:00","guid":{"rendered":"https:\/\/www.tucomarca.com\/wordpress\/segunda\/?p=275318"},"modified":"2025-08-13T15:35:15","modified_gmt":"2025-08-13T13:35:15","slug":"justicia-presta-assessorament-gratuit-a-mes-de-2-168-persones-afectades-per-la-riuada-en-32-punts-justiprop","status":"publish","type":"post","link":"https:\/\/tucomarca.whitekongsoftware.com\/ca\/justicia-presta-assessorament-gratuit-a-mes-de-2-168-persones-afectades-per-la-riuada-en-32-punts-justiprop\/","title":{"rendered":"Just\u00edcia presta assessorament gratu\u00eft a m\u00e9s de 2.168 persones afectades per la riuada en 32 punts JUSTIPROP"},"content":{"rendered":"\n<h3 class=\"wp-block-heading\">Aquest servei, en marxa des del 12 de novembre de 2024, proporciona orientaci\u00f3 legal en la tramitaci\u00f3 d&#8217;ajudes p\u00fabliques.<\/h3>\n\n\n\n<p class=\"wp-block-paragraph\">La Conselleria de Just\u00edcia i Administraci\u00f3 P\u00fablica ha oferit el servei d&#8217;assessorament jur\u00eddic gratu\u00eft a un total de 2.168 persones afectades per la riuada del 29 d&#8217;octubre, a trav\u00e9s de 32 punts JUSTIPROP i delegacions col\u00b7legials de l&#8217;advocacia habilitats en els municipis m\u00e9s afectats.<\/p>\n\n\n\n<p class=\"wp-block-paragraph\">Aquest servei, posat en marxa el 12 de novembre de 2024, proporciona orientaci\u00f3 legal en la tramitaci\u00f3 d&#8217;ajudes p\u00fabliques, gestiona tant dubtes jur\u00eddics com tr\u00e0mits administratius i realitza altres gestions derivades dels danys patits per la riuada.&nbsp;<\/p>\n\n\n\n<p class=\"wp-block-paragraph\">Les dades obtingudes corresponen a les persones ateses des de la seua implantaci\u00f3, el 12 de novembre, fins al 15 de juliol. Concretament, el servei va atendre 860 persones damnificades al novembre. El mes de desembre, van anar 638 les persones ateses. Respecte a 2025, el mes de gener, un total de 252 persones van ser ateses. Al febrer, 185; al mar\u00e7, 77 i a l&#8217;abril, un total de 59 persones. El mes de maig s&#8217;han at\u00e9s 52 persones. Al juny, un total de 36 i, finalment, nou persones en la primera quinzena de juliol. Per tant, el total des de la posada en marxa d&#8217;aquest servei \u00e9s de 2.168 persones ateses.&nbsp;<br><br>En paraules de la consellera de Just\u00edcia i Administraci\u00f3 P\u00fablica, Nuria Mart\u00ednez, \u201cdes del primer moment, vam tindre clar que la ciutadania havia de comptar amb suport jur\u00eddic gratu\u00eft, pr\u00f2xim i efectiu. Vull agrair expressament el comprom\u00eds dels equips desplegats en cada punt JUSTIPROP i dels col\u00b7legis de l&#8217;advocacia. Han estat on se&#8217;ls necessitava, prestant un servei p\u00fablic fonamental i actuant amb gran professionalitat i sensibilitat en una situaci\u00f3 dif\u00edcil per a moltes fam\u00edlies\u201d.<\/p>\n\n\n\n<p class=\"wp-block-paragraph\">Amb aquesta actuaci\u00f3, la Generalitat reafirma el seu comprom\u00eds amb una just\u00edcia pr\u00f2xima i accessible, que prioritza l&#8217;atenci\u00f3 a la ciutadania en situacions de vulnerabilitat, i promou una Administraci\u00f3 compromesa i orientada a la millora cont\u00ednua per i per al servei p\u00fablic.<\/p>\n","protected":false},"excerpt":{"rendered":"<div class=\"mh-excerpt\">Aquest servei, en marxa des del 12 de novembre de 2024, proporciona orientaci\u00f3 legal en la tramitaci\u00f3 d&#8217;ajudes p\u00fabliques. La Conselleria de Just\u00edcia i Administraci\u00f3 P\u00fablica ha oferit el servei d&#8217;assessorament jur\u00eddic gratu\u00eft a un <a class=\"mh-excerpt-more\" href=\"https:\/\/tucomarca.whitekongsoftware.com\/ca\/justicia-presta-assessorament-gratuit-a-mes-de-2-168-persones-afectades-per-la-riuada-en-32-punts-justiprop\/\" title=\"Just\u00edcia presta assessorament gratu\u00eft a m\u00e9s de 2.168 persones afectades per la riuada en 32 punts JUSTIPROP\">[+] <\/a><\/div>\n","protected":false},"author":13,"featured_media":243685,"comment_status":"open","ping_status":"open","sticky":false,"template":"","format":"standard","meta":{"footnotes":""},"categories":[21466,10898,10948,10894,10904,10903,10947,10896,10897],"tags":[15409,21789,11199],"class_list":["post-275318","post","type-post","status-publish","format-standard","has-post-thumbnail","category-dana-ca","category-ventana-ca","category-infraestructuras-ca","category-la-comarca-ca","category-sin-categorizar-ca","category-medio-ambiente-la-comarca-ca","category-politica","category-seccion-ca","category-sucesos-la-comarca-ca","tag-dana-2-ca","tag-generalitat-ca","tag-la-comunitat-ca"],"_links":{"self":[{"href":"https:\/\/tucomarca.whitekongsoftware.com\/ca\/wp-json\/wp\/v2\/posts\/275318","targetHints":{"allow":["GET"]}}],"collection":[{"href":"https:\/\/tucomarca.whitekongsoftware.com\/ca\/wp-json\/wp\/v2\/posts"}],"about":[{"href":"https:\/\/tucomarca.whitekongsoftware.com\/ca\/wp-json\/wp\/v2\/types\/post"}],"author":[{"embeddable":true,"href":"https:\/\/tucomarca.whitekongsoftware.com\/ca\/wp-json\/wp\/v2\/users\/13"}],"replies":[{"embeddable":true,"href":"https:\/\/tucomarca.whitekongsoftware.com\/ca\/wp-json\/wp\/v2\/comments?post=275318"}],"version-history":[{"count":0,"href":"https:\/\/tucomarca.whitekongsoftware.com\/ca\/wp-json\/wp\/v2\/posts\/275318\/revisions"}],"wp:featuredmedia":[{"embeddable":true,"href":"https:\/\/tucomarca.whitekongsoftware.com\/ca\/wp-json\/wp\/v2\/media\/243685"}],"wp:attachment":[{"href":"https:\/\/tucomarca.whitekongsoftware.com\/ca\/wp-json\/wp\/v2\/media?parent=275318"}],"wp:term":[{"taxonomy":"category","embeddable":true,"href":"https:\/\/tucomarca.whitekongsoftware.com\/ca\/wp-json\/wp\/v2\/categories?post=275318"},{"taxonomy":"post_tag","embeddable":true,"href":"https:\/\/tucomarca.whitekongsoftware.com\/ca\/wp-json\/wp\/v2\/tags?post=275318"}],"curies":[{"name":"wp","href":"https:\/\/api.w.org\/{rel}","templated":true}]}}