{"id":275288,"date":"2025-08-21T11:30:00","date_gmt":"2025-08-21T09:30:00","guid":{"rendered":"https:\/\/www.tucomarca.com\/wordpress\/segunda\/?p=275288"},"modified":"2025-08-21T15:36:06","modified_gmt":"2025-08-21T13:36:06","slug":"bunol-ampliara-la-seua-xarxa-de-recarrega-per-a-cotxes-electrics-amb-tres-nous-punts-gracies-al-pla-de-sostenibilitat-turistica","status":"publish","type":"post","link":"https:\/\/tucomarca.whitekongsoftware.com\/ca\/bunol-ampliara-la-seua-xarxa-de-recarrega-per-a-cotxes-electrics-amb-tres-nous-punts-gracies-al-pla-de-sostenibilitat-turistica\/","title":{"rendered":"Bu\u00f1ol amplia la seua xarxa de rec\u00e0rrega per a cotxes el\u00e8ctrics amb tres nous punts gr\u00e0cies al Pla de Sostenibilitat Tur\u00edstica"},"content":{"rendered":"\n<p class=\"wp-block-paragraph\">L&#8217;Ajuntament de Bunyol ha iniciat la instal\u00b7laci\u00f3 de tres nous punts de rec\u00e0rrega per a vehicles el\u00e8ctrics, una actuaci\u00f3 que s&#8217;emmarca dins del Pla de Sostenibilitat Tur\u00edstica amb el qual vol refor\u00e7ar el comprom\u00eds municipal amb la mobilitat sostenible.<\/p>\n\n\n\n<p class=\"wp-block-paragraph\">Actualment, la localitat compta amb un punt de rec\u00e0rrega a la zona de l\u2019institut vell, gestionat per la comunitat energ\u00e8tica local. A partir d\u2019esta iniciativa, se sumaran tres noves ubicacions estrat\u00e8giques: l\u2019Avinguda de la M\u00fasica, el camp de futbol i el Mol\u00ed de Gal\u00e1n.<\/p>\n\n\n\n<p class=\"wp-block-paragraph\">Cadascuna d\u2019estes zones comptar\u00e0 amb dos punts de rec\u00e0rrega, la qual cosa permetr\u00e0 la connexi\u00f3 simult\u00e0nia de dos vehicles el\u00e8ctrics. Amb esta ampliaci\u00f3, Bu\u00f1ol no sols incrementa la infraestructura necess\u00e0ria per a facilitar la transici\u00f3 cap a un transport m\u00e9s net, sin\u00f3 que tamb\u00e9 es posiciona com un municipi preparat per a atendre la creixent demanda d\u2019este tipus de serveis.<\/p>\n\n\n\n<p class=\"wp-block-paragraph\">El projecte est\u00e0 finan\u00e7at amb fons del Pla de Sostenibilitat Tur\u00edstica, que busca promoure un model de desenvolupament respectu\u00f3s amb el medi ambient i millorar els serveis oferits tant a ve\u00efns com a visitants.<\/p>\n\n\n\n<figure class=\"wp-block-image size-large\"><img loading=\"lazy\" decoding=\"async\" width=\"1024\" height=\"768\" src=\"http:\/\/www.tucomarca.com\/wordpress\/segunda\/wp-content\/uploads\/2025\/08\/BunolPuntoRecargaCoches2-1-1024x768.jpg\" alt=\"\" class=\"wp-image-275291\" srcset=\"https:\/\/tucomarca.whitekongsoftware.com\/wp-content\/uploads\/2025\/08\/BunolPuntoRecargaCoches2-1-1024x768.jpg 1024w, https:\/\/tucomarca.whitekongsoftware.com\/wp-content\/uploads\/2025\/08\/BunolPuntoRecargaCoches2-1-300x225.jpg 300w, https:\/\/tucomarca.whitekongsoftware.com\/wp-content\/uploads\/2025\/08\/BunolPuntoRecargaCoches2-1-768x576.jpg 768w, https:\/\/tucomarca.whitekongsoftware.com\/wp-content\/uploads\/2025\/08\/BunolPuntoRecargaCoches2-1-678x509.jpg 678w, https:\/\/tucomarca.whitekongsoftware.com\/wp-content\/uploads\/2025\/08\/BunolPuntoRecargaCoches2-1-326x245.jpg 326w, https:\/\/tucomarca.whitekongsoftware.com\/wp-content\/uploads\/2025\/08\/BunolPuntoRecargaCoches2-1-80x60.jpg 80w, https:\/\/tucomarca.whitekongsoftware.com\/wp-content\/uploads\/2025\/08\/BunolPuntoRecargaCoches2-1.jpg 1181w\" sizes=\"auto, (max-width: 1024px) 100vw, 1024px\" \/><\/figure>\n","protected":false},"excerpt":{"rendered":"<div class=\"mh-excerpt\">L&#8217;Ajuntament de Bunyol ha iniciat la instal\u00b7laci\u00f3 de tres nous punts de rec\u00e0rrega per a vehicles el\u00e8ctrics, una actuaci\u00f3 que s&#8217;emmarca dins del Pla de Sostenibilitat Tur\u00edstica amb el qual vol refor\u00e7ar el comprom\u00eds municipal <a class=\"mh-excerpt-more\" href=\"https:\/\/tucomarca.whitekongsoftware.com\/ca\/bunol-ampliara-la-seua-xarxa-de-recarrega-per-a-cotxes-electrics-amb-tres-nous-punts-gracies-al-pla-de-sostenibilitat-turistica\/\" title=\"Bu\u00f1ol amplia la seua xarxa de rec\u00e0rrega per a cotxes el\u00e8ctrics amb tres nous punts gr\u00e0cies al Pla de Sostenibilitat Tur\u00edstica\">[+] <\/a><\/div>\n","protected":false},"author":12,"featured_media":275293,"comment_status":"open","ping_status":"open","sticky":false,"template":"","format":"standard","meta":{"footnotes":""},"categories":[10911,10898,10948,10894,10912,10903,10947,10896],"tags":[10913,10914,22908],"class_list":["post-275288","post","type-post","status-publish","format-standard","has-post-thumbnail","category-bunol-ca","category-ventana-ca","category-infraestructuras-ca","category-la-comarca-ca","category-la-hoya-ca","category-medio-ambiente-la-comarca-ca","category-politica","category-seccion-ca","tag-bunol-ca","tag-la-hoya-de-bunol-chiva-ca","tag-punto-de-recarga-para-coches-electricos-ca"],"_links":{"self":[{"href":"https:\/\/tucomarca.whitekongsoftware.com\/ca\/wp-json\/wp\/v2\/posts\/275288","targetHints":{"allow":["GET"]}}],"collection":[{"href":"https:\/\/tucomarca.whitekongsoftware.com\/ca\/wp-json\/wp\/v2\/posts"}],"about":[{"href":"https:\/\/tucomarca.whitekongsoftware.com\/ca\/wp-json\/wp\/v2\/types\/post"}],"author":[{"embeddable":true,"href":"https:\/\/tucomarca.whitekongsoftware.com\/ca\/wp-json\/wp\/v2\/users\/12"}],"replies":[{"embeddable":true,"href":"https:\/\/tucomarca.whitekongsoftware.com\/ca\/wp-json\/wp\/v2\/comments?post=275288"}],"version-history":[{"count":0,"href":"https:\/\/tucomarca.whitekongsoftware.com\/ca\/wp-json\/wp\/v2\/posts\/275288\/revisions"}],"wp:featuredmedia":[{"embeddable":true,"href":"https:\/\/tucomarca.whitekongsoftware.com\/ca\/wp-json\/wp\/v2\/media\/275293"}],"wp:attachment":[{"href":"https:\/\/tucomarca.whitekongsoftware.com\/ca\/wp-json\/wp\/v2\/media?parent=275288"}],"wp:term":[{"taxonomy":"category","embeddable":true,"href":"https:\/\/tucomarca.whitekongsoftware.com\/ca\/wp-json\/wp\/v2\/categories?post=275288"},{"taxonomy":"post_tag","embeddable":true,"href":"https:\/\/tucomarca.whitekongsoftware.com\/ca\/wp-json\/wp\/v2\/tags?post=275288"}],"curies":[{"name":"wp","href":"https:\/\/api.w.org\/{rel}","templated":true}]}}