{"id":275246,"date":"2025-08-12T08:10:00","date_gmt":"2025-08-12T06:10:00","guid":{"rendered":"https:\/\/www.tucomarca.com\/wordpress\/segunda\/?p=275246"},"modified":"2025-08-12T18:51:57","modified_gmt":"2025-08-12T16:51:57","slug":"fotogaleria-la-unio-musical-millarense-alma-mater-de-les-festes-de-millares","status":"publish","type":"post","link":"https:\/\/tucomarca.whitekongsoftware.com\/ca\/fotogaleria-la-unio-musical-millarense-alma-mater-de-les-festes-de-millares\/","title":{"rendered":"Fotogaler\u00eda: La Uni\u00f3 Musical Millarense, \u201calma mater\u201d de les festes de Millares"},"content":{"rendered":"\n<p class=\"wp-block-paragraph\">L\u2019inici d\u2019agost ha sigut especialment emotiu per a la Uni\u00f3 Musical Millarense (UMM). El passat 2 d\u2019agost, la banda va oferir un <strong>magn\u00edfic concert \u201cExcel\u00b7lent\u201d<\/strong>, del qual se senten profundament orgullosos, amb un repertori de gran nivell i la destacada participaci\u00f3 de diversos solistes de l\u2019agrupaci\u00f3.<\/p>\n\n\n\n<p class=\"wp-block-paragraph\">Despr\u00e9s de l\u2019actuaci\u00f3, m\u00fasics i acompanyants van gaudir d\u2019un sopar de germanor que va refor\u00e7ar l\u2019esperit d\u2019uni\u00f3 i companyonia que caracteritza la banda. Des de la UMM agraeixen de manera especial l\u2019esfor\u00e7 i la dedicaci\u00f3 de tots els seus integrants per a fer possible aquest concert.<\/p>\n\n\n\n<p class=\"wp-block-paragraph\">El recital va servir com a tret d\u2019eixida a un intens programa festiu que, del 4 al 8 d\u2019agost, ha comptat amb la pres\u00e8ncia activa de la Uni\u00f3 Musical Millarense en tots els seus actes: cavalcada, passacarrers i processons.<\/p>\n\n\n\n<p class=\"wp-block-paragraph\">Han sigut uns dies de m\u00fasica, alegria i comprom\u00eds, en els quals la banda ha demostrat una vegada m\u00e9s el seu paper fonamental en la vida cultural i festiva de Millares. Amb orgull, la UMM felicita tots els seus m\u00fasics per la seua implicaci\u00f3 i per contribuir a que les festes es visquen amb tanta harmonia i felicitat musical.<\/p>\n\n\n\n<figure class=\"wp-block-gallery has-nested-images columns-1 is-cropped wp-block-gallery-1 is-layout-flex wp-block-gallery-is-layout-flex\">\n<figure class=\"wp-block-image size-large\"><img loading=\"lazy\" decoding=\"async\" width=\"1024\" height=\"664\" data-id=\"275236\" src=\"https:\/\/www.tucomarca.com\/wordpress\/segunda\/wp-content\/uploads\/2025\/08\/MillaresBanda06-1024x664.jpg\" alt=\"\" class=\"wp-image-275236\" srcset=\"https:\/\/tucomarca.whitekongsoftware.com\/wp-content\/uploads\/2025\/08\/MillaresBanda06-1024x664.jpg 1024w, https:\/\/tucomarca.whitekongsoftware.com\/wp-content\/uploads\/2025\/08\/MillaresBanda06-300x195.jpg 300w, https:\/\/tucomarca.whitekongsoftware.com\/wp-content\/uploads\/2025\/08\/MillaresBanda06-768x498.jpg 768w, https:\/\/tucomarca.whitekongsoftware.com\/wp-content\/uploads\/2025\/08\/MillaresBanda06.jpg 1181w\" sizes=\"auto, (max-width: 1024px) 100vw, 1024px\" \/><\/figure>\n\n\n\n<figure class=\"wp-block-image size-large\"><img loading=\"lazy\" decoding=\"async\" width=\"1024\" height=\"673\" data-id=\"275228\" src=\"https:\/\/www.tucomarca.com\/wordpress\/segunda\/wp-content\/uploads\/2025\/08\/MillaresBanda01-1024x673.jpg\" alt=\"\" class=\"wp-image-275228\" srcset=\"https:\/\/tucomarca.whitekongsoftware.com\/wp-content\/uploads\/2025\/08\/MillaresBanda01-1024x673.jpg 1024w, https:\/\/tucomarca.whitekongsoftware.com\/wp-content\/uploads\/2025\/08\/MillaresBanda01-300x197.jpg 300w, https:\/\/tucomarca.whitekongsoftware.com\/wp-content\/uploads\/2025\/08\/MillaresBanda01-768x505.jpg 768w, https:\/\/tucomarca.whitekongsoftware.com\/wp-content\/uploads\/2025\/08\/MillaresBanda01.jpg 1181w\" sizes=\"auto, (max-width: 1024px) 100vw, 1024px\" \/><\/figure>\n\n\n\n<figure class=\"wp-block-image size-large\"><img loading=\"lazy\" decoding=\"async\" width=\"1024\" height=\"767\" data-id=\"275232\" src=\"https:\/\/www.tucomarca.com\/wordpress\/segunda\/wp-content\/uploads\/2025\/08\/MillaresBanda02-1024x767.jpg\" alt=\"\" class=\"wp-image-275232\" srcset=\"https:\/\/tucomarca.whitekongsoftware.com\/wp-content\/uploads\/2025\/08\/MillaresBanda02-1024x767.jpg 1024w, https:\/\/tucomarca.whitekongsoftware.com\/wp-content\/uploads\/2025\/08\/MillaresBanda02-300x225.jpg 300w, https:\/\/tucomarca.whitekongsoftware.com\/wp-content\/uploads\/2025\/08\/MillaresBanda02-768x576.jpg 768w, https:\/\/tucomarca.whitekongsoftware.com\/wp-content\/uploads\/2025\/08\/MillaresBanda02-678x509.jpg 678w, https:\/\/tucomarca.whitekongsoftware.com\/wp-content\/uploads\/2025\/08\/MillaresBanda02-326x245.jpg 326w, https:\/\/tucomarca.whitekongsoftware.com\/wp-content\/uploads\/2025\/08\/MillaresBanda02-80x60.jpg 80w, https:\/\/tucomarca.whitekongsoftware.com\/wp-content\/uploads\/2025\/08\/MillaresBanda02.jpg 1181w\" sizes=\"auto, (max-width: 1024px) 100vw, 1024px\" \/><\/figure>\n\n\n\n<figure class=\"wp-block-image size-large\"><img loading=\"lazy\" decoding=\"async\" width=\"1024\" height=\"647\" data-id=\"275226\" src=\"https:\/\/www.tucomarca.com\/wordpress\/segunda\/wp-content\/uploads\/2025\/08\/MillaresBanda03-1024x647.jpg\" alt=\"\" class=\"wp-image-275226\" srcset=\"https:\/\/tucomarca.whitekongsoftware.com\/wp-content\/uploads\/2025\/08\/MillaresBanda03-1024x647.jpg 1024w, https:\/\/tucomarca.whitekongsoftware.com\/wp-content\/uploads\/2025\/08\/MillaresBanda03-300x190.jpg 300w, https:\/\/tucomarca.whitekongsoftware.com\/wp-content\/uploads\/2025\/08\/MillaresBanda03-768x485.jpg 768w, https:\/\/tucomarca.whitekongsoftware.com\/wp-content\/uploads\/2025\/08\/MillaresBanda03.jpg 1181w\" sizes=\"auto, (max-width: 1024px) 100vw, 1024px\" \/><\/figure>\n\n\n\n<figure class=\"wp-block-image size-large\"><img loading=\"lazy\" decoding=\"async\" width=\"1024\" height=\"590\" data-id=\"275237\" src=\"https:\/\/www.tucomarca.com\/wordpress\/segunda\/wp-content\/uploads\/2025\/08\/MillaresBanda07-1024x590.jpg\" alt=\"\" class=\"wp-image-275237\" srcset=\"https:\/\/tucomarca.whitekongsoftware.com\/wp-content\/uploads\/2025\/08\/MillaresBanda07-1024x590.jpg 1024w, https:\/\/tucomarca.whitekongsoftware.com\/wp-content\/uploads\/2025\/08\/MillaresBanda07-300x173.jpg 300w, https:\/\/tucomarca.whitekongsoftware.com\/wp-content\/uploads\/2025\/08\/MillaresBanda07-768x442.jpg 768w, https:\/\/tucomarca.whitekongsoftware.com\/wp-content\/uploads\/2025\/08\/MillaresBanda07.jpg 1181w\" sizes=\"auto, (max-width: 1024px) 100vw, 1024px\" \/><\/figure>\n\n\n\n<figure class=\"wp-block-image size-large\"><img loading=\"lazy\" decoding=\"async\" width=\"1024\" height=\"640\" data-id=\"275225\" src=\"https:\/\/www.tucomarca.com\/wordpress\/segunda\/wp-content\/uploads\/2025\/08\/MillaresBanda04-1024x640.jpg\" alt=\"\" class=\"wp-image-275225\" srcset=\"https:\/\/tucomarca.whitekongsoftware.com\/wp-content\/uploads\/2025\/08\/MillaresBanda04-1024x640.jpg 1024w, https:\/\/tucomarca.whitekongsoftware.com\/wp-content\/uploads\/2025\/08\/MillaresBanda04-300x187.jpg 300w, https:\/\/tucomarca.whitekongsoftware.com\/wp-content\/uploads\/2025\/08\/MillaresBanda04-768x480.jpg 768w, https:\/\/tucomarca.whitekongsoftware.com\/wp-content\/uploads\/2025\/08\/MillaresBanda04.jpg 1181w\" sizes=\"auto, (max-width: 1024px) 100vw, 1024px\" \/><\/figure>\n\n\n\n<figure class=\"wp-block-image size-large\"><img loading=\"lazy\" decoding=\"async\" width=\"1024\" height=\"714\" data-id=\"275230\" src=\"https:\/\/www.tucomarca.com\/wordpress\/segunda\/wp-content\/uploads\/2025\/08\/MillaresBanda08-1024x714.jpg\" alt=\"\" class=\"wp-image-275230\" srcset=\"https:\/\/tucomarca.whitekongsoftware.com\/wp-content\/uploads\/2025\/08\/MillaresBanda08-1024x714.jpg 1024w, https:\/\/tucomarca.whitekongsoftware.com\/wp-content\/uploads\/2025\/08\/MillaresBanda08-300x209.jpg 300w, https:\/\/tucomarca.whitekongsoftware.com\/wp-content\/uploads\/2025\/08\/MillaresBanda08-768x535.jpg 768w, https:\/\/tucomarca.whitekongsoftware.com\/wp-content\/uploads\/2025\/08\/MillaresBanda08.jpg 1181w\" sizes=\"auto, (max-width: 1024px) 100vw, 1024px\" \/><\/figure>\n\n\n\n<figure class=\"wp-block-image size-large\"><img loading=\"lazy\" decoding=\"async\" width=\"1024\" height=\"726\" data-id=\"275234\" src=\"https:\/\/www.tucomarca.com\/wordpress\/segunda\/wp-content\/uploads\/2025\/08\/MillaresBanda09-1024x726.jpg\" alt=\"\" class=\"wp-image-275234\" srcset=\"https:\/\/tucomarca.whitekongsoftware.com\/wp-content\/uploads\/2025\/08\/MillaresBanda09-1024x726.jpg 1024w, https:\/\/tucomarca.whitekongsoftware.com\/wp-content\/uploads\/2025\/08\/MillaresBanda09-300x213.jpg 300w, https:\/\/tucomarca.whitekongsoftware.com\/wp-content\/uploads\/2025\/08\/MillaresBanda09-768x544.jpg 768w, https:\/\/tucomarca.whitekongsoftware.com\/wp-content\/uploads\/2025\/08\/MillaresBanda09.jpg 1181w\" sizes=\"auto, (max-width: 1024px) 100vw, 1024px\" \/><\/figure>\n<\/figure>\n","protected":false},"excerpt":{"rendered":"<div class=\"mh-excerpt\">L\u2019inici d\u2019agost ha sigut especialment emotiu per a la Uni\u00f3 Musical Millarense (UMM). El passat 2 d\u2019agost, la banda va oferir un magn\u00edfic concert \u201cExcel\u00b7lent\u201d, del qual se senten profundament orgullosos, amb un repertori de <a class=\"mh-excerpt-more\" href=\"https:\/\/tucomarca.whitekongsoftware.com\/ca\/fotogaleria-la-unio-musical-millarense-alma-mater-de-les-festes-de-millares\/\" title=\"Fotogaler\u00eda: La Uni\u00f3 Musical Millarense, \u201calma mater\u201d de les festes de Millares\">[+] <\/a><\/div>\n","protected":false},"author":12,"featured_media":275243,"comment_status":"open","ping_status":"open","sticky":false,"template":"","format":"gallery","meta":{"footnotes":""},"categories":[11005,10963,10894,11004,10970,11007,11008,10896],"tags":[14071,11094,22829],"class_list":["post-275246","post","type-post","status-publish","format-gallery","has-post-thumbnail","category-canal-musica","category-la-canal-de-navarres-ca","category-la-comarca-ca","category-la-semana-en-imagenes-ca","category-millares-ca","category-ocio-y-cultura-ca","category-pueblos-en-fiestas-ca","category-seccion-ca","tag-fiestas-patronales-ca","tag-la-canal-de-navarres","tag-union-musical-millarense-ca","post_format-post-format-gallery"],"_links":{"self":[{"href":"https:\/\/tucomarca.whitekongsoftware.com\/ca\/wp-json\/wp\/v2\/posts\/275246","targetHints":{"allow":["GET"]}}],"collection":[{"href":"https:\/\/tucomarca.whitekongsoftware.com\/ca\/wp-json\/wp\/v2\/posts"}],"about":[{"href":"https:\/\/tucomarca.whitekongsoftware.com\/ca\/wp-json\/wp\/v2\/types\/post"}],"author":[{"embeddable":true,"href":"https:\/\/tucomarca.whitekongsoftware.com\/ca\/wp-json\/wp\/v2\/users\/12"}],"replies":[{"embeddable":true,"href":"https:\/\/tucomarca.whitekongsoftware.com\/ca\/wp-json\/wp\/v2\/comments?post=275246"}],"version-history":[{"count":0,"href":"https:\/\/tucomarca.whitekongsoftware.com\/ca\/wp-json\/wp\/v2\/posts\/275246\/revisions"}],"wp:featuredmedia":[{"embeddable":true,"href":"https:\/\/tucomarca.whitekongsoftware.com\/ca\/wp-json\/wp\/v2\/media\/275243"}],"wp:attachment":[{"href":"https:\/\/tucomarca.whitekongsoftware.com\/ca\/wp-json\/wp\/v2\/media?parent=275246"}],"wp:term":[{"taxonomy":"category","embeddable":true,"href":"https:\/\/tucomarca.whitekongsoftware.com\/ca\/wp-json\/wp\/v2\/categories?post=275246"},{"taxonomy":"post_tag","embeddable":true,"href":"https:\/\/tucomarca.whitekongsoftware.com\/ca\/wp-json\/wp\/v2\/tags?post=275246"}],"curies":[{"name":"wp","href":"https:\/\/api.w.org\/{rel}","templated":true}]}}