{"id":275054,"date":"2025-08-11T08:00:00","date_gmt":"2025-08-11T06:00:00","guid":{"rendered":"https:\/\/www.tucomarca.com\/wordpress\/segunda\/?p=275054"},"modified":"2025-08-11T14:04:09","modified_gmt":"2025-08-11T12:04:09","slug":"el-monoleg-a-la-meitat-de-tant-de-foc-inspirat-en-la-iliada-arriba-a-sagunt-a-escena","status":"publish","type":"post","link":"https:\/\/tucomarca.whitekongsoftware.com\/ca\/el-monoleg-a-la-meitat-de-tant-de-foc-inspirat-en-la-iliada-arriba-a-sagunt-a-escena\/","title":{"rendered":"El mon\u00f2leg &#8216;A la meitat de tant de foc&#8217; inspirat en La Il\u00edada arriba a Sagunt a Escena"},"content":{"rendered":"\n<h3 class=\"wp-block-heading\">El muntatge d&#8217;Alberto Conejero i Xavier Albert\u00ed\u00a0s&#8217;acosta a la figura de P\u00e0trocle, company d&#8217;Aquil\u00b7les, encarnat per Rub\u00e9n de Egu\u00eda.<\/h3>\n\n\n\n<h3 class=\"wp-block-heading\">\u2018B.O.B.A.S\u2019 de Jimena Cavalleti porta la seua absurda banda de m\u00fasica als jardins del Triangle Llindar.<\/h3>\n\n\n\n<p class=\"wp-block-paragraph\">El festival Sagunt a Escena, organitzat per la Conselleria d&#8217;Educaci\u00f3, Cultura, Universitats i Ocupaci\u00f3 a trav\u00e9s del Institut Valenci\u00e0 de Cultura (IVC), s&#8217;acosta dem\u00e0 dia 12 a P\u00e0trocle, un dels personatges secundaris m\u00e9s destacats de \u2018La Il\u00edada\u2019 d&#8217;Homer.<\/p>\n\n\n\n<p class=\"wp-block-paragraph\">Company d&#8217;armes i \u00edntim amic d&#8217;Aquil\u00b7les, la figura d&#8217;aquest guerrer ha sigut rescatada pel dramaturg Alberto Conejero per a, a trav\u00e9s d&#8217;ell, parlar en primera persona de temes universals com el poder, les passions o la viol\u00e8ncia.<\/p>\n\n\n\n<p class=\"wp-block-paragraph\">Conejero comparteix amb el p\u00fablic la bellesa, el misteri i la foscor d&#8217;un poema \u00e8pic a trav\u00e9s del qual dialoga amb la condici\u00f3 humana i enlla\u00e7a \u00e8poques diverses en el seu personal acostament a un personatge passional i poli\u00e8dric.<\/p>\n\n\n\n<p class=\"wp-block-paragraph\">Dirigida per Xavier Albert\u00ed, en l&#8217;obra es combinen veus del passat i del present. El text, la posada en escena i la interpretaci\u00f3 de l&#8217;actor catal\u00e0 han collit les millors cr\u00edtiques des de la seua estrena a la Sala Becket de Barcelona. El Grec festival de Barcelona \u00e9s coproductor de la pe\u00e7a.<\/p>\n\n\n\n<p class=\"wp-block-paragraph\">A Sagunt, p\u00fablic i actor compartiran l&#8217;escenari del Teatre Rom\u00e0 ja que el muntatge, de car\u00e0cter \u00edntim, situa a l&#8217;audi\u00e8ncia en el mateix espai on se situa l&#8217;acci\u00f3.<\/p>\n\n\n\n<p class=\"wp-block-paragraph\"><strong>Un trio d&#8217;\u00e0nimes c\u00e0ndides en clau de sol<\/strong><\/p>\n\n\n\n<p class=\"wp-block-paragraph\">La Banda Orquestral Ben\u00e8fica d&#8217;Actes Sepulcrals, B.O.B.A.S, es dedica a acompanyar musicalment enterraments. Els seus tres integrants no sols toquen instruments, tamb\u00e9 acompanyen i marquen el ritme de la cerim\u00f2nia.<\/p>\n\n\n\n<p class=\"wp-block-paragraph\">Amb idea i interpretaci\u00f3 de Lisa Madsen, Laia Sales i Jimena Cavalletti, aquesta proposta de teatre gestual i m\u00fasica arriba als jardins del Triangle Llindar, en Port de Sagunt, el dijous 14 a les 20.00 hores.<\/p>\n\n\n\n<p class=\"wp-block-paragraph\">Aquesta com\u00e8dia musical en clau de circ va ser reconeguda amb el Premi al Millor Espectacle de Carrer en ESTUPEND 2024 i amb el de Millor Espectacle en el festival Umore Azoka de Leioa pel seu &#8220;extraordinari treball de clown, amb el qual aconsegueixen una obra irreverent, atrevida i provocadora, generant una gran implicaci\u00f3 i complicitat amb el p\u00fablic&#8221;.<\/p>\n\n\n\n<p class=\"wp-block-paragraph\">Tres m\u00fasiques es preparen per a un enterrament, per\u00f2 ni el capell\u00e0 ni el mort apareixen. Durant l&#8217;espera, la cerim\u00f2nia es converteix en un divertit caos, amb situacions absurdes i desastroses, sempre acompanyades de ritme, caixa, bombo i platet a c\u00e0rrec de la valenciana Cia.. Jimena Cavalleti.<\/p>\n\n\n\n<p class=\"wp-block-paragraph\">Sagunt a Escena, organitzat pel Institut Valenci\u00e0 de Cultura amb la col\u00b7laboraci\u00f3 de l&#8217;Ajuntament de Sagunt i l&#8217;\u00e0rea de teatres de la Diputaci\u00f3 de Val\u00e8ncia, continua amb la seua 42 edici\u00f3 fins al 23 d&#8217;agost.<\/p>\n","protected":false},"excerpt":{"rendered":"<div class=\"mh-excerpt\">El muntatge d&#8217;Alberto Conejero i Xavier Albert\u00ed\u00a0s&#8217;acosta a la figura de P\u00e0trocle, company d&#8217;Aquil\u00b7les, encarnat per Rub\u00e9n de Egu\u00eda. \u2018B.O.B.A.S\u2019 de Jimena Cavalleti porta la seua absurda banda de m\u00fasica als jardins del Triangle Llindar. <a class=\"mh-excerpt-more\" href=\"https:\/\/tucomarca.whitekongsoftware.com\/ca\/el-monoleg-a-la-meitat-de-tant-de-foc-inspirat-en-la-iliada-arriba-a-sagunt-a-escena\/\" title=\"El mon\u00f2leg &#8216;A la meitat de tant de foc&#8217; inspirat en La Il\u00edada arriba a Sagunt a Escena\">[+] <\/a><\/div>\n","protected":false},"author":13,"featured_media":275052,"comment_status":"open","ping_status":"open","sticky":false,"template":"","format":"standard","meta":{"footnotes":""},"categories":[11019,10904,11007,10896],"tags":[13274,17761,11199,15856,21067],"class_list":["post-275054","post","type-post","status-publish","format-standard","has-post-thumbnail","category-agenda-ca","category-sin-categorizar-ca","category-ocio-y-cultura-ca","category-seccion-ca","tag-institut-valencia-de-cultura-ca","tag-ivc-ca","tag-la-comunitat-ca","tag-ocio-y-cultura-ca","tag-sagunt-a-escena-ca"],"_links":{"self":[{"href":"https:\/\/tucomarca.whitekongsoftware.com\/ca\/wp-json\/wp\/v2\/posts\/275054","targetHints":{"allow":["GET"]}}],"collection":[{"href":"https:\/\/tucomarca.whitekongsoftware.com\/ca\/wp-json\/wp\/v2\/posts"}],"about":[{"href":"https:\/\/tucomarca.whitekongsoftware.com\/ca\/wp-json\/wp\/v2\/types\/post"}],"author":[{"embeddable":true,"href":"https:\/\/tucomarca.whitekongsoftware.com\/ca\/wp-json\/wp\/v2\/users\/13"}],"replies":[{"embeddable":true,"href":"https:\/\/tucomarca.whitekongsoftware.com\/ca\/wp-json\/wp\/v2\/comments?post=275054"}],"version-history":[{"count":0,"href":"https:\/\/tucomarca.whitekongsoftware.com\/ca\/wp-json\/wp\/v2\/posts\/275054\/revisions"}],"wp:featuredmedia":[{"embeddable":true,"href":"https:\/\/tucomarca.whitekongsoftware.com\/ca\/wp-json\/wp\/v2\/media\/275052"}],"wp:attachment":[{"href":"https:\/\/tucomarca.whitekongsoftware.com\/ca\/wp-json\/wp\/v2\/media?parent=275054"}],"wp:term":[{"taxonomy":"category","embeddable":true,"href":"https:\/\/tucomarca.whitekongsoftware.com\/ca\/wp-json\/wp\/v2\/categories?post=275054"},{"taxonomy":"post_tag","embeddable":true,"href":"https:\/\/tucomarca.whitekongsoftware.com\/ca\/wp-json\/wp\/v2\/tags?post=275054"}],"curies":[{"name":"wp","href":"https:\/\/api.w.org\/{rel}","templated":true}]}}