{"id":275048,"date":"2025-08-11T08:15:00","date_gmt":"2025-08-11T06:15:00","guid":{"rendered":"https:\/\/www.tucomarca.com\/wordpress\/segunda\/?p=275048"},"modified":"2025-08-11T18:43:56","modified_gmt":"2025-08-11T16:43:56","slug":"observacio-solar-en-el-centre-de-valencia","status":"publish","type":"post","link":"https:\/\/tucomarca.whitekongsoftware.com\/ca\/observacio-solar-en-el-centre-de-valencia\/","title":{"rendered":"Observaci\u00f3 solar en el centre de Val\u00e8ncia"},"content":{"rendered":"\n<p class=\"wp-block-paragraph\">M\u00e9s de 200 persones participaran dem\u00e0 en l\u2019observaci\u00f3 solar tutelada per la <strong>Asociaci\u00f3n Valenciana de Astronom\u00eda<\/strong> i el <strong>Centro Big History de Aras de los Olmos<\/strong><\/p>\n\n\n\n<p class=\"wp-block-paragraph\">Aquesta activitat, realitzada com a pre\u00e0mbul a l\u2019eclipsi solar que es produir\u00e0 al nostre pa\u00eds el pr\u00f2xim 12 d\u2019agost de 2026, est\u00e0 organitzada per la Diputaci\u00f3 de Val\u00e8ncia i el Centro de Innovaci\u00f3n Territorial RuralTEC.<\/p>\n\n\n\n<p class=\"wp-block-paragraph\">La jornada tindr\u00e0 lloc al&nbsp;<strong>Museu Valenci\u00e0 de la Il\u00b7lustraci\u00f3 i de la Modernitat (MuVIM)<\/strong>&nbsp;a partir de les 11.00 h, i es concep com una acci\u00f3 promocional per a presentar el treball conjunt que s\u2019est\u00e0 duent a terme amb la col\u00b7laboraci\u00f3 de diverses administracions i entitats. L\u2019objectiu \u00e9s promocionar els cels del Rinc\u00f3n de Ademuz, Alto Turia i Tierra Bobal (Utiel-Requena) com a recurs tur\u00edstic de primer nivell.<\/p>\n\n\n\n<p class=\"wp-block-paragraph\">Aquest model pret\u00e9n posar en valor un recurs natural i cient\u00edfic \u00fanic, fins ara poc aprofitat, i generar noves oportunitats econ\u00f2miques, socials i mediambientals per a les comarques implicades.<\/p>\n\n\n\n<p class=\"wp-block-paragraph\"><strong>Participen:<\/strong><br>L\u2019acci\u00f3 est\u00e0 coordinada per la Diputaci\u00f3 de Val\u00e8ncia i el Centro de Innovaci\u00f3n Territorial RuralTEC, en col\u00b7laboraci\u00f3 amb el MuVIM, el Centro Big History de Aras de los Olmos, la Asociaci\u00f3n Valenciana de Astronom\u00eda, Creu Roja, la Mancomunitat Interior Tierra del Vino i el dest\u00ed tur\u00edstic Tierra Bobal.<\/p>\n\n\n\n<p class=\"wp-block-paragraph\"><strong>Data:<\/strong>\u00a0Dimarts 12 d\u2019agost de 2025<br><strong>Hora:<\/strong>\u00a011.00 h<br><strong>Lloc:<\/strong>\u00a0MuVIM \u2013 Museu Valenci\u00e0 de la Il\u00b7lustraci\u00f3 i de la Modernitat, C\/ de Quevedo, 10, Ciutat Vella, 46001 Val\u00e8ncia<\/p>\n","protected":false},"excerpt":{"rendered":"<div class=\"mh-excerpt\">M\u00e9s de 200 persones participaran dem\u00e0 en l\u2019observaci\u00f3 solar tutelada per la Asociaci\u00f3n Valenciana de Astronom\u00eda i el Centro Big History de Aras de los Olmos Aquesta activitat, realitzada com a pre\u00e0mbul a l\u2019eclipsi solar <a class=\"mh-excerpt-more\" href=\"https:\/\/tucomarca.whitekongsoftware.com\/ca\/observacio-solar-en-el-centre-de-valencia\/\" title=\"Observaci\u00f3 solar en el centre de Val\u00e8ncia\">[+] <\/a><\/div>\n","protected":false},"author":13,"featured_media":275046,"comment_status":"open","ping_status":"open","sticky":false,"template":"","format":"standard","meta":{"footnotes":""},"categories":[11019,11042,11046,10894,10903,11007,10896],"tags":[11201,11080,12166,22900,15856],"class_list":["post-275048","post","type-post","status-publish","format-standard","has-post-thumbnail","category-agenda-ca","category-aras-de-olmos-ca","category-los-serranos-ca","category-la-comarca-ca","category-medio-ambiente-la-comarca-ca","category-ocio-y-cultura-ca","category-seccion-ca","tag-aras-de-olmos-ca","tag-los-serranos-ca","tag-medio-ambiente-ca","tag-observacion-astronomica-ca","tag-ocio-y-cultura-ca"],"_links":{"self":[{"href":"https:\/\/tucomarca.whitekongsoftware.com\/ca\/wp-json\/wp\/v2\/posts\/275048","targetHints":{"allow":["GET"]}}],"collection":[{"href":"https:\/\/tucomarca.whitekongsoftware.com\/ca\/wp-json\/wp\/v2\/posts"}],"about":[{"href":"https:\/\/tucomarca.whitekongsoftware.com\/ca\/wp-json\/wp\/v2\/types\/post"}],"author":[{"embeddable":true,"href":"https:\/\/tucomarca.whitekongsoftware.com\/ca\/wp-json\/wp\/v2\/users\/13"}],"replies":[{"embeddable":true,"href":"https:\/\/tucomarca.whitekongsoftware.com\/ca\/wp-json\/wp\/v2\/comments?post=275048"}],"version-history":[{"count":0,"href":"https:\/\/tucomarca.whitekongsoftware.com\/ca\/wp-json\/wp\/v2\/posts\/275048\/revisions"}],"wp:featuredmedia":[{"embeddable":true,"href":"https:\/\/tucomarca.whitekongsoftware.com\/ca\/wp-json\/wp\/v2\/media\/275046"}],"wp:attachment":[{"href":"https:\/\/tucomarca.whitekongsoftware.com\/ca\/wp-json\/wp\/v2\/media?parent=275048"}],"wp:term":[{"taxonomy":"category","embeddable":true,"href":"https:\/\/tucomarca.whitekongsoftware.com\/ca\/wp-json\/wp\/v2\/categories?post=275048"},{"taxonomy":"post_tag","embeddable":true,"href":"https:\/\/tucomarca.whitekongsoftware.com\/ca\/wp-json\/wp\/v2\/tags?post=275048"}],"curies":[{"name":"wp","href":"https:\/\/api.w.org\/{rel}","templated":true}]}}