{"id":275042,"date":"2025-08-12T09:00:00","date_gmt":"2025-08-12T07:00:00","guid":{"rendered":"https:\/\/www.tucomarca.com\/wordpress\/segunda\/?p=275042"},"modified":"2025-08-12T09:33:51","modified_gmt":"2025-08-12T07:33:51","slug":"observacio-astronomica-en-lantic-barri-obrer-de-bunyol-el-proxim-15-dagost","status":"publish","type":"post","link":"https:\/\/tucomarca.whitekongsoftware.com\/ca\/observacio-astronomica-en-lantic-barri-obrer-de-bunyol-el-proxim-15-dagost\/","title":{"rendered":"Observaci\u00f3 astron\u00f2mica en l&#8217;antic barri obrer de Bunyol el pr\u00f2xim 15 d&#8217;agost"},"content":{"rendered":"<div class=\"wp-block-image\">\n<figure class=\"alignleft size-full\"><img loading=\"lazy\" decoding=\"async\" width=\"286\" height=\"400\" src=\"http:\/\/www.tucomarca.com\/wordpress\/segunda\/wp-content\/uploads\/2025\/08\/ObsevacionBunol.png\" alt=\"\" class=\"wp-image-275039\" srcset=\"https:\/\/tucomarca.whitekongsoftware.com\/wp-content\/uploads\/2025\/08\/ObsevacionBunol.png 286w, https:\/\/tucomarca.whitekongsoftware.com\/wp-content\/uploads\/2025\/08\/ObsevacionBunol-215x300.png 215w\" sizes=\"auto, (max-width: 286px) 100vw, 286px\" \/><\/figure>\n<\/div>\n\n\n<p class=\"wp-block-paragraph\">El pr\u00f2xim&nbsp;<strong>divendres 15 d\u2019agost<\/strong>, ve\u00efns i aficionats a l\u2019astronomia tenen una cita especial amb el cel nocturn. La tradicional observaci\u00f3 astron\u00f2mica que se celebra cada estiu canvia enguany d\u2019ubicaci\u00f3: en lloc de l\u2019entorn del castell \u2014on la contaminaci\u00f3 lum\u00ednica dificulta la visi\u00f3\u2014, l\u2019activitat es traslladar\u00e0 a l\u2019<strong>antic barri obrer<\/strong>, un empla\u00e7ament m\u00e9s fosc i propici per gaudir del firmament.<\/p>\n\n\n\n<p class=\"wp-block-paragraph\">At\u00e9s que el lloc no \u00e9s \u00e0mpliament conegut, l\u2019organitzaci\u00f3 ha establit un&nbsp;<strong>punt de trobada a la pla\u00e7a de les Ventes a les 21:30 hores<\/strong>, des d\u2019on es caminar\u00e0 uns cinc minuts fins al descampat. Es recomana portar&nbsp;<strong>cal\u00e7at c\u00f2mode<\/strong>.<\/p>\n\n\n\n<p class=\"wp-block-paragraph\">Durant la vetlada es podr\u00e0&nbsp;<strong>observar el cel amb prism\u00e0tics<\/strong>&nbsp;(qui en porte),&nbsp;<strong>dos telescopis disponibles per al p\u00fablic<\/strong>&nbsp;i&nbsp;<strong>c\u00e0meres fotogr\u00e0fiques<\/strong>, incloent tel\u00e8fons m\u00f2bils amb capacitat d\u2019<strong>astrofotografia<\/strong>&nbsp;\u2014sempre amb l\u2019\u00fas de tr\u00edpode\u2014.<\/p>\n\n\n\n<p class=\"wp-block-paragraph\">La descripci\u00f3 detallada de l\u2019activitat i el formulari d\u2019assist\u00e8ncia estan disponibles en l\u2019enlla\u00e7 seg\u00fcent:&nbsp;<a class=\"\" href=\"https:\/\/ropalna801139470.wordpress.com\/2025\/08\/07\/observacion-astronomica-nocturna\/\">Observaci\u00f3 astron\u00f2mica nocturna<\/a>.<\/p>\n\n\n\n<p class=\"wp-block-paragraph\">A m\u00e9s, com a aperitiu astron\u00f2mic, els dies&nbsp;<strong>11, 12 i 13 d\u2019agost<\/strong>&nbsp;es podr\u00e0 contemplar la&nbsp;<strong>conjunci\u00f3 dels planetes Venus i J\u00fapiter<\/strong>&nbsp;cap a les 6:00 del mat\u00ed. M\u00e9s informaci\u00f3 i imatges en:&nbsp;<a class=\"\" href=\"https:\/\/ropalna801139470.wordpress.com\/2025\/08\/11\/conjuncion-de-venus-y-jupiter\/\">Conjunci\u00f3 de Venus i J\u00fapiter<\/a>.<\/p>\n","protected":false},"excerpt":{"rendered":"<div class=\"mh-excerpt\">El pr\u00f2xim&nbsp;divendres 15 d\u2019agost, ve\u00efns i aficionats a l\u2019astronomia tenen una cita especial amb el cel nocturn. La tradicional observaci\u00f3 astron\u00f2mica que se celebra cada estiu canvia enguany d\u2019ubicaci\u00f3: en lloc de l\u2019entorn del castell <a class=\"mh-excerpt-more\" href=\"https:\/\/tucomarca.whitekongsoftware.com\/ca\/observacio-astronomica-en-lantic-barri-obrer-de-bunyol-el-proxim-15-dagost\/\" title=\"Observaci\u00f3 astron\u00f2mica en l&#8217;antic barri obrer de Bunyol el pr\u00f2xim 15 d&#8217;agost\">[+] <\/a><\/div>\n","protected":false},"author":13,"featured_media":275040,"comment_status":"open","ping_status":"open","sticky":false,"template":"","format":"standard","meta":{"footnotes":""},"categories":[11019,10911,10894,10912,10903,10896],"tags":[10913,10914,12166,22900,15856],"class_list":["post-275042","post","type-post","status-publish","format-standard","has-post-thumbnail","category-agenda-ca","category-bunol-ca","category-la-comarca-ca","category-la-hoya-ca","category-medio-ambiente-la-comarca-ca","category-seccion-ca","tag-bunol-ca","tag-la-hoya-de-bunol-chiva-ca","tag-medio-ambiente-ca","tag-observacion-astronomica-ca","tag-ocio-y-cultura-ca"],"_links":{"self":[{"href":"https:\/\/tucomarca.whitekongsoftware.com\/ca\/wp-json\/wp\/v2\/posts\/275042","targetHints":{"allow":["GET"]}}],"collection":[{"href":"https:\/\/tucomarca.whitekongsoftware.com\/ca\/wp-json\/wp\/v2\/posts"}],"about":[{"href":"https:\/\/tucomarca.whitekongsoftware.com\/ca\/wp-json\/wp\/v2\/types\/post"}],"author":[{"embeddable":true,"href":"https:\/\/tucomarca.whitekongsoftware.com\/ca\/wp-json\/wp\/v2\/users\/13"}],"replies":[{"embeddable":true,"href":"https:\/\/tucomarca.whitekongsoftware.com\/ca\/wp-json\/wp\/v2\/comments?post=275042"}],"version-history":[{"count":0,"href":"https:\/\/tucomarca.whitekongsoftware.com\/ca\/wp-json\/wp\/v2\/posts\/275042\/revisions"}],"wp:featuredmedia":[{"embeddable":true,"href":"https:\/\/tucomarca.whitekongsoftware.com\/ca\/wp-json\/wp\/v2\/media\/275040"}],"wp:attachment":[{"href":"https:\/\/tucomarca.whitekongsoftware.com\/ca\/wp-json\/wp\/v2\/media?parent=275042"}],"wp:term":[{"taxonomy":"category","embeddable":true,"href":"https:\/\/tucomarca.whitekongsoftware.com\/ca\/wp-json\/wp\/v2\/categories?post=275042"},{"taxonomy":"post_tag","embeddable":true,"href":"https:\/\/tucomarca.whitekongsoftware.com\/ca\/wp-json\/wp\/v2\/tags?post=275042"}],"curies":[{"name":"wp","href":"https:\/\/api.w.org\/{rel}","templated":true}]}}