{"id":274986,"date":"2025-08-10T12:00:00","date_gmt":"2025-08-10T10:00:00","guid":{"rendered":"https:\/\/www.tucomarca.com\/wordpress\/segunda\/?p=274986"},"modified":"2025-08-10T21:29:27","modified_gmt":"2025-08-10T19:29:27","slug":"emergencies-estableix-per-a-aquest-dilluns-nivell-groc-a-linterior-per-altes-temperatures-i-tempestes-i-nivell-extrem-per-risc-dincendi","status":"publish","type":"post","link":"https:\/\/tucomarca.whitekongsoftware.com\/ca\/emergencies-estableix-per-a-aquest-dilluns-nivell-groc-a-linterior-per-altes-temperatures-i-tempestes-i-nivell-extrem-per-risc-dincendi\/","title":{"rendered":"Emerg\u00e8ncies estableix per a aquest dilluns nivell groc a l&#8217;interior per altes temperatures i tempestes; i nivell extrem per risc d&#8217;incendi"},"content":{"rendered":"\n<figure class=\"wp-block-image size-large\"><img loading=\"lazy\" decoding=\"async\" width=\"1024\" height=\"545\" src=\"http:\/\/www.tucomarca.com\/wordpress\/segunda\/wp-content\/uploads\/2025\/08\/AemetLunes-1024x545.jpeg\" alt=\"\" class=\"wp-image-274978\" srcset=\"https:\/\/tucomarca.whitekongsoftware.com\/wp-content\/uploads\/2025\/08\/AemetLunes-1024x545.jpeg 1024w, https:\/\/tucomarca.whitekongsoftware.com\/wp-content\/uploads\/2025\/08\/AemetLunes-300x160.jpeg 300w, https:\/\/tucomarca.whitekongsoftware.com\/wp-content\/uploads\/2025\/08\/AemetLunes-768x409.jpeg 768w, https:\/\/tucomarca.whitekongsoftware.com\/wp-content\/uploads\/2025\/08\/AemetLunes.jpeg 1259w\" sizes=\"auto, (max-width: 1024px) 100vw, 1024px\" \/><\/figure>\n\n\n\n<p class=\"wp-block-paragraph\">El Centre de Coordinaci\u00f3 d&#8217;Emerg\u00e8ncies de la Generalitat ha establit alerta taronja per altes temperatures a l&#8217;interior sud i litoral de Val\u00e8ncia; aix\u00ed com nivell groc a l&#8217;interior nord de Val\u00e8ncia, el sud de Castell\u00f3 i tota la prov\u00edncia d&#8217;Alacant.<\/p>\n\n\n\n<p class=\"wp-block-paragraph\">Emerg\u00e8ncies tamb\u00e9 ha decretat av\u00eds groc per pluges i tempestes des de les 14,00 fins a les 20,59 hores a l&#8217;interior nord de Val\u00e8ncia i interior sud de Castell\u00f3; unes tempestes que poden deixar ratxes molt fortes de vent i localment amb poca o nul\u00b7la precipitaci\u00f3.<\/p>\n\n\n\n<p class=\"wp-block-paragraph\">I \u00e9s que les previsions per als pr\u00f2xims dies de l&#8217;Ag\u00e8ncia Valenciana de Meteorologia, Aemet, apunten al fet que les altes temperatures aix\u00ed com les tempestes seran la t\u00f2nica en quasi tota la Comunitat Valenciana. De fet, Aemet ha activat per a aquest dilluns l&#8217;av\u00eds taronja a la prov\u00edncia de Val\u00e8ncia entre les 13,00 i les 21,00 hores i groc a Castell\u00f3 i Alacant.<\/p>\n\n\n\n<p class=\"wp-block-paragraph\">A aquestes altes temperatures se sumaran tamb\u00e9 aquest dilluns les tempestes; de fet Aemet ha activat a m\u00e9s l&#8217;av\u00eds groc davant la previsi\u00f3 de ruixats tempestuosos a l&#8217;interior de Val\u00e8ncia aix\u00ed com de Castell\u00f3.<\/p>\n\n\n\n<p class=\"wp-block-paragraph\">Segons preveu Aemet, els cels de la Comunitat Valenciana comen\u00e7aran el dia aquest dilluns poc nuvolosos o buidats, amb nuvolositat d&#8217;evoluci\u00f3 di\u00fcrna a l&#8217;interior a la vesprada i ruixats acompanyats de tempesta a l&#8217;interior de Val\u00e8ncia i Castell\u00f3 i Val\u00e8ncia.<\/p>\n\n\n\n<p class=\"wp-block-paragraph\"><strong>Nivell de preemerg\u00e8ncia extrem per risc d&#8217;incendi<\/strong><\/p>\n\n\n\n<p class=\"wp-block-paragraph\">A m\u00e9s, el Centre de Coordinaci\u00f3 d&#8217;Emerg\u00e8ncies de la Generalitat ha establit el nivell extrem de preemerg\u00e8ncia per risc d&#8217;incendis forestals per a aquest dilluns en tota la Comunitat Valenciana; i recorden que en zona forestal est\u00e0 prohibit realitzar qualsevol tipus de foc, incloent-hi barbacoes; tampoc cremes prescrites; aix\u00ed com fer treballs amb eines mec\u00e0niques.<\/p>\n\n\n\n<p class=\"wp-block-paragraph\"><\/p>\n\n\n\n<figure class=\"wp-block-image size-full is-resized\"><img loading=\"lazy\" decoding=\"async\" width=\"828\" height=\"676\" src=\"http:\/\/www.tucomarca.com\/wordpress\/segunda\/wp-content\/uploads\/2025\/08\/RiesgoIncedniodsLunes.jpeg\" alt=\"\" class=\"wp-image-274981\" style=\"width:840px;height:auto\" srcset=\"https:\/\/tucomarca.whitekongsoftware.com\/wp-content\/uploads\/2025\/08\/RiesgoIncedniodsLunes.jpeg 828w, https:\/\/tucomarca.whitekongsoftware.com\/wp-content\/uploads\/2025\/08\/RiesgoIncedniodsLunes-300x245.jpeg 300w, https:\/\/tucomarca.whitekongsoftware.com\/wp-content\/uploads\/2025\/08\/RiesgoIncedniodsLunes-768x627.jpeg 768w\" sizes=\"auto, (max-width: 828px) 100vw, 828px\" \/><\/figure>\n","protected":false},"excerpt":{"rendered":"<div class=\"mh-excerpt\">El Centre de Coordinaci\u00f3 d&#8217;Emerg\u00e8ncies de la Generalitat ha establit alerta taronja per altes temperatures a l&#8217;interior sud i litoral de Val\u00e8ncia; aix\u00ed com nivell groc a l&#8217;interior nord de Val\u00e8ncia, el sud de Castell\u00f3 <a class=\"mh-excerpt-more\" href=\"https:\/\/tucomarca.whitekongsoftware.com\/ca\/emergencies-estableix-per-a-aquest-dilluns-nivell-groc-a-linterior-per-altes-temperatures-i-tempestes-i-nivell-extrem-per-risc-dincendi\/\" title=\"Emerg\u00e8ncies estableix per a aquest dilluns nivell groc a l&#8217;interior per altes temperatures i tempestes; i nivell extrem per risc d&#8217;incendi\">[+] <\/a><\/div>\n","protected":false},"author":1,"featured_media":274979,"comment_status":"open","ping_status":"open","sticky":false,"template":"","format":"standard","meta":{"footnotes":""},"categories":[10898,10948,10894,10904,10903,10896,10897],"tags":[13456,22896,11199,11749,22897],"class_list":["post-274986","post","type-post","status-publish","format-standard","has-post-thumbnail","category-ventana-ca","category-infraestructuras-ca","category-la-comarca-ca","category-sin-categorizar-ca","category-medio-ambiente-la-comarca-ca","category-seccion-ca","category-sucesos-la-comarca-ca","tag-aemet-ca","tag-calor-ca","tag-la-comunitat-ca","tag-temperaturas-ca","tag-tiempo-ca"],"_links":{"self":[{"href":"https:\/\/tucomarca.whitekongsoftware.com\/ca\/wp-json\/wp\/v2\/posts\/274986","targetHints":{"allow":["GET"]}}],"collection":[{"href":"https:\/\/tucomarca.whitekongsoftware.com\/ca\/wp-json\/wp\/v2\/posts"}],"about":[{"href":"https:\/\/tucomarca.whitekongsoftware.com\/ca\/wp-json\/wp\/v2\/types\/post"}],"author":[{"embeddable":true,"href":"https:\/\/tucomarca.whitekongsoftware.com\/ca\/wp-json\/wp\/v2\/users\/1"}],"replies":[{"embeddable":true,"href":"https:\/\/tucomarca.whitekongsoftware.com\/ca\/wp-json\/wp\/v2\/comments?post=274986"}],"version-history":[{"count":0,"href":"https:\/\/tucomarca.whitekongsoftware.com\/ca\/wp-json\/wp\/v2\/posts\/274986\/revisions"}],"wp:featuredmedia":[{"embeddable":true,"href":"https:\/\/tucomarca.whitekongsoftware.com\/ca\/wp-json\/wp\/v2\/media\/274979"}],"wp:attachment":[{"href":"https:\/\/tucomarca.whitekongsoftware.com\/ca\/wp-json\/wp\/v2\/media?parent=274986"}],"wp:term":[{"taxonomy":"category","embeddable":true,"href":"https:\/\/tucomarca.whitekongsoftware.com\/ca\/wp-json\/wp\/v2\/categories?post=274986"},{"taxonomy":"post_tag","embeddable":true,"href":"https:\/\/tucomarca.whitekongsoftware.com\/ca\/wp-json\/wp\/v2\/tags?post=274986"}],"curies":[{"name":"wp","href":"https:\/\/api.w.org\/{rel}","templated":true}]}}