{"id":274983,"date":"2025-08-11T08:13:00","date_gmt":"2025-08-11T06:13:00","guid":{"rendered":"https:\/\/www.tucomarca.com\/wordpress\/segunda\/?p=274983"},"modified":"2025-08-11T19:08:54","modified_gmt":"2025-08-11T17:08:54","slug":"enrique-ponce-es-nomenat-primer-ambaixador-del-torico-de-la-corda-de-xiva","status":"publish","type":"post","link":"https:\/\/tucomarca.whitekongsoftware.com\/ca\/enrique-ponce-es-nomenat-primer-ambaixador-del-torico-de-la-corda-de-xiva\/","title":{"rendered":"Enrique Ponce \u00e9s nomenat primer ambaixador del Torico de la Corda de Xiva"},"content":{"rendered":"\n<p class=\"wp-block-paragraph\">Divendres passat a la vesprada, Enrique Ponce va ser nomenat primer ambaixador del Torico de la Corda en un acte carregat de simbolisme. El reconeixement va tindre lloc als peus de l&#8217;escultura recentment vandalitzada i en la pla\u00e7a que porta el seu nom, la Pla\u00e7a del Fill Predilecte de la Vila de Xiva, un lloc que li va fer tornar a la seua infantesa, als carrers i viv\u00e8ncies del seu poble abans de convertir-se en torero.<\/p>\n\n\n\n<p class=\"wp-block-paragraph\">Ponce va recordar amb afecte aquells anys en qu\u00e8 torejava de sal\u00f3 en la barberia del carrer Bunyol i a l&#8217;esgl\u00e9sia on era escol\u00e0.<\/p>\n\n\n\n<p class=\"wp-block-paragraph\">L&#8217;acte va concloure amb la seua designaci\u00f3 oficial com a primer ambaixador de les festes del Torico de la Corda de Xiva, t\u00edtol que el destre va agrair animant als seus ve\u00efns amb un missatge de superaci\u00f3:<\/p>\n\n\n\n<p class=\"wp-block-paragraph\">\u201cCal tractar de gaudir despr\u00e9s del sofriment que va portar la DANA a Xiva. Sempre cal al\u00e7ar-se\u201d.<\/p>\n\n\n\n<p class=\"wp-block-paragraph\">Aquest nomenament suposa un homenatge a la seua traject\u00f2ria i un gest d&#8217;uni\u00f3 entorn d&#8217;una de les tradicions m\u00e9s estimades de Xiva.<\/p>\n","protected":false},"excerpt":{"rendered":"<div class=\"mh-excerpt\">Divendres passat a la vesprada, Enrique Ponce va ser nomenat primer ambaixador del Torico de la Corda en un acte carregat de simbolisme. El reconeixement va tindre lloc als peus de l&#8217;escultura recentment vandalitzada i <a class=\"mh-excerpt-more\" href=\"https:\/\/tucomarca.whitekongsoftware.com\/ca\/enrique-ponce-es-nomenat-primer-ambaixador-del-torico-de-la-corda-de-xiva\/\" title=\"Enrique Ponce \u00e9s nomenat primer ambaixador del Torico de la Corda de Xiva\">[+] <\/a><\/div>\n","protected":false},"author":12,"featured_media":136471,"comment_status":"open","ping_status":"open","sticky":false,"template":"","format":"standard","meta":{"footnotes":""},"categories":[10894,10912,11007,10896,10975],"tags":[11195,10914],"class_list":["post-274983","post","type-post","status-publish","format-standard","has-post-thumbnail","category-la-comarca-ca","category-la-hoya-ca","category-ocio-y-cultura-ca","category-seccion-ca","category-chiva-ca","tag-chiva-ca","tag-la-hoya-de-bunol-chiva-ca"],"_links":{"self":[{"href":"https:\/\/tucomarca.whitekongsoftware.com\/ca\/wp-json\/wp\/v2\/posts\/274983","targetHints":{"allow":["GET"]}}],"collection":[{"href":"https:\/\/tucomarca.whitekongsoftware.com\/ca\/wp-json\/wp\/v2\/posts"}],"about":[{"href":"https:\/\/tucomarca.whitekongsoftware.com\/ca\/wp-json\/wp\/v2\/types\/post"}],"author":[{"embeddable":true,"href":"https:\/\/tucomarca.whitekongsoftware.com\/ca\/wp-json\/wp\/v2\/users\/12"}],"replies":[{"embeddable":true,"href":"https:\/\/tucomarca.whitekongsoftware.com\/ca\/wp-json\/wp\/v2\/comments?post=274983"}],"version-history":[{"count":0,"href":"https:\/\/tucomarca.whitekongsoftware.com\/ca\/wp-json\/wp\/v2\/posts\/274983\/revisions"}],"wp:featuredmedia":[{"embeddable":true,"href":"https:\/\/tucomarca.whitekongsoftware.com\/ca\/wp-json\/wp\/v2\/media\/136471"}],"wp:attachment":[{"href":"https:\/\/tucomarca.whitekongsoftware.com\/ca\/wp-json\/wp\/v2\/media?parent=274983"}],"wp:term":[{"taxonomy":"category","embeddable":true,"href":"https:\/\/tucomarca.whitekongsoftware.com\/ca\/wp-json\/wp\/v2\/categories?post=274983"},{"taxonomy":"post_tag","embeddable":true,"href":"https:\/\/tucomarca.whitekongsoftware.com\/ca\/wp-json\/wp\/v2\/tags?post=274983"}],"curies":[{"name":"wp","href":"https:\/\/api.w.org\/{rel}","templated":true}]}}