{"id":274972,"date":"2025-08-10T11:00:00","date_gmt":"2025-08-10T09:00:00","guid":{"rendered":"https:\/\/www.tucomarca.com\/wordpress\/segunda\/?p=274972"},"modified":"2025-08-10T21:31:02","modified_gmt":"2025-08-10T19:31:02","slug":"rescaten-en-helicopter-a-bunyol-a-dos-excursionistes-que-shavien-desorientat-despres-de-la-caiguda-dun-dells-en-un-barranc","status":"publish","type":"post","link":"https:\/\/tucomarca.whitekongsoftware.com\/ca\/rescaten-en-helicopter-a-bunyol-a-dos-excursionistes-que-shavien-desorientat-despres-de-la-caiguda-dun-dells-en-un-barranc\/","title":{"rendered":"Rescaten en helic\u00f2pter a Bunyol a dos excursionistes que s&#8217;havien desorientat despr\u00e9s de la caiguda d&#8217;un d&#8217;ells en un barranc"},"content":{"rendered":"\n<p class=\"wp-block-paragraph\">Efectius del Consorci Provincial de Bombers de Val\u00e8ncia han realitzat diversos rescats en helic\u00f2pter en zones de muntanya durant la jornada d&#8217;aquest diumenge.&nbsp;<\/p>\n\n\n\n<p class=\"wp-block-paragraph\">Concretament, s&#8217;ha rescatat a dues persones d&#8217;uns 25 anys que feien una ruta en un barranc a Bunyol, on a les 14,37 hores el Consorci ha mobilitzat un dispositiu amb membres del Grup d&#8217;Especial de Rescat a Altura, GERA, amb l&#8217;helic\u00f2pter V-990 del Consorci dotat d&#8217;un metge. A m\u00e9s tamb\u00e9 s&#8217;ha mobilitzat un coordinador forestal del Consorci i una unitat de bombers forestals de la Generalitat Valenciana. Segons han informat fonts del Consorci, &#8220;pel que sembla una de les persones havia caigut per un terrapl\u00e9, quedant tots dos desorientats i fora de la ruta sense possibilitat de seguir&#8221;. Els dos excursionistes han sigut extrets via a\u00e8ria i transferits a medis sanitaris en una zona segura del terme municipal de Bunyol.<\/p>\n\n\n\n<p class=\"wp-block-paragraph\">Tamb\u00e9 aquest diumenge i hores abans, efectius del Consorci han auxiliat a un ciclista de 65 anys que havia caigut i patit una lesi\u00f3 a la cama mentre feia una ruta en Fontanar dels Aforins. L&#8217;av\u00eds s&#8217;ha rebut a les 10,13 hores i s&#8217;ha mobilitzat al sergent d&#8217;Alzira, una brigada forestal BRIFO, als rescatadors del grup GERA amb l&#8217;helic\u00f2pter V-990 dotat d&#8217;un metge. L&#8217;home ha sigut extret immobilitzat amb matal\u00e0s de buit amb helic\u00f2pter fins a la helisuperf\u00edcie d&#8217;Alzira, per a transfer\u00e8ncia amb medis sanitaris.<\/p>\n\n\n\n<figure class=\"wp-block-gallery has-nested-images columns-1 is-cropped wp-block-gallery-1 is-layout-flex wp-block-gallery-is-layout-flex\">\n<figure class=\"wp-block-image size-large\"><img loading=\"lazy\" decoding=\"async\" width=\"1024\" height=\"768\" data-id=\"274960\" src=\"https:\/\/www.tucomarca.com\/wordpress\/segunda\/wp-content\/uploads\/2025\/08\/RescateBunol2-1024x768.jpeg\" alt=\"\" class=\"wp-image-274960\" srcset=\"https:\/\/tucomarca.whitekongsoftware.com\/wp-content\/uploads\/2025\/08\/RescateBunol2-1024x768.jpeg 1024w, https:\/\/tucomarca.whitekongsoftware.com\/wp-content\/uploads\/2025\/08\/RescateBunol2-300x225.jpeg 300w, https:\/\/tucomarca.whitekongsoftware.com\/wp-content\/uploads\/2025\/08\/RescateBunol2-768x576.jpeg 768w, https:\/\/tucomarca.whitekongsoftware.com\/wp-content\/uploads\/2025\/08\/RescateBunol2-1536x1153.jpeg 1536w, https:\/\/tucomarca.whitekongsoftware.com\/wp-content\/uploads\/2025\/08\/RescateBunol2-678x509.jpeg 678w, https:\/\/tucomarca.whitekongsoftware.com\/wp-content\/uploads\/2025\/08\/RescateBunol2-326x245.jpeg 326w, https:\/\/tucomarca.whitekongsoftware.com\/wp-content\/uploads\/2025\/08\/RescateBunol2-80x60.jpeg 80w, https:\/\/tucomarca.whitekongsoftware.com\/wp-content\/uploads\/2025\/08\/RescateBunol2.jpeg 1599w\" sizes=\"auto, (max-width: 1024px) 100vw, 1024px\" \/><\/figure>\n\n\n\n<figure class=\"wp-block-image size-large\"><img loading=\"lazy\" decoding=\"async\" width=\"1024\" height=\"472\" data-id=\"274958\" src=\"https:\/\/www.tucomarca.com\/wordpress\/segunda\/wp-content\/uploads\/2025\/08\/RescateBunol1-1024x472.jpeg\" alt=\"\" class=\"wp-image-274958\" srcset=\"https:\/\/tucomarca.whitekongsoftware.com\/wp-content\/uploads\/2025\/08\/RescateBunol1-1024x472.jpeg 1024w, https:\/\/tucomarca.whitekongsoftware.com\/wp-content\/uploads\/2025\/08\/RescateBunol1-300x138.jpeg 300w, https:\/\/tucomarca.whitekongsoftware.com\/wp-content\/uploads\/2025\/08\/RescateBunol1-768x354.jpeg 768w, https:\/\/tucomarca.whitekongsoftware.com\/wp-content\/uploads\/2025\/08\/RescateBunol1-1536x708.jpeg 1536w, https:\/\/tucomarca.whitekongsoftware.com\/wp-content\/uploads\/2025\/08\/RescateBunol1.jpeg 1599w\" sizes=\"auto, (max-width: 1024px) 100vw, 1024px\" \/><\/figure>\n<\/figure>\n","protected":false},"excerpt":{"rendered":"<div class=\"mh-excerpt\">Efectius del Consorci Provincial de Bombers de Val\u00e8ncia han realitzat diversos rescats en helic\u00f2pter en zones de muntanya durant la jornada d&#8217;aquest diumenge.&nbsp; Concretament, s&#8217;ha rescatat a dues persones d&#8217;uns 25 anys que feien una <a class=\"mh-excerpt-more\" href=\"https:\/\/tucomarca.whitekongsoftware.com\/ca\/rescaten-en-helicopter-a-bunyol-a-dos-excursionistes-que-shavien-desorientat-despres-de-la-caiguda-dun-dells-en-un-barranc\/\" title=\"Rescaten en helic\u00f2pter a Bunyol a dos excursionistes que s&#8217;havien desorientat despr\u00e9s de la caiguda d&#8217;un d&#8217;ells en un barranc\">[+] <\/a><\/div>\n","protected":false},"author":1,"featured_media":274959,"comment_status":"open","ping_status":"open","sticky":false,"template":"","format":"image","meta":{"footnotes":""},"categories":[10911,10898,10894,10904,10912,10903,10896,10897],"tags":[22203,10913,10914,13578],"class_list":["post-274972","post","type-post","status-publish","format-image","has-post-thumbnail","category-bunol-ca","category-ventana-ca","category-la-comarca-ca","category-sin-categorizar-ca","category-la-hoya-ca","category-medio-ambiente-la-comarca-ca","category-seccion-ca","category-sucesos-la-comarca-ca","tag-aereo-ca","tag-bunol-ca","tag-la-hoya-de-bunol-chiva-ca","tag-rescate-ca","post_format-post-format-image"],"_links":{"self":[{"href":"https:\/\/tucomarca.whitekongsoftware.com\/ca\/wp-json\/wp\/v2\/posts\/274972","targetHints":{"allow":["GET"]}}],"collection":[{"href":"https:\/\/tucomarca.whitekongsoftware.com\/ca\/wp-json\/wp\/v2\/posts"}],"about":[{"href":"https:\/\/tucomarca.whitekongsoftware.com\/ca\/wp-json\/wp\/v2\/types\/post"}],"author":[{"embeddable":true,"href":"https:\/\/tucomarca.whitekongsoftware.com\/ca\/wp-json\/wp\/v2\/users\/1"}],"replies":[{"embeddable":true,"href":"https:\/\/tucomarca.whitekongsoftware.com\/ca\/wp-json\/wp\/v2\/comments?post=274972"}],"version-history":[{"count":0,"href":"https:\/\/tucomarca.whitekongsoftware.com\/ca\/wp-json\/wp\/v2\/posts\/274972\/revisions"}],"wp:featuredmedia":[{"embeddable":true,"href":"https:\/\/tucomarca.whitekongsoftware.com\/ca\/wp-json\/wp\/v2\/media\/274959"}],"wp:attachment":[{"href":"https:\/\/tucomarca.whitekongsoftware.com\/ca\/wp-json\/wp\/v2\/media?parent=274972"}],"wp:term":[{"taxonomy":"category","embeddable":true,"href":"https:\/\/tucomarca.whitekongsoftware.com\/ca\/wp-json\/wp\/v2\/categories?post=274972"},{"taxonomy":"post_tag","embeddable":true,"href":"https:\/\/tucomarca.whitekongsoftware.com\/ca\/wp-json\/wp\/v2\/tags?post=274972"}],"curies":[{"name":"wp","href":"https:\/\/api.w.org\/{rel}","templated":true}]}}