{"id":274718,"date":"2025-08-07T10:00:00","date_gmt":"2025-08-07T08:00:00","guid":{"rendered":"https:\/\/www.tucomarca.com\/wordpress\/segunda\/?p=274718"},"modified":"2025-08-07T14:25:37","modified_gmt":"2025-08-07T12:25:37","slug":"ja-estan-a-la-venda-les-entrades-per-a-la-50a-edicio-del-concert-mano-a-mano-de-bunol","status":"publish","type":"post","link":"https:\/\/tucomarca.whitekongsoftware.com\/ca\/ja-estan-a-la-venda-les-entrades-per-a-la-50a-edicio-del-concert-mano-a-mano-de-bunol\/","title":{"rendered":"Ja estan a la venda les entrades per a la 50a edici\u00f3 del concert &#8220;Mano a mano&#8221; de Bu\u00f1ol"},"content":{"rendered":"\n<h3 class=\"wp-block-heading\">Es podran adquirir els dies 7, 8 i 13 d\u2019agost a la Sala El Mercado, en horari de 19,00 h a 21,00 hores.<\/h3>\n\n\n\n<p class=\"wp-block-paragraph\">Bu\u00f1ol ja escalfa motors per a celebrar la <strong>50a edici\u00f3 del Concert Mano a Mano<\/strong>, un dels esdeveniments m\u00e9s emblem\u00e0tics del panorama band\u00edstic nacional i internacional, i les entrades ja estan disponibles per al p\u00fablic. L\u2019esperada trobada entre el <strong>Centro Instructivo Musical \u201cLa Arm\u00f3nica\u201d<\/strong> i la <strong>Sociedad Musical \u201cLa Art\u00edstica\u201d<\/strong> tindr\u00e0 lloc el pr\u00f2xim <strong>dissabte 16 d\u2019agost a les 22:30 h<\/strong> a l\u2019<strong>Auditori de San Luis<\/strong>, un escenari que cada any acull m\u00e9s de 300 m\u00fasics i milers d\u2019assistents en una nit marcada pel talent i la passi\u00f3 musical de les dues bandes rivals.<\/p>\n\n\n\n<p class=\"wp-block-paragraph\">Les entrades es podran adquirir els dies <strong>7, 8 i 13 d\u2019agost<\/strong> a la <strong>Sala El Mercado de Bu\u00f1ol<\/strong>, en horari de <strong>19:00 h a 21:00 h<\/strong>. El <strong>preu en venda anticipada \u00e9s de 15 euros<\/strong>, mentre que <strong>en taquilla ser\u00e0 de 18 euros<\/strong> el mateix dia de l\u2019esdeveniment. Durant els dies de venda, representants de totes dues societats musicals estaran presents per a atendre personalment el p\u00fablic interessat.<\/p>\n\n\n\n<p class=\"wp-block-paragraph\">Com en edicions anteriors, el concert comptar\u00e0 amb la participaci\u00f3 de la periodista i presentadora d\u2019<strong>\u00c0 Punt Not\u00edcies<\/strong> <strong>Rosa Romero<\/strong>, una figura ja coneguda pel p\u00fablic del Mano a Mano, que tornar\u00e0 a conduir aquest emblem\u00e0tic concert. Per a ella, el Mano a Mano \u00e9s un esdeveniment que mai deixa d\u2019emocionar-la, tant per la resposta del p\u00fablic com per la qualitat art\u00edstica de les bandes participants. \u201c\u00c9s un concert d\u2019una gran qualitat musical amb molt\u00edssims professionals molt ben formats que toquen en orquestres i bandes de primer nivell, a m\u00e9s de les dues bandes de Bu\u00f1ol\u201d, afirma Romero, qui tamb\u00e9 convida els amants de la m\u00fasica i la cultura en general a no perdre\u2019s aquesta edici\u00f3 tan especial.<\/p>\n\n\n\n<p class=\"wp-block-paragraph\">Mentrestant, a Bu\u00f1ol ja es viu amb intensitat la recta final. Els m\u00e9s de <strong>300 m\u00fasics participants<\/strong> es troben assajant sota la direcci\u00f3 dels seus respectius directors \u2014<strong>Mario Ortu\u00f1o<\/strong>, al capdavant de la <strong>SM \u201cLa Art\u00edstica\u201d<\/strong>; i <strong>Sa\u00fcl G\u00f3mez<\/strong>, amb el <strong>CIM \u201cLa Arm\u00f3nica\u201d<\/strong>\u2014, ultimant cada detall per a oferir, una vegada m\u00e9s, un espectacle a l\u2019altura de mig segle de cultura compartida.<\/p>\n\n\n\n<p class=\"wp-block-paragraph\">Amb aquesta simb\u00f2lica <strong>50a edici\u00f3<\/strong>, el <strong>Mano a Mano de Bu\u00f1ol<\/strong> es reafirma com un <strong>esdeveniment de refer\u00e8ncia cultural \u00fanic<\/strong>, on la rivalitat es transforma en art i la m\u00fasica en record i orgull per a les dues bandes. Una <strong>cita imprescindible<\/strong> en el calendari per a tot aquell que vulga gaudir d\u2019una edici\u00f3 hist\u00f2rica i viure una <strong>nit inoblidable<\/strong>.<\/p>\n","protected":false},"excerpt":{"rendered":"<div class=\"mh-excerpt\">Es podran adquirir els dies 7, 8 i 13 d\u2019agost a la Sala El Mercado, en horari de 19,00 h a 21,00 hores. Bu\u00f1ol ja escalfa motors per a celebrar la 50a edici\u00f3 del Concert <a class=\"mh-excerpt-more\" href=\"https:\/\/tucomarca.whitekongsoftware.com\/ca\/ja-estan-a-la-venda-les-entrades-per-a-la-50a-edicio-del-concert-mano-a-mano-de-bunol\/\" title=\"Ja estan a la venda les entrades per a la 50a edici\u00f3 del concert &#8220;Mano a mano&#8221; de Bu\u00f1ol\">[+] <\/a><\/div>\n","protected":false},"author":12,"featured_media":274717,"comment_status":"open","ping_status":"open","sticky":false,"template":"","format":"standard","meta":{"footnotes":""},"categories":[10911,11005,10894,10912,11007,10896],"tags":[10913,10914,22840],"class_list":["post-274718","post","type-post","status-publish","format-standard","has-post-thumbnail","category-bunol-ca","category-canal-musica","category-la-comarca-ca","category-la-hoya-ca","category-ocio-y-cultura-ca","category-seccion-ca","tag-bunol-ca","tag-la-hoya-de-bunol-chiva-ca","tag-mano-a-mano-2025-ca"],"_links":{"self":[{"href":"https:\/\/tucomarca.whitekongsoftware.com\/ca\/wp-json\/wp\/v2\/posts\/274718","targetHints":{"allow":["GET"]}}],"collection":[{"href":"https:\/\/tucomarca.whitekongsoftware.com\/ca\/wp-json\/wp\/v2\/posts"}],"about":[{"href":"https:\/\/tucomarca.whitekongsoftware.com\/ca\/wp-json\/wp\/v2\/types\/post"}],"author":[{"embeddable":true,"href":"https:\/\/tucomarca.whitekongsoftware.com\/ca\/wp-json\/wp\/v2\/users\/12"}],"replies":[{"embeddable":true,"href":"https:\/\/tucomarca.whitekongsoftware.com\/ca\/wp-json\/wp\/v2\/comments?post=274718"}],"version-history":[{"count":0,"href":"https:\/\/tucomarca.whitekongsoftware.com\/ca\/wp-json\/wp\/v2\/posts\/274718\/revisions"}],"wp:featuredmedia":[{"embeddable":true,"href":"https:\/\/tucomarca.whitekongsoftware.com\/ca\/wp-json\/wp\/v2\/media\/274717"}],"wp:attachment":[{"href":"https:\/\/tucomarca.whitekongsoftware.com\/ca\/wp-json\/wp\/v2\/media?parent=274718"}],"wp:term":[{"taxonomy":"category","embeddable":true,"href":"https:\/\/tucomarca.whitekongsoftware.com\/ca\/wp-json\/wp\/v2\/categories?post=274718"},{"taxonomy":"post_tag","embeddable":true,"href":"https:\/\/tucomarca.whitekongsoftware.com\/ca\/wp-json\/wp\/v2\/tags?post=274718"}],"curies":[{"name":"wp","href":"https:\/\/api.w.org\/{rel}","templated":true}]}}