{"id":274639,"date":"2025-08-06T09:35:00","date_gmt":"2025-08-06T07:35:00","guid":{"rendered":"https:\/\/www.tucomarca.com\/wordpress\/segunda\/?p=274639"},"modified":"2025-08-06T19:50:21","modified_gmt":"2025-08-06T17:50:21","slug":"la-diputacio-preveu-obrir-al-transit-el-pont-dacces-a-xest-des-de-la-a-3-abans-del-gran-premi-de-xest","status":"publish","type":"post","link":"https:\/\/tucomarca.whitekongsoftware.com\/ca\/la-diputacio-preveu-obrir-al-transit-el-pont-dacces-a-xest-des-de-la-a-3-abans-del-gran-premi-de-xest\/","title":{"rendered":"La Diputaci\u00f3 preveu obrir al tr\u00e0nsit el pont d&#8217;acc\u00e9s a Xest des de la A-3 abans del Gran Premi de Xest"},"content":{"rendered":"\n<h3 class=\"wp-block-heading\">La infraestructura s&#8217;ha reconstru\u00eft de manera integral, atesos els informes t\u00e8cnics que aconsellaven tornar a al\u00e7ar-ho per a refor\u00e7ar l&#8217;estructura i millorar la resposta hidr\u00e0ulica davant possibles avingudes d&#8217;aigua en un futur.<\/h3>\n\n\n\n<h3 class=\"wp-block-heading\">La diputada de Carreteres, Reme Mazzolari, i l&#8217;alcalde Jos\u00e9 Morell, visiten els treballs sobre el pont acompanyats per membres de la corporaci\u00f3 municipal, personal t\u00e8cnic de la Diputaci\u00f3 i responsables de l&#8217;empresa encarregada de les obres.<\/h3>\n\n\n\n<p class=\"wp-block-paragraph\">La Diputaci\u00f3 de Val\u00e8ncia encara ja la fase final de les obres de reconstrucci\u00f3 del pont sobre el barranc de Xiva, en la CV-378, que connecta directament l&#8217;autovia A-3 amb el nucli urb\u00e0 de Xest.&nbsp;<\/p>\n\n\n\n<p class=\"wp-block-paragraph\">&#8220;L&#8217;objectiu -explica la diputada de Carreteres, Reme Mazzolari- \u00e9s que la infraestructura puga obrir-se al tr\u00e0nsit a la fi d&#8217;octubre, abans de la celebraci\u00f3 del Gran Premi de motociclisme&#8221;; i ha aclarit que &#8220;en tot cas, per si hi haguera algun imprevist extern, el personal t\u00e8cnic de l&#8217;\u00e0rea de Carreteres ja ha dissenyat diferents solucions capaces d&#8217;absorbir el tr\u00e0nsit que eixos dies es genera a l&#8217;entorn del circuit&#8221;.<\/p>\n\n\n\n<p class=\"wp-block-paragraph\">&#8220;Per\u00f2 l&#8217;impacte d&#8217;aquesta obra -continua la tamb\u00e9 vicepresidenta segona de la Diputaci\u00f3- va molt m\u00e9s all\u00e0 que els dies de competici\u00f3 esportiva, perqu\u00e8 es tracta d&#8217;un pont vital per a l&#8217;acc\u00e9s a un municipi que compta amb molta activitat industrial, la qual cosa genera un tr\u00e0nsit continu de vehicles tant d&#8217;entrada com d&#8217;eixida a l&#8217;autovia&#8221;.<\/p>\n\n\n\n<p class=\"wp-block-paragraph\">La intervenci\u00f3, amb un pressupost de 5,42 milions d&#8217;euros (IVA incl\u00f2s) i un termini d&#8217;execuci\u00f3 de 10 mesos, s&#8217;est\u00e0 desenvolupant com a obra d&#8217;emerg\u00e8ncia despr\u00e9s de la decisi\u00f3 t\u00e8cnica de demolir l&#8217;antic pont, l&#8217;estat estructural del qual no permetia garantir la seguretat dels usuaris.<\/p>\n\n\n\n<p class=\"wp-block-paragraph\">En aquest sentit, Mazzolari explica que &#8220;els informes t\u00e8cnics del personal de l&#8217;\u00e0rea de Carreteres recomanaven la reconstrucci\u00f3 completa de l&#8217;estructura, per la qual cosa no vam tindre dubte que calia fer l&#8217;esfor\u00e7 pressupostari per a fer-lo possible, tenint a m\u00e9s en compte que el nou pont, que tindr\u00e0 una vida \u00fatil d&#8217;un segle, estar\u00e0 m\u00e9s ben preparada per a suportar episodis meteorol\u00f2gics extrems millorant la resposta hidr\u00e0ulica en reduir el nombre de piles en el llit&#8221;.<\/p>\n\n\n\n<p class=\"wp-block-paragraph\">Per part seua, l&#8217;alcalde de Xest, Jos\u00e9 Morell, ha qualificat com a &#8220;crucial&#8221; aquesta infraestructura, &#8220;i la seua obertura, que est\u00e0 prevista entorn del primer aniversari de la dana, ser\u00e0 un dels s\u00edmbols de la reconstrucci\u00f3&#8221;. Morell ha volgut destacar tamb\u00e9 &#8220;la coordinaci\u00f3 amb tot el personal de Carreteres de la Diputaci\u00f3, demostrant que quan les administracions treballen de la m\u00e0, la resposta als ciutadans \u00e9s m\u00e9s efectiva, m\u00e9s eficient i m\u00e9s r\u00e0pida&#8221;.<\/p>\n\n\n\n<p class=\"wp-block-paragraph\">El pont comptar\u00e0 amb tres obertures de 32 metres cadascun, formats per un tauler mixt de bigues artesas d&#8217;acer tallen i llosa de formig\u00f3. Les bigues, d&#8217;unes 45 tones cadascuna, es fabriquen en taller i es traslladen a obra per al seu acoblament i col\u00b7locaci\u00f3 amb grues de gran capacitat. Actualment ja s&#8217;han col\u00b7locat les bigues de la primera obertura i, en breu, es procedir\u00e0 a l&#8217;execuci\u00f3 de la llosa de formig\u00f3 armat sobre elles.<\/p>\n\n\n\n<figure class=\"wp-block-image size-large\"><img loading=\"lazy\" decoding=\"async\" width=\"1024\" height=\"768\" src=\"http:\/\/www.tucomarca.com\/wordpress\/segunda\/wp-content\/uploads\/2025\/08\/PuenteCheste1-1024x768.jpeg\" alt=\"\" class=\"wp-image-274634\" srcset=\"https:\/\/tucomarca.whitekongsoftware.com\/wp-content\/uploads\/2025\/08\/PuenteCheste1-1024x768.jpeg 1024w, https:\/\/tucomarca.whitekongsoftware.com\/wp-content\/uploads\/2025\/08\/PuenteCheste1-300x225.jpeg 300w, https:\/\/tucomarca.whitekongsoftware.com\/wp-content\/uploads\/2025\/08\/PuenteCheste1-768x576.jpeg 768w, https:\/\/tucomarca.whitekongsoftware.com\/wp-content\/uploads\/2025\/08\/PuenteCheste1-1536x1152.jpeg 1536w, https:\/\/tucomarca.whitekongsoftware.com\/wp-content\/uploads\/2025\/08\/PuenteCheste1-2048x1536.jpeg 2048w, https:\/\/tucomarca.whitekongsoftware.com\/wp-content\/uploads\/2025\/08\/PuenteCheste1-678x509.jpeg 678w, https:\/\/tucomarca.whitekongsoftware.com\/wp-content\/uploads\/2025\/08\/PuenteCheste1-326x245.jpeg 326w, https:\/\/tucomarca.whitekongsoftware.com\/wp-content\/uploads\/2025\/08\/PuenteCheste1-80x60.jpeg 80w\" sizes=\"auto, (max-width: 1024px) 100vw, 1024px\" \/><\/figure>\n","protected":false},"excerpt":{"rendered":"<div class=\"mh-excerpt\">La infraestructura s&#8217;ha reconstru\u00eft de manera integral, atesos els informes t\u00e8cnics que aconsellaven tornar a al\u00e7ar-ho per a refor\u00e7ar l&#8217;estructura i millorar la resposta hidr\u00e0ulica davant possibles avingudes d&#8217;aigua en un futur. La diputada de <a class=\"mh-excerpt-more\" href=\"https:\/\/tucomarca.whitekongsoftware.com\/ca\/la-diputacio-preveu-obrir-al-transit-el-pont-dacces-a-xest-des-de-la-a-3-abans-del-gran-premi-de-xest\/\" title=\"La Diputaci\u00f3 preveu obrir al tr\u00e0nsit el pont d&#8217;acc\u00e9s a Xest des de la A-3 abans del Gran Premi de Xest\">[+] <\/a><\/div>\n","protected":false},"author":13,"featured_media":274637,"comment_status":"open","ping_status":"open","sticky":false,"template":"","format":"image","meta":{"footnotes":""},"categories":[21466,10898,10948,10894,10904,10912,10903,10947,10896,10897,10974],"tags":[11071,15409,12903,10914],"class_list":["post-274639","post","type-post","status-publish","format-image","has-post-thumbnail","category-dana-ca","category-ventana-ca","category-infraestructuras-ca","category-la-comarca-ca","category-sin-categorizar-ca","category-la-hoya-ca","category-medio-ambiente-la-comarca-ca","category-politica","category-seccion-ca","category-sucesos-la-comarca-ca","category-cheste-ca","tag-cheste","tag-dana-2-ca","tag-infraestructuras-ca","tag-la-hoya-de-bunol-chiva-ca","post_format-post-format-image"],"_links":{"self":[{"href":"https:\/\/tucomarca.whitekongsoftware.com\/ca\/wp-json\/wp\/v2\/posts\/274639","targetHints":{"allow":["GET"]}}],"collection":[{"href":"https:\/\/tucomarca.whitekongsoftware.com\/ca\/wp-json\/wp\/v2\/posts"}],"about":[{"href":"https:\/\/tucomarca.whitekongsoftware.com\/ca\/wp-json\/wp\/v2\/types\/post"}],"author":[{"embeddable":true,"href":"https:\/\/tucomarca.whitekongsoftware.com\/ca\/wp-json\/wp\/v2\/users\/13"}],"replies":[{"embeddable":true,"href":"https:\/\/tucomarca.whitekongsoftware.com\/ca\/wp-json\/wp\/v2\/comments?post=274639"}],"version-history":[{"count":0,"href":"https:\/\/tucomarca.whitekongsoftware.com\/ca\/wp-json\/wp\/v2\/posts\/274639\/revisions"}],"wp:featuredmedia":[{"embeddable":true,"href":"https:\/\/tucomarca.whitekongsoftware.com\/ca\/wp-json\/wp\/v2\/media\/274637"}],"wp:attachment":[{"href":"https:\/\/tucomarca.whitekongsoftware.com\/ca\/wp-json\/wp\/v2\/media?parent=274639"}],"wp:term":[{"taxonomy":"category","embeddable":true,"href":"https:\/\/tucomarca.whitekongsoftware.com\/ca\/wp-json\/wp\/v2\/categories?post=274639"},{"taxonomy":"post_tag","embeddable":true,"href":"https:\/\/tucomarca.whitekongsoftware.com\/ca\/wp-json\/wp\/v2\/tags?post=274639"}],"curies":[{"name":"wp","href":"https:\/\/api.w.org\/{rel}","templated":true}]}}