{"id":274632,"date":"2025-08-06T09:33:00","date_gmt":"2025-08-06T07:33:00","guid":{"rendered":"https:\/\/www.tucomarca.com\/wordpress\/segunda\/?p=274632"},"modified":"2025-08-06T19:54:24","modified_gmt":"2025-08-06T17:54:24","slug":"els-festejos-en-els-llogarets-preludien-els-dies-grans-de-les-festes-dagost-a-cortes-de-pallas","status":"publish","type":"post","link":"https:\/\/tucomarca.whitekongsoftware.com\/ca\/els-festejos-en-els-llogarets-preludien-els-dies-grans-de-les-festes-dagost-a-cortes-de-pallas\/","title":{"rendered":"Els festejos en els llogarets preludien els dies grans de les festes d&#8217;agost a Cortes de Pall\u00e0s"},"content":{"rendered":"\n<h3 class=\"wp-block-heading\">Vi\u00f1uelas, del 6 al 9 d\u2019agost<\/h3>\n\n\n\n<p class=\"wp-block-paragraph\">L\u2019entorn de <strong>Las Moreras<\/strong> torna a ser el punt de trobada de ve\u00efns i visitants del 6 al 9 d\u2019agost a l\u2019aldea de <strong>Vi\u00f1uelas<\/strong><\/p>\n\n\n\n<p class=\"wp-block-paragraph\">El dissabte comen\u00e7a a les 11.00 h amb un esmorzar popular a <strong>Las Moreras<\/strong>. A la vesprada, des de les 18.00 h, se celebra un <em>tardeo<\/em> amb berenar per a tots, acompanyat a les 18.30 h de jocs tradicionals de fusta per als m\u00e9s menuts, una activitat subvencionada pel <strong>SARC<\/strong>.<\/p>\n\n\n\n<p class=\"wp-block-paragraph\">A les 22.00 h, la comissi\u00f3 ofereix el sopar, seguit a les 23.00 h de la tradicional rifa i lliurament de premis. A partir de mitjanit, la festa continua amb la discom\u00f2bil a c\u00e0rrec de <strong>DJ Serrucho<\/strong>, i a les 03.30 h es reparteix la tradicional <em>cuerva<\/em> per a tots.<\/p>\n\n\n\n<p class=\"wp-block-paragraph\">El diumenge 10, la jornada comen\u00e7a a les 12.00 h amb un \u201cquintet i tapa\u201d amenitzat per la xaranga <strong>RedFox<\/strong>, i a les 14.30 h se celebra un dinar popular a <strong>Las Moreras<\/strong>. A partir de les 16.30 h, els m\u00e9s joves gaudeixen de la festa de l\u2019escuma i guerra de globus, amb m\u00fasica de <strong>DJ Roberto Skuby<\/strong>.<\/p>\n\n\n\n<p class=\"wp-block-paragraph\">A la vesprada, a les 19.00 h, t\u00e9 lloc la recollida dels clavaris i clavariesses, i a les 20.00 h se celebra la missa i process\u00f3 en honor a <strong>Sant Joan Baptista<\/strong>. La jornada conclou amb un sopar de <em>sobaquillo<\/em> a les 22.00 h i cinema a la fresca a les 23.00 h.<\/p>\n\n\n\n<h3 class=\"wp-block-heading\"><strong>Cortes de Pall\u00e1s<\/strong>, del 9 al 16 d\u2019agost<\/h3>\n\n\n\n<p class=\"wp-block-paragraph\"><strong>Cortes de Pall\u00e1s<\/strong> ja est\u00e0 immersa en la celebraci\u00f3 de les seues esperades <strong>Festes Patronals 2025<\/strong>, que tenen lloc des del dimarts 5 fins al dissabte 16 d\u2019agost, amb una \u00e0mplia programaci\u00f3 pensada per a tots els p\u00fablics.<\/p>\n\n\n\n<p class=\"wp-block-paragraph\">La setmana comen\u00e7a amb activitats esportives i jocs de taula, com campionats de p\u00e0del infantil i adult, parx\u00eds, d\u00f2mino, tennis de taula o truc, a m\u00e9s d\u2019un concurs de dibuix per als m\u00e9s menuts al centre social.<\/p>\n\n\n\n<p class=\"wp-block-paragraph\">El dissabte 9 d\u2019agost marca l\u2019inici oficial de les festes amb un esmorzar popular, el tradicional volteig de campanes i el gran esclafit. A la nit, se celebra l\u2019acte de proclamaci\u00f3 de les Reines de les Festes 2025, <strong>Carla Castillo Monteagudo<\/strong> i <strong>Ada Fern\u00e1ndez Ricarte<\/strong>, amb la pres\u00e8ncia de les seues Dames d\u2019Honor. L\u2019acte finalitza amb l\u2019espectacle \u201c<strong>The Time<\/strong>\u201d i una discom\u00f2bil al poliesportiu.<\/p>\n\n\n\n<p class=\"wp-block-paragraph\">El diumenge 10 continua la festa amb berenar d\u2019orxata i <em>fartons<\/em>, sopar de <em>sobaquillo<\/em> i una gran revetla amb l\u2019orquestra <strong>Platino<\/strong>, seguida de discom\u00f2bil. Ja el dilluns, els amants de la m\u00fasica podran gaudir d\u2019una nit <em>Remember<\/em> amb sessi\u00f3 de DJ.<\/p>\n\n\n\n<p class=\"wp-block-paragraph\">El dimarts 12 d\u2019agost est\u00e0 dedicat als m\u00e9s menuts, amb parc infantil aqu\u00e0tic, batalla d\u2019aigua, jocs, tallers i el popular concurs de paelles, que culmina amb el lliurament de premis i una discom\u00f2bil organitzada per la Comissi\u00f3 de Festes.<\/p>\n\n\n\n<p class=\"wp-block-paragraph\">El dimecres 13 i el dijous 14 estan marcats per sopars populars, revetles i celebracions religioses. El Dia de la <strong>Mare de D\u00e9u del Rosari<\/strong> inclou missa, process\u00f3 i una gran paella gegant a la pla\u00e7a a c\u00e0rrec de <strong>Galbis<\/strong>, tot acompanyat per passacarrers, orquestra i ofrena floral.<\/p>\n\n\n\n<p class=\"wp-block-paragraph\">El divendres 15 d\u2019agost, festivitat de la <strong>Mare de D\u00e9u de l\u2019Assumpci\u00f3<\/strong>, es celebra amb missa, repartiment del pa bene\u00eft, process\u00f3 i espectacles com \u201c<strong>Espa\u00f1a en un suspiro<\/strong>\u201d i l\u2019actuaci\u00f3 de la banda <strong>Reversion Band<\/strong>.<\/p>\n\n\n\n<p class=\"wp-block-paragraph\">La cloenda de les festes arriba el dissabte 16 d\u2019agost, dia dedicat al <strong>Sant\u00edssim Crist de la Vida<\/strong>, amb missa, cavalcada de disfresses, batalla de flors i la solemne process\u00f3 en el seu honor. La jornada culmina amb una gran revetla amb l\u2019orquestra <strong>La Troya<\/strong> i l\u2019\u00faltima discom\u00f2bil al poliesportiu.<\/p>\n\n\n\n<p class=\"wp-block-paragraph\">Un any m\u00e9s, <strong>Cortes de Pall\u00e1s<\/strong> demostra el seu comprom\u00eds amb la tradici\u00f3, la conviv\u00e8ncia i l\u2019entreteniment de ve\u00efns i visitants, en unes festes que combinen cultura, religi\u00f3, m\u00fasica i diversi\u00f3.<\/p>\n\n\n\n<h3 class=\"wp-block-heading\"><strong>El Oro<\/strong>, del 12 al 17 d\u2019agost<\/h3>\n\n\n\n<p class=\"wp-block-paragraph\">Les festes comencen el dimarts 12 d\u2019agost amb l\u2019obertura del termini d\u2019inscripcions per als concursos, el repartiment de banderes i l\u2019engalanament de carrers, una iniciativa que premia la millor decoraci\u00f3. A la nit, els ve\u00efns comparteixen el primer sopar de <em>sobaquillo<\/em> a la pla\u00e7a.<\/p>\n\n\n\n<p class=\"wp-block-paragraph\">El dimecres 13 comencen els concursos de parx\u00eds, truc i d\u00f2mino, mentre el jurat recorre els carrers per valorar-ne els adorns. Els xiquets gaudeixen de jocs tradicionals, i a la vesprada comen\u00e7a el campionat de front\u00f3. La jornada conclou amb un sopar de <em>sobaquillo<\/em> i una discom\u00f2bil amb DJ convidat.<\/p>\n\n\n\n<p class=\"wp-block-paragraph\">El dijous 14 continua amb les competicions de taula i una divertida activitat de pintura de <em>botijos<\/em> per a les tradicionals cucanyes. El berenar d\u2019orxata i <em>fartons<\/em> precedeix l\u2019actuaci\u00f3 teatral infantil &#8220;<strong>El mago del bosque encantado<\/strong>&#8220;, subvencionada pel <strong>SARC<\/strong>. A la nit, l\u2019orquestra <strong>Venom<\/strong> anima la vetlada amb el cl\u00e0ssic <strong>ball del fanalet<\/strong>.<\/p>\n\n\n\n<p class=\"wp-block-paragraph\">La festivitat de la <strong>Mare de D\u00e9u d\u2019Agost<\/strong>, el divendres 15, comen\u00e7a amb una missa solemne i continua a la vesprada amb la gran cavalcada de disfresses, acompanyada de m\u00fasica i <em>sangr\u00eda<\/em>. Despr\u00e9s del sopar popular, t\u00e9 lloc una festa ibicenca al ritme de <strong>DJ Dar\u00edo Fuentes<\/strong> i DJ convidat, amb m\u00fasica fins que el cos aguante.<\/p>\n\n\n\n<p class=\"wp-block-paragraph\">El dissabte 16 arranca amb la tradicional <em>despert\u00e0<\/em> amb xaranga i un esmorzar per als participants. La recollida del Pa Bene\u00eft i la missa en honor a <strong>Sant Roc<\/strong> precedeixen una gran paella gegant a la font. A la vesprada, se celebra la process\u00f3 en honor a <strong>Sant Roc<\/strong>, la <strong>Mare de D\u00e9u d\u2019Agost<\/strong> i la <strong>Mare de D\u00e9u dels Desemparats<\/strong>, acompanyada per l\u2019<strong>Ateneu Musical de Cortes de Pall\u00e1s<\/strong>. Despr\u00e9s del sopar, es celebra un bingo i una \u00faltima nit de discom\u00f2bil a la pla\u00e7a.<\/p>\n\n\n\n<p class=\"wp-block-paragraph\">El colof\u00f3 final arriba el diumenge 17, amb la recollida de <em>botijos<\/em> al mat\u00ed i les tradicionals cucanyes a la font a la vesprada, on no faltar\u00e0 el pa cremat i la xocolata per a berenar.<\/p>\n\n\n\n<p class=\"wp-block-paragraph\">Un any m\u00e9s, <strong>El Oro<\/strong> es converteix en punt de trobada per a ve\u00efns, visitants i fam\u00edlies que gaudeixen d\u2019unes festes plenes d\u2019ambient, emoci\u00f3 i arrelament.<\/p>\n","protected":false},"excerpt":{"rendered":"<div class=\"mh-excerpt\">Vi\u00f1uelas, del 6 al 9 d\u2019agost L\u2019entorn de Las Moreras torna a ser el punt de trobada de ve\u00efns i visitants del 6 al 9 d\u2019agost a l\u2019aldea de Vi\u00f1uelas El dissabte comen\u00e7a a les <a class=\"mh-excerpt-more\" href=\"https:\/\/tucomarca.whitekongsoftware.com\/ca\/els-festejos-en-els-llogarets-preludien-els-dies-grans-de-les-festes-dagost-a-cortes-de-pallas\/\" title=\"Els festejos en els llogarets preludien els dies grans de les festes d&#8217;agost a Cortes de Pall\u00e0s\">[+] <\/a><\/div>\n","protected":false},"author":12,"featured_media":274631,"comment_status":"open","ping_status":"open","sticky":false,"template":"","format":"standard","meta":{"footnotes":""},"categories":[11019,10951,10953,10894,11007,10896],"tags":[11216,11230,22877],"class_list":["post-274632","post","type-post","status-publish","format-standard","has-post-thumbnail","category-agenda-ca","category-ayora-cofrentes-ca","category-cortes-de-pallas-ca","category-la-comarca-ca","category-ocio-y-cultura-ca","category-seccion-ca","tag-ayora-cofrentes-ca","tag-cortes-de-pallas-ca","tag-fiestas-de-cortes-y-aldeas-ca"],"_links":{"self":[{"href":"https:\/\/tucomarca.whitekongsoftware.com\/ca\/wp-json\/wp\/v2\/posts\/274632","targetHints":{"allow":["GET"]}}],"collection":[{"href":"https:\/\/tucomarca.whitekongsoftware.com\/ca\/wp-json\/wp\/v2\/posts"}],"about":[{"href":"https:\/\/tucomarca.whitekongsoftware.com\/ca\/wp-json\/wp\/v2\/types\/post"}],"author":[{"embeddable":true,"href":"https:\/\/tucomarca.whitekongsoftware.com\/ca\/wp-json\/wp\/v2\/users\/12"}],"replies":[{"embeddable":true,"href":"https:\/\/tucomarca.whitekongsoftware.com\/ca\/wp-json\/wp\/v2\/comments?post=274632"}],"version-history":[{"count":0,"href":"https:\/\/tucomarca.whitekongsoftware.com\/ca\/wp-json\/wp\/v2\/posts\/274632\/revisions"}],"wp:featuredmedia":[{"embeddable":true,"href":"https:\/\/tucomarca.whitekongsoftware.com\/ca\/wp-json\/wp\/v2\/media\/274631"}],"wp:attachment":[{"href":"https:\/\/tucomarca.whitekongsoftware.com\/ca\/wp-json\/wp\/v2\/media?parent=274632"}],"wp:term":[{"taxonomy":"category","embeddable":true,"href":"https:\/\/tucomarca.whitekongsoftware.com\/ca\/wp-json\/wp\/v2\/categories?post=274632"},{"taxonomy":"post_tag","embeddable":true,"href":"https:\/\/tucomarca.whitekongsoftware.com\/ca\/wp-json\/wp\/v2\/tags?post=274632"}],"curies":[{"name":"wp","href":"https:\/\/api.w.org\/{rel}","templated":true}]}}