{"id":274570,"date":"2025-08-06T09:00:00","date_gmt":"2025-08-06T07:00:00","guid":{"rendered":"https:\/\/www.tucomarca.com\/wordpress\/segunda\/?p=274570"},"modified":"2025-08-06T17:57:29","modified_gmt":"2025-08-06T15:57:29","slug":"la-diputacio-tendix-la-ma-als-bombers-per-a-arribar-a-acords-en-el-marc-de-la-llei-i-el-context-de-la-dana","status":"publish","type":"post","link":"https:\/\/tucomarca.whitekongsoftware.com\/ca\/la-diputacio-tendix-la-ma-als-bombers-per-a-arribar-a-acords-en-el-marc-de-la-llei-i-el-context-de-la-dana\/","title":{"rendered":"La Diputaci\u00f3 tendix la m\u00e0 als bombers per a arribar a acords en el marc de la llei i el context de la DANA"},"content":{"rendered":"\n<h3 class=\"wp-block-heading\">La diputada d&#8217;Hisenda, Laura S\u00e1ez, insistix que les demandes del col\u00b7lectiu \u201csuposen comprometre una despesa que est\u00e0 per damunt del creixement que permet el Govern, tal com ha explicat l&#8217;interventor\u201d.<\/h3>\n\n\n\n<h3 class=\"wp-block-heading\">La instituci\u00f3, que ultima la incorporaci\u00f3 de 245 efectius al Consorci en els pr\u00f2xims mesos, proposa increments retributius i de plantilla, ajustant-se a les limitacions que actualment marca l&#8217;Estat per la DANA.<\/h3>\n\n\n\n<h3 class=\"wp-block-heading\">El diputat d&#8217;Emerg\u00e8ncies, Avelino Mascarell, considera que \u201cel problema no est\u00e0 en la gesti\u00f3 ni en la falta de voluntat per a arribar a acords, sin\u00f3 en la p\u00e8rdua d&#8217;hores extra que tindr\u00e0 lloc amb les noves incorporacions\u201d.<\/h3>\n\n\n\n<p class=\"wp-block-paragraph\">La Diputaci\u00f3 de Val\u00e8ncia mant\u00e9 la m\u00e0 tendida als bombers del Consorci Provincial per a arribar a acords que acaben amb les protestes i normalitzen un servici \u201cde vital import\u00e0ncia per a la ciutadania\u201d. Aix\u00ed ho ha expressat este dimecres la diputada d&#8217;Hisenda, Laura S\u00e1ez, qui ha recordat que acceptar les demandes del col\u00b7lectiu \u201csuposaria comprometre una despesa que est\u00e0 per damunt del creixement perm\u00e9s pel Govern central, tal com ha explicat l&#8217;interventor\u201d. S\u00e1ez ha apel\u00b7lat a la responsabilitat dels bombers i ha fet una crida al di\u00e0leg constructiu per damunt del soroll: \u201csempre hem estat i estarem disposats a reunir-nos per a arribar a acords dins de la legalitat\u201d.<\/p>\n\n\n\n<p class=\"wp-block-paragraph\">La titular provincial d&#8217;Hisenda ha deixat clar que l&#8217;equip de govern de la Diputaci\u00f3 \u201c\u00e9s conscient de la import\u00e0ncia d&#8217;un servici fonamental per a la seguretat de les persones i la conservaci\u00f3 del nostre entorn, per\u00f2 no podem actuar de manera irresponsable i d&#8217;esquenes a la legalitat vigent davant la pressi\u00f3 d&#8217;un col\u00b7lectiu que, fins al moment, exigix coses que no estan a les nostres mans\u201d. En este sentit, l&#8217;interventor de la corporaci\u00f3 provincial va explicar en l&#8217;\u00faltim ple que l&#8217;increment que demanen els bombers, amb un cost de nou milions d&#8217;euros, \u201cara mateix no \u00e9s viable amb la Llei de Pressupostos del Govern, encara que podria ser-ho encaixant-lo en la regla de despesa i de manera progressiva\u201d.<\/p>\n\n\n\n<p class=\"wp-block-paragraph\">En eixe punt ha repr\u00e9s l&#8217;assumpte Laura S\u00e1ez, que ha explicat les \u00faltimes propostes de la Diputaci\u00f3: \u201catenent la petici\u00f3 dels bombers de reduir en sis el nombre de gu\u00e0rdies anuals, i tenint en compte que per cada gu\u00e0rdia que s&#8217;elimine seran necessaris 15 nous efectius, varem plantejar que es cobrisquen ara les places pendents i, a partir de 2027, ajustant-nos als l\u00edmits de despesa que fixe el Ministeri, crear cada any 15 nous llocs fins arribar als que siguen necessaris per a eliminar eixes gu\u00e0rdies\u201d. La proposta, en la l\u00ednia de la normativa europea que limita la nocturnitat dels operaris per a protegir el seu descans, va ser rebutjada pels bombers.<\/p>\n\n\n\n<p class=\"wp-block-paragraph\">Una vegada rebutjada la proposta que contemplava 91 nous efectius a partir de 2027, la corporaci\u00f3 va elaborar un nou document que tampoc satisf\u00e0 les pretensions dels bombers. \u201cLes \u00faltimes millores que se&#8217;ls han oferit inclouen el refor\u00e7 de les dotacions per a este mateix any; un increment retributiu per als tres pr\u00f2xims anys, especialment considerable en 2026 amb 1.200 euros per operari; i la incorporaci\u00f3 de 30 nous efectius entre 2030 i 2031, a m\u00e9s d&#8217;altres beneficis en mat\u00e8ria de permisos i complements\u201d, explica S\u00e1ez.<\/p>\n\n\n\n<p class=\"wp-block-paragraph\">La responsable provincial s&#8217;ha detingut en el context actual de reconstrucci\u00f3 despr\u00e9s de la riuada del passat mes d&#8217;octubre. \u201cNo es tracta de justificar res. \u00c9s una realitat que tenim un pressupost excepcional marcat per la dana, per a donar resposta a les necessitats dels municipis afectats sense oblidar a la resta. I tamb\u00e9 \u00e9s un fet que hem recorregut a l&#8217;endeutament davant esta situaci\u00f3 excepcional i que hem demanat al Ministeri que no compute la despesa de la dana perqu\u00e8 no es redu\u00efsca el seg\u00fcent pressupost. Atendrem les demandes dels bombers sense incomplir les regles fiscals, per a no posar en perill els servicis i ajudes als municipis. I, per descomptat, continuarem donant resposta a les necessitats del Consorci com hem fet fins ara, amb inversions i recursos que tripliquen els aportats en anteriors legislatures\u201d.<\/p>\n\n\n\n<p class=\"wp-block-paragraph\"><strong>Hores extraordin\u00e0ries<\/strong><\/p>\n\n\n\n<p class=\"wp-block-paragraph\">El diputat responsable d&#8217;Emerg\u00e8ncies, Avelino Mascarell, s&#8217;ha encarregat d&#8217;exposar la situaci\u00f3 actual del Consorci i analitzar l&#8217;evoluci\u00f3 de les inversions a les quals ha fet refer\u00e8ncia la seua companya en l&#8217;executiva provincial. Tal com va corroborar l&#8217;interventor de la Diputaci\u00f3 en l&#8217;\u00faltima sessi\u00f3 plen\u00e0ria, el Consorci t\u00e9 ja creats els 900 llocs de treball necessaris per a oferir el servici, dels quals m\u00e9s de 200 places es cobriran a principis del pr\u00f2xim any, una vegada finalitzats els processos d&#8217;oposici\u00f3 i publicades les llistes per part dels tribunals.<\/p>\n\n\n\n<p class=\"wp-block-paragraph\">En opini\u00f3 del diputat, \u201cno \u00e9s una q\u00fcesti\u00f3 de mala gesti\u00f3 o de falta de di\u00e0leg per a arribar a acords. El conflicte ve perqu\u00e8 els nous efectius que incorporarem en els pr\u00f2xims mesos per a cobrir les places que l&#8217;anterior govern no va cobrir reduiran les hores extres a la m\u00ednima expressi\u00f3, i aix\u00f2 \u00e9s una cosa que, pel que sembla, no conven\u00e7 als qui arriben a cobrar m\u00e9s de 800 euros per una jornada extraordin\u00e0ria de 24 hores\u201d. Avelino Mascarell ha aportat dades: \u201centre novembre de 2024 i gener de 2025, un total de 136 bombers del Consorci van cobrar m\u00e9s de 10.000 euros en hores extra, i alguns van arribar a superar els 40.000 euros amb les hores extra en un trimestre\u201d.<\/p>\n\n\n\n<p class=\"wp-block-paragraph\">El president delegat del Consorci ha repassat la taula salarial d&#8217;una plantilla que en el moment actual frega els 800 treballadors, dels quals un 30,74% cobra entre 60.000 i 70.000 euros anuals; el 22,06% entre 50.000 i 60.000; i el 18,01% entre 70.000 i 80.000 euros. A m\u00e9s, un 4,61% guanya m\u00e9s de 100.000 euros a l&#8217;any; un 4,09% se situa entre els 90.000 i els 100.000 euros; el 8,03% rep entre 80.000 i 90.000; i un 6,82% entre 40.000 i 50.000 euros.<\/p>\n\n\n\n<p class=\"wp-block-paragraph\">El responsable del Consorci lamenta el paper que est\u00e0 jugant l&#8217;oposici\u00f3 en el proc\u00e9s negociador amb els bombers. \u201cNo \u00e9s coherent demanar que es rebaixen gu\u00e0rdies i es pose fi a una situaci\u00f3 heretada que no ens agrada, tractant d&#8217;incorporar personal per a protegir els bombers i el seu descans, i al mateix temps mantindre eixes hores extraordin\u00e0ries que \u00e9s el que es pret\u00e9n reduir amb els nous efectius\u201d, ha afegit Mascarell.<\/p>\n\n\n\n<p class=\"wp-block-paragraph\"><strong>Inversions i places<\/strong><\/p>\n\n\n\n<p class=\"wp-block-paragraph\">El diputat Mascarell s&#8217;ha detingut en els dos primers anys del govern provincial que van formar el PSPV i Comprom\u00eds, amb Esquerra Unida i Podemos, i els dos anys que porta gestionant la corporaci\u00f3 l&#8217;actual govern compartit pel PP i Ens Uneix. Entre 2015 i 2017 es van destinar 3,5 milions a inversions en el Consorci, enfront dels 17,5 milions de la present legislatura, entre 2023 i 2025. La despesa en vehicles tamb\u00e9 es quintuplica: 1,7 milions abans i quasi nou milions ara. A m\u00e9s, es triplica la inversi\u00f3 en maquin\u00e0ria i es duplica la d&#8217;inform\u00e0tica, amb una \u00faltima dada que ha destacat Avelino Mascarell: 6,1 milions en obres i infraestructures pels zero euros dels dos primers anys de Josep Bort al capdavant del Consorci.<\/p>\n\n\n\n<p class=\"wp-block-paragraph\">El responsable d&#8217;Emerg\u00e8ncies ha insistit que \u201cla inversi\u00f3 i els recursos no s\u00f3n el problema, ni tampoc la gesti\u00f3, on hem desbloquejat la formaci\u00f3 en l&#8217;IVASPE per a poder incorporar als nous bombers i la carrera professional, amb una nova taula que duplica els imports\u201d. En la seua opini\u00f3, \u201cs\u00f3n un altre tipus d&#8217;interessos els que estan alimentant el conflicte i impedint que arribem a acords raonables per a resoldre la situaci\u00f3 i encarar de la millor manera el futur del Consorci i els seus treballadors\u201d. \u201cEnfront d&#8217;estes pressions que busquen satisfer interessos que s\u00f3n inviables, mantindrem la m\u00e0 tendida i continuarem amb el full de ruta d&#8217;incrementar la plantilla i millorar els recursos del Consorci\u201d, ha afegit.<\/p>\n\n\n\n<p class=\"wp-block-paragraph\">El full de ruta passa per incorporar entre finals d&#8217;enguany i principis de 2026 als 245 efectius que ja han aprovat l&#8217;oposici\u00f3, i a partir d&#8217;ac\u00ed encarar nous processos que permeten reduir el nombre de gu\u00e0rdies anuals dels bombers. \u201cLes dades s\u00f3n les que s\u00f3n. Entre 2015 i 2023 es van cobrir 49 places i nom\u00e9s va haver-hi dos convocat\u00f2ries, la segona just abans de les eleccions del 23. \u00c9s curi\u00f3s que els responsables d&#8217;eixa gesti\u00f3 deficit\u00e0ria q\u00fcestionen ara a un equip de govern que, en dos anys, ha llan\u00e7at diverses ofertes d&#8217;ocupaci\u00f3 per a cobrir m\u00e9s de 200 places, a les quals cal afegir un centenar llarg de bombers interins\u201d, ha concl\u00f2s el diputat d&#8217;Emerg\u00e8ncies.<\/p>\n","protected":false},"excerpt":{"rendered":"<div class=\"mh-excerpt\">La diputada d&#8217;Hisenda, Laura S\u00e1ez, insistix que les demandes del col\u00b7lectiu \u201csuposen comprometre una despesa que est\u00e0 per damunt del creixement que permet el Govern, tal com ha explicat l&#8217;interventor\u201d. La instituci\u00f3, que ultima la <a class=\"mh-excerpt-more\" href=\"https:\/\/tucomarca.whitekongsoftware.com\/ca\/la-diputacio-tendix-la-ma-als-bombers-per-a-arribar-a-acords-en-el-marc-de-la-llei-i-el-context-de-la-dana\/\" title=\"La Diputaci\u00f3 tendix la m\u00e0 als bombers per a arribar a acords en el marc de la llei i el context de la DANA\">[+] <\/a><\/div>\n","protected":false},"author":13,"featured_media":274568,"comment_status":"open","ping_status":"open","sticky":false,"template":"","format":"standard","meta":{"footnotes":""},"categories":[21466,10898,10948,10894,10904,10903,10947,10896,10897],"tags":[20342,15409,11199,21009],"class_list":["post-274570","post","type-post","status-publish","format-standard","has-post-thumbnail","category-dana-ca","category-ventana-ca","category-infraestructuras-ca","category-la-comarca-ca","category-sin-categorizar-ca","category-medio-ambiente-la-comarca-ca","category-politica","category-seccion-ca","category-sucesos-la-comarca-ca","tag-bomberos-consorcio-provincial-de-bomberos-de-valencia-ca","tag-dana-2-ca","tag-la-comunitat-ca","tag-la-diputacio-de-valencia-ca"],"_links":{"self":[{"href":"https:\/\/tucomarca.whitekongsoftware.com\/ca\/wp-json\/wp\/v2\/posts\/274570","targetHints":{"allow":["GET"]}}],"collection":[{"href":"https:\/\/tucomarca.whitekongsoftware.com\/ca\/wp-json\/wp\/v2\/posts"}],"about":[{"href":"https:\/\/tucomarca.whitekongsoftware.com\/ca\/wp-json\/wp\/v2\/types\/post"}],"author":[{"embeddable":true,"href":"https:\/\/tucomarca.whitekongsoftware.com\/ca\/wp-json\/wp\/v2\/users\/13"}],"replies":[{"embeddable":true,"href":"https:\/\/tucomarca.whitekongsoftware.com\/ca\/wp-json\/wp\/v2\/comments?post=274570"}],"version-history":[{"count":0,"href":"https:\/\/tucomarca.whitekongsoftware.com\/ca\/wp-json\/wp\/v2\/posts\/274570\/revisions"}],"wp:featuredmedia":[{"embeddable":true,"href":"https:\/\/tucomarca.whitekongsoftware.com\/ca\/wp-json\/wp\/v2\/media\/274568"}],"wp:attachment":[{"href":"https:\/\/tucomarca.whitekongsoftware.com\/ca\/wp-json\/wp\/v2\/media?parent=274570"}],"wp:term":[{"taxonomy":"category","embeddable":true,"href":"https:\/\/tucomarca.whitekongsoftware.com\/ca\/wp-json\/wp\/v2\/categories?post=274570"},{"taxonomy":"post_tag","embeddable":true,"href":"https:\/\/tucomarca.whitekongsoftware.com\/ca\/wp-json\/wp\/v2\/tags?post=274570"}],"curies":[{"name":"wp","href":"https:\/\/api.w.org\/{rel}","templated":true}]}}