{"id":274564,"date":"2025-08-06T12:00:00","date_gmt":"2025-08-06T10:00:00","guid":{"rendered":"https:\/\/www.tucomarca.com\/wordpress\/segunda\/?p=274564"},"modified":"2025-08-06T18:07:56","modified_gmt":"2025-08-06T16:07:56","slug":"mazon-denuncia-labando-del-govern-als-autonoms-i-exigeix-activar-de-manera-immediata-i-retroactiva-la-prestacio-extraordinaria-per-la-dana","status":"publish","type":"post","link":"https:\/\/tucomarca.whitekongsoftware.com\/ca\/mazon-denuncia-labando-del-govern-als-autonoms-i-exigeix-activar-de-manera-immediata-i-retroactiva-la-prestacio-extraordinaria-per-la-dana\/","title":{"rendered":"Maz\u00f3n denuncia \u201cl&#8217;aband\u00f3 del Govern\u201d als aut\u00f2noms i exigeix activar \u201cde manera immediata i retroactiva\u201d la prestaci\u00f3 extraordin\u00e0ria per la DANA"},"content":{"rendered":"\n<h3 class=\"wp-block-heading\">Subratlla que l&#8217;Executiu \u201cincompleix la seua promesa a m\u00e9s de 5.000 aut\u00f2noms valencians\u201d al no renovar les ajudes al cessament d&#8217;activitat per for\u00e7a major que va anunciar i reclama \u201cl&#8217;exempci\u00f3 total de les quotes d&#8217;aut\u00f2noms en 2025\u201d.<\/h3>\n\n\n\n<h3 class=\"wp-block-heading\">Posa en valor les mesures adoptades pel Consell per a fer costat als aut\u00f2noms afectats per les riuades i critica que el Govern obligue a tributar a pimes i aut\u00f2noms per les ajudes de la Generalitat.<\/h3>\n\n\n\n<h3 class=\"wp-block-heading\">El cap del Consell es reuneix amb el president de ATA CV per a avaluar la situaci\u00f3 actual dels treballadors aut\u00f2noms i refor\u00e7ar el comprom\u00eds de la Generalitat amb aquest col\u00b7lectiu per a accelerar la recuperaci\u00f3 econ\u00f2mica i social.<\/h3>\n\n\n\n<p class=\"wp-block-paragraph\">El president de la Generalitat, Carlos Maz\u00f3n, ha denunciat el \u201caband\u00f3 del Govern d&#8217;Espanya als aut\u00f2noms de la Comunitat Valenciana\u201d i ha exigit \u201cl&#8217;activaci\u00f3 immediata i amb efectes retroactius\u201d de les ajudes al cessament de l&#8217;activitat per raons de for\u00e7a major que l&#8217;Executiu va anunciar al gener.&nbsp;<\/p>\n\n\n\n<p class=\"wp-block-paragraph\">Aix\u00ed ho ha destacat despr\u00e9s de la reuni\u00f3 mantinguda amb el president de l&#8217;Associaci\u00f3 de Treballadors Aut\u00f2noms (LLIGA) de la Comunitat Valenciana, Alberto Ara, per a abordar la situaci\u00f3 actual d&#8217;aquest col\u00b7lectiu afectat per les riuades i refor\u00e7ar el comprom\u00eds de la Generalitat amb els aut\u00f2noms per a continuar avan\u00e7ant en la recuperaci\u00f3 econ\u00f2mica i social del nostre territori.&nbsp;<\/p>\n\n\n\n<p class=\"wp-block-paragraph\">El cap del Consell ha assenyalat que l&#8217;Executiu central \u201cincompleix la seua promesa a m\u00e9s de 5.000 aut\u00f2noms valencians afectats per les riuades\u201d al no renovar les ajudes al cessament d&#8217;activitat per for\u00e7a major que va anunciar fa sis mesos quan va finalitzar la prestaci\u00f3 extraordin\u00e0ria el passat 31 de gener.<\/p>\n\n\n\n<p class=\"wp-block-paragraph\">Maz\u00f3n ha explicat que aquestes ajudes s\u00f3n fonamentals per a la superviv\u00e8ncia de molts negocis arrasats per la riuada del passat mes d&#8217;octubre i perqu\u00e8 els aut\u00f2noms continuen sent una palanca de creixement i creaci\u00f3 d&#8217;ocupaci\u00f3, per la qual cosa ha considerat \u201cmoralment just\u201d que els aut\u00f2noms puguen disposar d&#8217;aquesta prestaci\u00f3.&nbsp;<\/p>\n\n\n\n<p class=\"wp-block-paragraph\">Aix\u00ed, ha remarcat que el Govern \u201cha enganyat i fallat als aut\u00f2noms en la Comunitat Valenciana\u201d, al mateix temps que ha incidit en qu\u00e8 \u201cm\u00e9s de 20.000 aut\u00f2noms es troben en una situaci\u00f3 injusta a conseq\u00fc\u00e8ncia de l&#8217;aband\u00f3 de l&#8217;Executiu central\u201d.<\/p>\n\n\n\n<p class=\"wp-block-paragraph\">A m\u00e9s, el president ha reclamat \u201cl&#8217;exempci\u00f3 total de les quotes d&#8217;aut\u00f2noms almenys durant 2025\u201d perqu\u00e8 cap aut\u00f2nom damnificat per les inundacions les pague i ha lamentat que el Govern \u201ccontinue negant-se a aquesta ajuda\u201d.<\/p>\n\n\n\n<p class=\"wp-block-paragraph\">De la manyaga mode, ha retret que l&#8217;Executiu no haja declarat exemptes de tributaci\u00f3 les ajudes concedides per la Generalitat a aut\u00f2noms i empreses que han hagut de declarar-les en la campanya de la renda 2024 a difer\u00e8ncia del que ocorre amb les ajudes estatals.<\/p>\n\n\n\n<p class=\"wp-block-paragraph\">Sobre aquest tema, ha recordat que el Consell va tractar sense \u00e8xit que el Govern realitzara la modificaci\u00f3 legal necess\u00e0ria per a equiparar el tractament fiscal de les ajudes auton\u00f2miques a les estatals i ha sol\u00b7licitat el mateix tracte per a les prestacions auton\u00f2miques i estatals.<\/p>\n\n\n\n<p class=\"wp-block-paragraph\"><strong>Suport i comprom\u00eds amb els aut\u00f2noms<\/strong><\/p>\n\n\n\n<p class=\"wp-block-paragraph\">Durant el seu discurs, el president ha posat en valor les mesures adoptades pel Consell per a fer costat als aut\u00f2noms afectats per les riuades, entre les quals ha destacat l&#8217;ajuda extraordin\u00e0ria per a aut\u00f2noms sense empleats dissenyada com una renda complement\u00e0ria de subsist\u00e8ncia per a contribuir a reprendre la seua activitat econ\u00f2mica i mantindre l&#8217;ocupaci\u00f3.&nbsp;<\/p>\n\n\n\n<p class=\"wp-block-paragraph\">Per a aix\u00f2, la Generalitat va mobilitzar 92 milions en dues convocat\u00f2ries \u201camb ajudes directes i sense burocr\u00e0cia de 3.000 euros per cada aut\u00f2nom\u201d de les quals s&#8217;han beneficiat \u201cun total de 18.538 aut\u00f2noms sense empleats que han rebut 55 milions d&#8217;euros\u201d, segons ha remarcat el cap del Consell.&nbsp;<\/p>\n\n\n\n<p class=\"wp-block-paragraph\">Igualment, s&#8217;ha referit al decret amb 100 milions d&#8217;euros per a ajudes directes a empreses i aut\u00f2noms amb empleats \u201cdels quals la Generalitat ha pagat 76,2 milions d&#8217;euro, la qual cosa ha perm\u00e9s mantindre fins al moment 72.000 llocs de treball\u201d.<\/p>\n\n\n\n<p class=\"wp-block-paragraph\">A tot aix\u00f2 se sumen altres instruments d&#8217;ajuda a aut\u00f2noms i pimes com els 350 milions d&#8217;euros en pr\u00e9stecs a cost zero de l&#8217;Institut Valenci\u00e0 de Finances i la Societat de Garantia Rec\u00edproca, dels quals el cap del Consell ha incidit en qu\u00e8 s\u00f3n cr\u00e8dits \u201csense interessos a difer\u00e8ncia del Govern d&#8217;Espanya\u201d.&nbsp;<\/p>\n\n\n\n<p class=\"wp-block-paragraph\">Tampoc cal oblidar l&#8217;ampliaci\u00f3 de les ajudes destinades a compensar la p\u00e8rdua de vehicles provocada per les inundacions, que s&#8217;ha est\u00e9s a persones jur\u00eddiques i no sols abasten turismes, sin\u00f3 tamb\u00e9 autobusos, camions de m\u00e9s de 3.500 kg, tractors, remolcs, entre altres.&nbsp;<\/p>\n\n\n\n<p class=\"wp-block-paragraph\">Per tot aix\u00f2, el president ha qualificat de \u201cextraordin\u00e0ria\u201d l&#8217;ajuda de la Generalitat per als aut\u00f2noms\u201d en contraposici\u00f3 a l&#8217;actitud del Govern d&#8217;Espanya que \u201cha menystingut als aut\u00f2noms que s&#8217;han convertit en veritables herois en la Comunitat Valenciana\u201d, en al\u00b7lusi\u00f3 al lideratge del nostre territori en creaci\u00f3 d&#8217;aut\u00f2noms en arribar a la \u201cxifra hist\u00f2rica de 384.000 aut\u00f2noms\u201d en el nostre territori, segons ha assenyalat.<\/p>\n\n\n\n<p class=\"wp-block-paragraph\">El president ha ratificat l&#8217;aposta de la Generalitat per continuar defensant els interessos dels aut\u00f2noms i ha assegurat que \u201caquest Consell no els abandonar\u00e0 i continuarem implementant ajudes, cr\u00e8dits sense interessos, i plans de xoc\u201d, a m\u00e9s d&#8217;avan\u00e7ar que la Generalitat \u201cposar\u00e0 en marxa noves mesures de suport per als aut\u00f2noms.<\/p>\n\n\n\n<figure class=\"wp-block-gallery has-nested-images columns-2 is-cropped wp-block-gallery-1 is-layout-flex wp-block-gallery-is-layout-flex\">\n<figure class=\"wp-block-image size-large\"><img loading=\"lazy\" decoding=\"async\" width=\"1024\" height=\"683\" data-id=\"274561\" src=\"https:\/\/www.tucomarca.com\/wordpress\/segunda\/wp-content\/uploads\/2025\/08\/MazonPrestacionDana04-1024x683.jpeg\" alt=\"\" class=\"wp-image-274561\" srcset=\"https:\/\/tucomarca.whitekongsoftware.com\/wp-content\/uploads\/2025\/08\/MazonPrestacionDana04-1024x683.jpeg 1024w, https:\/\/tucomarca.whitekongsoftware.com\/wp-content\/uploads\/2025\/08\/MazonPrestacionDana04-300x200.jpeg 300w, https:\/\/tucomarca.whitekongsoftware.com\/wp-content\/uploads\/2025\/08\/MazonPrestacionDana04-768x512.jpeg 768w, https:\/\/tucomarca.whitekongsoftware.com\/wp-content\/uploads\/2025\/08\/MazonPrestacionDana04-1536x1024.jpeg 1536w, https:\/\/tucomarca.whitekongsoftware.com\/wp-content\/uploads\/2025\/08\/MazonPrestacionDana04-2048x1365.jpeg 2048w\" sizes=\"auto, (max-width: 1024px) 100vw, 1024px\" \/><\/figure>\n\n\n\n<figure class=\"wp-block-image size-large\"><img loading=\"lazy\" decoding=\"async\" width=\"1024\" height=\"777\" data-id=\"274557\" src=\"https:\/\/www.tucomarca.com\/wordpress\/segunda\/wp-content\/uploads\/2025\/08\/MazonPrestacionDana02-1024x777.jpeg\" alt=\"\" class=\"wp-image-274557\" srcset=\"https:\/\/tucomarca.whitekongsoftware.com\/wp-content\/uploads\/2025\/08\/MazonPrestacionDana02-1024x777.jpeg 1024w, https:\/\/tucomarca.whitekongsoftware.com\/wp-content\/uploads\/2025\/08\/MazonPrestacionDana02-300x227.jpeg 300w, https:\/\/tucomarca.whitekongsoftware.com\/wp-content\/uploads\/2025\/08\/MazonPrestacionDana02-768x582.jpeg 768w, https:\/\/tucomarca.whitekongsoftware.com\/wp-content\/uploads\/2025\/08\/MazonPrestacionDana02-1536x1165.jpeg 1536w, https:\/\/tucomarca.whitekongsoftware.com\/wp-content\/uploads\/2025\/08\/MazonPrestacionDana02-2048x1553.jpeg 2048w, https:\/\/tucomarca.whitekongsoftware.com\/wp-content\/uploads\/2025\/08\/MazonPrestacionDana02-80x60.jpeg 80w\" sizes=\"auto, (max-width: 1024px) 100vw, 1024px\" \/><\/figure>\n\n\n\n<figure class=\"wp-block-image size-large\"><img loading=\"lazy\" decoding=\"async\" width=\"1024\" height=\"683\" data-id=\"274556\" src=\"http:\/\/www.tucomarca.com\/wordpress\/segunda\/wp-content\/uploads\/2025\/08\/MazonPrestacionDana01-1024x683.jpg\" alt=\"\" class=\"wp-image-274556\" srcset=\"https:\/\/tucomarca.whitekongsoftware.com\/wp-content\/uploads\/2025\/08\/MazonPrestacionDana01-1024x683.jpg 1024w, https:\/\/tucomarca.whitekongsoftware.com\/wp-content\/uploads\/2025\/08\/MazonPrestacionDana01-300x200.jpg 300w, https:\/\/tucomarca.whitekongsoftware.com\/wp-content\/uploads\/2025\/08\/MazonPrestacionDana01-768x512.jpg 768w, https:\/\/tucomarca.whitekongsoftware.com\/wp-content\/uploads\/2025\/08\/MazonPrestacionDana01-1536x1024.jpg 1536w, https:\/\/tucomarca.whitekongsoftware.com\/wp-content\/uploads\/2025\/08\/MazonPrestacionDana01-2048x1365.jpg 2048w\" sizes=\"auto, (max-width: 1024px) 100vw, 1024px\" \/><\/figure>\n<\/figure>\n","protected":false},"excerpt":{"rendered":"<div class=\"mh-excerpt\">Subratlla que l&#8217;Executiu \u201cincompleix la seua promesa a m\u00e9s de 5.000 aut\u00f2noms valencians\u201d al no renovar les ajudes al cessament d&#8217;activitat per for\u00e7a major que va anunciar i reclama \u201cl&#8217;exempci\u00f3 total de les quotes d&#8217;aut\u00f2noms <a class=\"mh-excerpt-more\" href=\"https:\/\/tucomarca.whitekongsoftware.com\/ca\/mazon-denuncia-labando-del-govern-als-autonoms-i-exigeix-activar-de-manera-immediata-i-retroactiva-la-prestacio-extraordinaria-per-la-dana\/\" title=\"Maz\u00f3n denuncia \u201cl&#8217;aband\u00f3 del Govern\u201d als aut\u00f2noms i exigeix activar \u201cde manera immediata i retroactiva\u201d la prestaci\u00f3 extraordin\u00e0ria per la DANA\">[+] <\/a><\/div>\n","protected":false},"author":13,"featured_media":274560,"comment_status":"open","ping_status":"open","sticky":false,"template":"","format":"gallery","meta":{"footnotes":""},"categories":[21466,10898,10948,10894,10904,10903,10947,10896,10897],"tags":[18807,15409,11498,11199,11140],"class_list":["post-274564","post","type-post","status-publish","format-gallery","has-post-thumbnail","category-dana-ca","category-ventana-ca","category-infraestructuras-ca","category-la-comarca-ca","category-sin-categorizar-ca","category-medio-ambiente-la-comarca-ca","category-politica","category-seccion-ca","category-sucesos-la-comarca-ca","tag-carlos-mazon-ca","tag-dana-2-ca","tag-generalitat-valenciana-ca","tag-la-comunitat-ca","tag-politica-ca","post_format-post-format-gallery"],"_links":{"self":[{"href":"https:\/\/tucomarca.whitekongsoftware.com\/ca\/wp-json\/wp\/v2\/posts\/274564","targetHints":{"allow":["GET"]}}],"collection":[{"href":"https:\/\/tucomarca.whitekongsoftware.com\/ca\/wp-json\/wp\/v2\/posts"}],"about":[{"href":"https:\/\/tucomarca.whitekongsoftware.com\/ca\/wp-json\/wp\/v2\/types\/post"}],"author":[{"embeddable":true,"href":"https:\/\/tucomarca.whitekongsoftware.com\/ca\/wp-json\/wp\/v2\/users\/13"}],"replies":[{"embeddable":true,"href":"https:\/\/tucomarca.whitekongsoftware.com\/ca\/wp-json\/wp\/v2\/comments?post=274564"}],"version-history":[{"count":0,"href":"https:\/\/tucomarca.whitekongsoftware.com\/ca\/wp-json\/wp\/v2\/posts\/274564\/revisions"}],"wp:featuredmedia":[{"embeddable":true,"href":"https:\/\/tucomarca.whitekongsoftware.com\/ca\/wp-json\/wp\/v2\/media\/274560"}],"wp:attachment":[{"href":"https:\/\/tucomarca.whitekongsoftware.com\/ca\/wp-json\/wp\/v2\/media?parent=274564"}],"wp:term":[{"taxonomy":"category","embeddable":true,"href":"https:\/\/tucomarca.whitekongsoftware.com\/ca\/wp-json\/wp\/v2\/categories?post=274564"},{"taxonomy":"post_tag","embeddable":true,"href":"https:\/\/tucomarca.whitekongsoftware.com\/ca\/wp-json\/wp\/v2\/tags?post=274564"}],"curies":[{"name":"wp","href":"https:\/\/api.w.org\/{rel}","templated":true}]}}