{"id":274552,"date":"2025-08-06T11:00:00","date_gmt":"2025-08-06T09:00:00","guid":{"rendered":"https:\/\/www.tucomarca.com\/wordpress\/segunda\/?p=274552"},"modified":"2025-08-06T18:01:59","modified_gmt":"2025-08-06T16:01:59","slug":"ava-asaja-alerta-duna-multiplicacio-extraordinaria-de-conills-que-agreuja-els-danys-de-la-fauna-salvatge-en-el-camp-valencia","status":"publish","type":"post","link":"https:\/\/tucomarca.whitekongsoftware.com\/ca\/ava-asaja-alerta-duna-multiplicacio-extraordinaria-de-conills-que-agreuja-els-danys-de-la-fauna-salvatge-en-el-camp-valencia\/","title":{"rendered":"AVA-Asaja alerta d&#8217;una \u201cmultiplicaci\u00f3 extraordin\u00e0ria\u201d de conills que agreuja els danys de la fauna salvatge en el camp valenci\u00e0"},"content":{"rendered":"\n<h3 class=\"wp-block-heading\">L&#8217;associaci\u00f3 insisteix als ajuntaments que s&#8217;impliquen i aprofiten les mesures aprovades per la Generalitat per a posar l\u00edmit a aquest problema creixent.<\/h3>\n\n\n\n<p class=\"wp-block-paragraph\">Quan els agricultors de la Comunitat Valenciana van comen\u00e7ar a detectar que l&#8217;increment exponencial i descontrolat de la fauna salvatge provocava danys significatius en els seus camps, el conill de muntanya era l&#8217;esp\u00e8cie cineg\u00e8tica que m\u00e9s preocupava per la seua major quantitat i pres\u00e8ncia en la superf\u00edcie agr\u00e0ria, tant a l&#8217;interior com en el litoral auton\u00f2mic. Amb el pas dels anys, el senglar i, en menor mesura, altres animals silvestres com les cabres munteses i cabirols han anat rosegant protagonisme al conill. No obstant aix\u00f2, si b\u00e9 mai ha deixat d&#8217;ocasionar perjudicis, l&#8217;Associaci\u00f3 Valenciana d&#8217;Agricultors (AVA-Asaja) alerta d&#8217;una \u201cmultiplicaci\u00f3 extraordin\u00e0ria de conills al llarg d&#8217;enguany que torna a posar en el punt de mira el seu tremend impacte sobre l&#8217;agricultura valenciana i espanyola\u201d.\u00a0<\/p>\n\n\n\n<p class=\"wp-block-paragraph\">La plaga de conills causa danys especialment greus en les vinyes (des que sorgeixen els primers brots verds dels ceps, delmant la producci\u00f3 de la pr\u00f2xima verema), en els tarongers (en rosegar tot el contorn dels troncs, sentencien a mort l&#8217;arbratge perqu\u00e8 tallen la circulaci\u00f3 de la saba elaborada), en els plan\u00e7ons de fruiters, c\u00edtrics i oliveres (fins i tot en aquells casos que s&#8217;han instal\u00b7lat malles protectores) i en les produccions de cultius herbacis, hortalisses, melons i melons d&#8217;Alger que es troben prop del seu moment de recol\u00b7lecci\u00f3.<\/p>\n\n\n\n<p class=\"wp-block-paragraph\">El delegat de AVA-Asaja a Picassent, Paco Laza, lamenta que \u201ccada dia \u00e9s habitual veure molts conills rondant pels horts, \u00e9s una barbaritat el que s&#8217;han multiplicat. Quan no mengen herbes, verdures o fruites, destrossen les escorces dels arbres. Un agricultor del poble m&#8217;ensenya que en pocs dies s&#8217;han carregat diversos tarongers. A m\u00e9s de refugiar-se en barrancs, infraestructures i camps abandonats, ara tamb\u00e9 s&#8217;amaguen entre els canyars que va arrossegar la DANA i estan arrelant per tots costats\u201d.<\/p>\n\n\n\n<p class=\"wp-block-paragraph\">Crist\u00f3bal Aguado, president de AVA-Asaja, afirma que \u201cla propagaci\u00f3 dels conills no fa sin\u00f3 amplificar els estralls que la fauna salvatge ve provocant en el sector agrari i la societat en general. Els senglars baixen fins a les platges causant p\u00e8rdues agr\u00e0ries, destrosses urbanes, accidents de tr\u00e0nsit i atacs a persones, incloent-hi estiuejants que acudeixen als pobles i acaben a l&#8217;hospital. Els voltors estan aguaitant a ovelles, cabres i vaques i contaminant l&#8217;aigua dels seus abeuradors, la qual cosa genera el rebuig a beure i menjar en les pastures. La fauna salvatge tamb\u00e9 \u00e9s un problema de salut p\u00fablica perqu\u00e8 transmet malalties. Se&#8217;ns ha anat de les mans i hem d&#8217;actuar abans que les conseq\u00fc\u00e8ncies siguen encara m\u00e9s desastroses\u201d.\u00a0<\/p>\n\n\n\n<p class=\"wp-block-paragraph\">Sobre aquest tema, AVA-Asaja insisteix als ajuntaments que, com a organismes de gesti\u00f3 m\u00e9s pr\u00f2xims al territori, s&#8217;impliquen a fons, es coordinen amb els ca\u00e7adors (en cas de tindre vedat de ca\u00e7a) i aprofiten les mesures aprovades per la Generalitat Valenciana per a atallar aquest problema creixent, com les ajudes publicades per la Conselleria d&#8217;Agricultura destinades a facilitar el control poblacional del senglar en els municipis declarats amb sobreabund\u00e0ncia de fauna salvatge i el nou decret de la Conselleria de Medi Ambient que estableix les directrius per a la gesti\u00f3 cineg\u00e8tica i el control poblacional d&#8217;ungulats silvestres (l&#8217;organitzaci\u00f3 agr\u00e0ria insta a la Generalitat a estendre aquest decret a la resta d&#8217;esp\u00e8cies cineg\u00e8tiques i silvestres que requereixen control poblacional). Per a Aigualit, \u201cels consistoris han de ser la primera l\u00ednia del front per a dur a terme les actuacions necess\u00e0ries i per a aix\u00f2 demanarem m\u00e9s ajudes i m\u00e9s mesures de suport per part de la Generalitat i el Govern\u201d.<\/p>\n","protected":false},"excerpt":{"rendered":"<div class=\"mh-excerpt\">L&#8217;associaci\u00f3 insisteix als ajuntaments que s&#8217;impliquen i aprofiten les mesures aprovades per la Generalitat per a posar l\u00edmit a aquest problema creixent. Quan els agricultors de la Comunitat Valenciana van comen\u00e7ar a detectar que l&#8217;increment <a class=\"mh-excerpt-more\" href=\"https:\/\/tucomarca.whitekongsoftware.com\/ca\/ava-asaja-alerta-duna-multiplicacio-extraordinaria-de-conills-que-agreuja-els-danys-de-la-fauna-salvatge-en-el-camp-valencia\/\" title=\"AVA-Asaja alerta d&#8217;una \u201cmultiplicaci\u00f3 extraordin\u00e0ria\u201d de conills que agreuja els danys de la fauna salvatge en el camp valenci\u00e0\">[+] <\/a><\/div>\n","protected":false},"author":13,"featured_media":274550,"comment_status":"open","ping_status":"open","sticky":false,"template":"","format":"standard","meta":{"footnotes":""},"categories":[10905,10898,10948,10894,10904,10903,10947,10896,10897],"tags":[11309,11199],"class_list":["post-274552","post","type-post","status-publish","format-standard","has-post-thumbnail","category-agricultura-la-comarca-ca","category-ventana-ca","category-infraestructuras-ca","category-la-comarca-ca","category-sin-categorizar-ca","category-medio-ambiente-la-comarca-ca","category-politica","category-seccion-ca","category-sucesos-la-comarca-ca","tag-agricultura-ca","tag-la-comunitat-ca"],"_links":{"self":[{"href":"https:\/\/tucomarca.whitekongsoftware.com\/ca\/wp-json\/wp\/v2\/posts\/274552","targetHints":{"allow":["GET"]}}],"collection":[{"href":"https:\/\/tucomarca.whitekongsoftware.com\/ca\/wp-json\/wp\/v2\/posts"}],"about":[{"href":"https:\/\/tucomarca.whitekongsoftware.com\/ca\/wp-json\/wp\/v2\/types\/post"}],"author":[{"embeddable":true,"href":"https:\/\/tucomarca.whitekongsoftware.com\/ca\/wp-json\/wp\/v2\/users\/13"}],"replies":[{"embeddable":true,"href":"https:\/\/tucomarca.whitekongsoftware.com\/ca\/wp-json\/wp\/v2\/comments?post=274552"}],"version-history":[{"count":0,"href":"https:\/\/tucomarca.whitekongsoftware.com\/ca\/wp-json\/wp\/v2\/posts\/274552\/revisions"}],"wp:featuredmedia":[{"embeddable":true,"href":"https:\/\/tucomarca.whitekongsoftware.com\/ca\/wp-json\/wp\/v2\/media\/274550"}],"wp:attachment":[{"href":"https:\/\/tucomarca.whitekongsoftware.com\/ca\/wp-json\/wp\/v2\/media?parent=274552"}],"wp:term":[{"taxonomy":"category","embeddable":true,"href":"https:\/\/tucomarca.whitekongsoftware.com\/ca\/wp-json\/wp\/v2\/categories?post=274552"},{"taxonomy":"post_tag","embeddable":true,"href":"https:\/\/tucomarca.whitekongsoftware.com\/ca\/wp-json\/wp\/v2\/tags?post=274552"}],"curies":[{"name":"wp","href":"https:\/\/api.w.org\/{rel}","templated":true}]}}