{"id":274283,"date":"2025-08-04T10:00:00","date_gmt":"2025-08-04T08:00:00","guid":{"rendered":"https:\/\/www.tucomarca.com\/wordpress\/segunda\/?p=274283"},"modified":"2025-08-04T18:46:57","modified_gmt":"2025-08-04T16:46:57","slug":"la-unio-preveu-una-lleugera-baixada-del-3-en-laforament-de-citrics-fonamentalment-per-les-adversitats-meteorologiques","status":"publish","type":"post","link":"https:\/\/tucomarca.whitekongsoftware.com\/ca\/la-unio-preveu-una-lleugera-baixada-del-3-en-laforament-de-citrics-fonamentalment-per-les-adversitats-meteorologiques\/","title":{"rendered":"La Uni\u00f3 preveu una lleugera baixada del 3% en l&#8217;aforament de c\u00edtrics fonamentalment per les adversitats meteorol\u00f2giques \u00a0"},"content":{"rendered":"\n<h3 class=\"wp-block-heading\">S&#8217;esperen uns 2,68 milions de tones, la sisena campanya consecutiva amb una preocupant tend\u00e8ncia a la baixa.<\/h3>\n\n\n\n<h3 class=\"wp-block-heading\">L&#8217;augment dels costos de producci\u00f3 i la inferior collita poden llastrar l&#8217;ingr\u00e9s de molts productors, encara que els primers preus s\u00f3n bons.<\/h3>\n\n\n\n<h3 class=\"wp-block-heading\">Les produccions limitades afavoreixen un calibre acceptable per a la comercialitzaci\u00f3 i tamb\u00e9 s&#8217;espera fruita de qualitat.<\/h3>\n\n\n\n<p class=\"wp-block-paragraph\">La Uni\u00f3 Llauradora alerta que la campanya citr\u00edcola 2025\/26 tornar\u00e0 a situar-se en la Comunitat Valenciana per davall de la mitjana productiva dels \u00faltims anys, consolidant aix\u00ed una preocupant tend\u00e8ncia a la baixa que ja encadena sis exercicis consecutius.<\/p>\n\n\n\n<p class=\"wp-block-paragraph\">L&#8217;organitzaci\u00f3 preveu un aforament provisional d\u2019uns 2,68 milions de tones en el conjunt de les nostres zones productores, la qual cosa suposa una lleugera baixada de quasi el 3% % respecte als 2,76 milions de la campanya anterior. Malgrat aquest descens global, el territori valenci\u00e0 continua com a principal zona productora de l&#8217;Estat. L&#8217;estimaci\u00f3 s&#8217;ha realitzat a la fi de juliol i est\u00e0 basada en una an\u00e0lisi t\u00e8cnica de La Uni\u00f3, tenint en compte el comportament climatol\u00f2gic, l&#8217;estat de les explotacions i l&#8217;impacte de plagues.<\/p>\n\n\n\n<p class=\"wp-block-paragraph\">La primavera va arrancar amb bones condicions d&#8217;humitat que van propiciar una correcta brotada i floraci\u00f3. No obstant aix\u00f2, a partir del mes de juny, l&#8217;ascens continuat de les temperatures, tant di\u00fcrnes com nocturnes, va generar una elevada caiguda fisiol\u00f2gica de fruits durant el proc\u00e9s de \u201cporg\u00e0\u201d. A aix\u00f2 s&#8217;han sumat episodis de pedra en determinades zones i un greu problema estructural: una part important de l&#8217;arbratge citr\u00edcola valenci\u00e0 est\u00e0 envellit i ofereix baixos rendiments. L&#8217;impacte de diverses plagues -com el Schirtothrips aurantii, la mosca blanca, el cotonet de Sud-\u00e0frica i l&#8217;aranya roja- tamb\u00e9 ha provocat minvaments productius en algunes zones.<\/p>\n\n\n\n<p class=\"wp-block-paragraph\">Les produccions limitades afavoreixen un calibre acceptable per a la comercialitzaci\u00f3 i tamb\u00e9 s&#8217;espera fruita de qualitat. Les primeres cotitzacions en origen s\u00f3n positives, i donada l&#8217;escassa oferta prevista, La Uni\u00f3 desitja i exigeix que no existisquen grans alts i baixos en els preus si la demanda es mant\u00e9 activa. En aquest sentit des de l&#8217;organitzaci\u00f3 es remarca la necessitat que la ind\u00fastria transformadora pague preus dignes, especialment per a la fruita afectada per pedra o amb calibres baixos, a fi de donar una eixida comercial viable a tota la producci\u00f3.<\/p>\n\n\n\n<p class=\"wp-block-paragraph\">Des de La Uni\u00f3 s&#8217;insta les administracions competents a actuar amb fermesa per a protegir el sector citr\u00edcola valenci\u00e0 en un context cada vegada m\u00e9s complex. En primer lloc, es reclama a la Conselleria d&#8217;Agricultura, amb suport econ\u00f2mic del Ministeri d&#8217;Agricultura, la creaci\u00f3 urgent d&#8217;una l\u00ednia d&#8217;ajudes p\u00fabliques per a la reconversi\u00f3 d&#8217;explotacions amb arbres envellits.<\/p>\n\n\n\n<p class=\"wp-block-paragraph\">Aix\u00ed mateix, l&#8217;organitzaci\u00f3 considera imprescindible refor\u00e7ar els controls fitosanitaris en origen i exigir el tractament en fred a totes les importacions de c\u00edtrics, independentment del pa\u00eds de proced\u00e8ncia, com a eina clau per a evitar l&#8217;entrada de noves plagues i malalties que suposen una amena\u00e7a directa per al cultiu aut\u00f2cton. Una altra de les prioritats assenyalades per La Uni\u00f3 \u00e9s la revisi\u00f3 del sistema de preus d&#8217;entrada a la Uni\u00f3 Europea, especialment en el cas de productes com la taronja procedent d&#8217;Egipte, que actualment accedeix al mercat comunitari a preus molt per davall dels costos reals de producci\u00f3 i confecci\u00f3 dels c\u00edtrics valencians. Aquesta situaci\u00f3 genera una compet\u00e8ncia deslleial que posa en risc la sostenibilitat econ\u00f2mica de les explotacions locals.<\/p>\n\n\n\n<p class=\"wp-block-paragraph\">Finalment, es planteja la necessitat de desenvolupar campanyes de promoci\u00f3 potents i continuades per a incentivar el consum de c\u00edtrics valencians, posant en valor la seua proximitat, qualitat i seguretat aliment\u00e0ria. Aquestes campanyes haurien d&#8217;arribar tant als consumidors nacionals com internacionals, i utilitzar tots els canals disponibles: mitjans de comunicaci\u00f3, xarxes socials, punts de venda i fires agroaliment\u00e0ries. \u201cEstem davant una campanya curta, per\u00f2 amb potencial si es gestiona b\u00e9. La qualitat pot acompanyar, per\u00f2 necessitem suport institucional i respecte a les nostres produccions en els mercats\u201d, conclou Carles Peris.<\/p>\n","protected":false},"excerpt":{"rendered":"<div class=\"mh-excerpt\">S&#8217;esperen uns 2,68 milions de tones, la sisena campanya consecutiva amb una preocupant tend\u00e8ncia a la baixa. L&#8217;augment dels costos de producci\u00f3 i la inferior collita poden llastrar l&#8217;ingr\u00e9s de molts productors, encara que els <a class=\"mh-excerpt-more\" href=\"https:\/\/tucomarca.whitekongsoftware.com\/ca\/la-unio-preveu-una-lleugera-baixada-del-3-en-laforament-de-citrics-fonamentalment-per-les-adversitats-meteorologiques\/\" title=\"La Uni\u00f3 preveu una lleugera baixada del 3% en l&#8217;aforament de c\u00edtrics fonamentalment per les adversitats meteorol\u00f2giques \u00a0\">[+] <\/a><\/div>\n","protected":false},"author":13,"featured_media":274281,"comment_status":"open","ping_status":"open","sticky":false,"template":"","format":"standard","meta":{"footnotes":""},"categories":[10905,10898,10948,10894,10904,10902,10903,10896],"tags":[11309,11199,21082,12166],"class_list":["post-274283","post","type-post","status-publish","format-standard","has-post-thumbnail","category-agricultura-la-comarca-ca","category-ventana-ca","category-infraestructuras-ca","category-la-comarca-ca","category-sin-categorizar-ca","category-la-ribera-ca","category-medio-ambiente-la-comarca-ca","category-seccion-ca","tag-agricultura-ca","tag-la-comunitat-ca","tag-la-unio-llauradora-i-ramadera-ca","tag-medio-ambiente-ca"],"_links":{"self":[{"href":"https:\/\/tucomarca.whitekongsoftware.com\/ca\/wp-json\/wp\/v2\/posts\/274283","targetHints":{"allow":["GET"]}}],"collection":[{"href":"https:\/\/tucomarca.whitekongsoftware.com\/ca\/wp-json\/wp\/v2\/posts"}],"about":[{"href":"https:\/\/tucomarca.whitekongsoftware.com\/ca\/wp-json\/wp\/v2\/types\/post"}],"author":[{"embeddable":true,"href":"https:\/\/tucomarca.whitekongsoftware.com\/ca\/wp-json\/wp\/v2\/users\/13"}],"replies":[{"embeddable":true,"href":"https:\/\/tucomarca.whitekongsoftware.com\/ca\/wp-json\/wp\/v2\/comments?post=274283"}],"version-history":[{"count":0,"href":"https:\/\/tucomarca.whitekongsoftware.com\/ca\/wp-json\/wp\/v2\/posts\/274283\/revisions"}],"wp:featuredmedia":[{"embeddable":true,"href":"https:\/\/tucomarca.whitekongsoftware.com\/ca\/wp-json\/wp\/v2\/media\/274281"}],"wp:attachment":[{"href":"https:\/\/tucomarca.whitekongsoftware.com\/ca\/wp-json\/wp\/v2\/media?parent=274283"}],"wp:term":[{"taxonomy":"category","embeddable":true,"href":"https:\/\/tucomarca.whitekongsoftware.com\/ca\/wp-json\/wp\/v2\/categories?post=274283"},{"taxonomy":"post_tag","embeddable":true,"href":"https:\/\/tucomarca.whitekongsoftware.com\/ca\/wp-json\/wp\/v2\/tags?post=274283"}],"curies":[{"name":"wp","href":"https:\/\/api.w.org\/{rel}","templated":true}]}}