{"id":274263,"date":"2025-08-04T10:30:00","date_gmt":"2025-08-04T08:30:00","guid":{"rendered":"https:\/\/www.tucomarca.com\/wordpress\/segunda\/?p=274263"},"modified":"2025-08-04T18:26:49","modified_gmt":"2025-08-04T16:26:49","slug":"la-generalitat-avanca-en-la-recuperacio-del-parc-natural-del-turia-amb-la-posada-en-marxa-del-nou-centre-dinterpretacio","status":"publish","type":"post","link":"https:\/\/tucomarca.whitekongsoftware.com\/ca\/la-generalitat-avanca-en-la-recuperacio-del-parc-natural-del-turia-amb-la-posada-en-marxa-del-nou-centre-dinterpretacio\/","title":{"rendered":"La Generalitat avan\u00e7a en la recuperaci\u00f3 del Parc Natural del T\u00faria amb la posada en marxa del nou Centre d&#8217;Interpretaci\u00f3"},"content":{"rendered":"\n<h3 class=\"wp-block-heading\">El conseller Vicente Mart\u00ednez Mus ha visitat les instal\u00b7lacions d&#8217;aquest complex que tamb\u00e9 alberga la seu de les brigades i l&#8217;oficina t\u00e8cnica.<\/h3>\n\n\n\n<h3 class=\"wp-block-heading\">Aquesta actuaci\u00f3 forma part del pla de xoc de la Generalitat per a la reconstrucci\u00f3 del parc, que va patir danys per valor de 21,5 milions a conseq\u00fc\u00e8ncia de les riuades.<\/h3>\n\n\n\n<p class=\"wp-block-paragraph\">La Generalitat avan\u00e7a en la recuperaci\u00f3 del Parc Natural del T\u00faria despr\u00e9s dels greus danys provocats per les riuades del passat mes d&#8217;octubre. El conseller de Medi Ambient, Infraestructures i Territori, Vicente Mart\u00ednez Mus, ha visitat aquest dilluns les instal\u00b7lacions del qual ja \u00e9s el nou Centre d&#8217;Interpretaci\u00f3 del parc, que s&#8217;habilitat de manera provisional despr\u00e9s de quedar arrasat l&#8217;anterior.<\/p>\n\n\n\n<p class=\"wp-block-paragraph\">El conseller ha explicat que l&#8217;anterior centre, situat en la ribera del T\u00faria, va quedar completament destru\u00eft i va haver de ser demolit, la qual cosa va obligar al trasllat a una xicoteta oficina abans d&#8217;habilitar aquest nou espai. \u201cAquest nou equipament contribuir\u00e0 a recuperar l&#8217;operativitat del Parc i oferir\u00e0 un punt de refer\u00e8ncia tant per als visitants com per als equips que treballen en la seua conservaci\u00f3\u201d, ha afirmat Mart\u00ednez Mus.<\/p>\n\n\n\n<p class=\"wp-block-paragraph\">El nou centre, situat en una nau industrial a Vilamarxant que ha sigut adequada, tamb\u00e9 acollir\u00e0 de manera temporal la seu de les brigades de Vaersa que actuen al parc i l&#8217;oficina t\u00e8cnica fins que puga construir-se una nova instal\u00b7laci\u00f3 en un espai m\u00e9s pr\u00f2xim al riu.<\/p>\n\n\n\n<p class=\"wp-block-paragraph\">En l&#8217;antic espai de la ribera en el qual estava l&#8217;anterior seu s&#8217;habilitar\u00e0 un &#8216;Oasi de Papallones&#8217;, un espai did\u00e0ctic centrat en la biodiversitat, que comptar\u00e0 amb plantes arom\u00e0tiques, medicinals i d&#8217;horta. \u201cVolem que aquest rac\u00f3 siga un recurs educatiu per als centenars d&#8217;escolars que visiten cada any el parc\u201d, ha assenyalat el conseller.<\/p>\n\n\n\n<p class=\"wp-block-paragraph\"><strong>Pla de xoc<\/strong><\/p>\n\n\n\n<p class=\"wp-block-paragraph\">Aquesta actuaci\u00f3 forma part del pla de xoc posat en marxa per la Generalitat per a la recuperaci\u00f3 integral del Parc Natural del T\u00faria, que busca fer front a danys per valor de 21,5 milions d&#8217;euros ocasionats per les riuades. Les obres en marxa no sols busquen restituir infraestructures i espais danyats, sin\u00f3 tamb\u00e9 millorar la seguretat dels visitants i previndre futurs danys tant en les instal\u00b7lacions com en l&#8217;ecosistema de l&#8217;entorn fluvial.<\/p>\n\n\n\n<p class=\"wp-block-paragraph\">En els primers mesos l&#8217;esfor\u00e7 s&#8217;ha centrat en els treballs de neteja i rehabilitaci\u00f3 de rutes, als quals se sumaran en els pr\u00f2xims mesos actuacions clau com la retirada d&#8217;infraestructures danyades, la reparaci\u00f3 i consolidaci\u00f3 del ferm dels camins, la restauraci\u00f3 de marges i talussos, la millora del drenatge, la instal\u00b7laci\u00f3 de sis passos inundables i l&#8217;adequaci\u00f3 ambiental de l&#8217;entorn.<\/p>\n\n\n\n<p class=\"wp-block-paragraph\">\u201cEl Parc Natural del T\u00faria \u00e9s un pulm\u00f3 verd per a milers de ciutadans del Camp de T\u00faria i l&#8217;Horta Sud, i el nostre comprom\u00eds \u00e9s retornar-li tot el seu valor ecol\u00f2gic, educatiu i social amb actuacions respectuoses amb el medi ambient\u201d, ha concl\u00f2s Mart\u00ednez Mus.<\/p>\n\n\n\n<figure class=\"wp-block-image size-large\"><img loading=\"lazy\" decoding=\"async\" width=\"1024\" height=\"576\" src=\"http:\/\/www.tucomarca.com\/wordpress\/segunda\/wp-content\/uploads\/2025\/08\/250804_MED_Centro_Interpretacion-2-1024x576.jpeg\" alt=\"\" class=\"wp-image-274260\" srcset=\"https:\/\/tucomarca.whitekongsoftware.com\/wp-content\/uploads\/2025\/08\/250804_MED_Centro_Interpretacion-2-1024x576.jpeg 1024w, https:\/\/tucomarca.whitekongsoftware.com\/wp-content\/uploads\/2025\/08\/250804_MED_Centro_Interpretacion-2-300x169.jpeg 300w, https:\/\/tucomarca.whitekongsoftware.com\/wp-content\/uploads\/2025\/08\/250804_MED_Centro_Interpretacion-2-768x432.jpeg 768w, https:\/\/tucomarca.whitekongsoftware.com\/wp-content\/uploads\/2025\/08\/250804_MED_Centro_Interpretacion-2-1536x864.jpeg 1536w, https:\/\/tucomarca.whitekongsoftware.com\/wp-content\/uploads\/2025\/08\/250804_MED_Centro_Interpretacion-2-2048x1152.jpeg 2048w, https:\/\/tucomarca.whitekongsoftware.com\/wp-content\/uploads\/2025\/08\/250804_MED_Centro_Interpretacion-2-678x381.jpeg 678w\" sizes=\"auto, (max-width: 1024px) 100vw, 1024px\" \/><\/figure>\n","protected":false},"excerpt":{"rendered":"<div class=\"mh-excerpt\">El conseller Vicente Mart\u00ednez Mus ha visitat les instal\u00b7lacions d&#8217;aquest complex que tamb\u00e9 alberga la seu de les brigades i l&#8217;oficina t\u00e8cnica. Aquesta actuaci\u00f3 forma part del pla de xoc de la Generalitat per a <a class=\"mh-excerpt-more\" href=\"https:\/\/tucomarca.whitekongsoftware.com\/ca\/la-generalitat-avanca-en-la-recuperacio-del-parc-natural-del-turia-amb-la-posada-en-marxa-del-nou-centre-dinterpretacio\/\" title=\"La Generalitat avan\u00e7a en la recuperaci\u00f3 del Parc Natural del T\u00faria amb la posada en marxa del nou Centre d&#8217;Interpretaci\u00f3\">[+] <\/a><\/div>\n","protected":false},"author":13,"featured_media":274259,"comment_status":"open","ping_status":"open","sticky":false,"template":"","format":"image","meta":{"footnotes":""},"categories":[10892,21466,10898,10948,10894,10904,10903,10947,10896,10897,10927],"tags":[15409,11498,12903,11199,12166],"class_list":["post-274263","post","type-post","status-publish","format-image","has-post-thumbnail","category-camp-de-turia-ca","category-dana-ca","category-ventana-ca","category-infraestructuras-ca","category-la-comarca-ca","category-sin-categorizar-ca","category-medio-ambiente-la-comarca-ca","category-politica","category-seccion-ca","category-sucesos-la-comarca-ca","category-vilamarxant-ca","tag-dana-2-ca","tag-generalitat-valenciana-ca","tag-infraestructuras-ca","tag-la-comunitat-ca","tag-medio-ambiente-ca","post_format-post-format-image"],"_links":{"self":[{"href":"https:\/\/tucomarca.whitekongsoftware.com\/ca\/wp-json\/wp\/v2\/posts\/274263","targetHints":{"allow":["GET"]}}],"collection":[{"href":"https:\/\/tucomarca.whitekongsoftware.com\/ca\/wp-json\/wp\/v2\/posts"}],"about":[{"href":"https:\/\/tucomarca.whitekongsoftware.com\/ca\/wp-json\/wp\/v2\/types\/post"}],"author":[{"embeddable":true,"href":"https:\/\/tucomarca.whitekongsoftware.com\/ca\/wp-json\/wp\/v2\/users\/13"}],"replies":[{"embeddable":true,"href":"https:\/\/tucomarca.whitekongsoftware.com\/ca\/wp-json\/wp\/v2\/comments?post=274263"}],"version-history":[{"count":0,"href":"https:\/\/tucomarca.whitekongsoftware.com\/ca\/wp-json\/wp\/v2\/posts\/274263\/revisions"}],"wp:featuredmedia":[{"embeddable":true,"href":"https:\/\/tucomarca.whitekongsoftware.com\/ca\/wp-json\/wp\/v2\/media\/274259"}],"wp:attachment":[{"href":"https:\/\/tucomarca.whitekongsoftware.com\/ca\/wp-json\/wp\/v2\/media?parent=274263"}],"wp:term":[{"taxonomy":"category","embeddable":true,"href":"https:\/\/tucomarca.whitekongsoftware.com\/ca\/wp-json\/wp\/v2\/categories?post=274263"},{"taxonomy":"post_tag","embeddable":true,"href":"https:\/\/tucomarca.whitekongsoftware.com\/ca\/wp-json\/wp\/v2\/tags?post=274263"}],"curies":[{"name":"wp","href":"https:\/\/api.w.org\/{rel}","templated":true}]}}