{"id":274250,"date":"2025-08-04T12:00:00","date_gmt":"2025-08-04T10:00:00","guid":{"rendered":"https:\/\/www.tucomarca.com\/wordpress\/segunda\/?p=274250"},"modified":"2025-08-04T17:56:12","modified_gmt":"2025-08-04T15:56:12","slug":"la-generalitat-amplia-el-pont-de-lantiga-n-iii-sobre-el-riu-magre-a-utiel-en-el-marc-dels-treballs-de-reconstruccio-despres-de-les-riuades","status":"publish","type":"post","link":"https:\/\/tucomarca.whitekongsoftware.com\/ca\/la-generalitat-amplia-el-pont-de-lantiga-n-iii-sobre-el-riu-magre-a-utiel-en-el-marc-dels-treballs-de-reconstruccio-despres-de-les-riuades\/","title":{"rendered":"La Generalitat amplia el pont de l&#8217;antiga N-III sobre el riu Magre a Utiel en el marc dels treballs de reconstrucci\u00f3 despr\u00e9s de les riuades"},"content":{"rendered":"\n<h3 class=\"wp-block-heading\">La Generalitat amplia el pont de l&#8217;antiga N-III sobre el riu Magre a Utiel en el marc dels treballs de reconstrucci\u00f3 despr\u00e9s de les riuades.<\/h3>\n\n\n\n<h3 class=\"wp-block-heading\">El conseller Vicente Mart\u00ednez Mus ha visitat Utiel juntament amb l&#8217;alcalde, Ricardo Gabald\u00f3n, amb motiu de l&#8217;inici d&#8217;una nova fase de les obres.<\/h3>\n\n\n\n<h3 class=\"wp-block-heading\">La Generalitat assumeix l&#8217;execuci\u00f3 d&#8217;aquests treballs de reconstrucci\u00f3 amb una inversi\u00f3 de 3,5 milions dins del pla &#8216;Recuperem Val\u00e8ncia&#8217;.<\/h3>\n\n\n\n<p class=\"wp-block-paragraph\">La Generalitat ha iniciat les obres de la segona fase de reconstrucci\u00f3 del pont de l&#8217;antiga N-III sobre el riu Magre en el municipi d&#8217;Utiel, una infraestructura clau per a restablir la connectivitat vi\u00e0ria despr\u00e9s dels greus danys ocasionats per les inundacions del passat mes d&#8217;octubre. El conseller de Medi Ambient, Infraestructures i Territori, Vicente Mart\u00ednez Mus, ha destacat que els treballs permetran l&#8217;ampliaci\u00f3 de l&#8217;actual pont, que duplicar\u00e0 la seua actual extensi\u00f3.<\/p>\n\n\n\n<p class=\"wp-block-paragraph\">El titular d&#8217;Infraestructures ha visitat la zona aquest dilluns, acompanyat per l&#8217;alcalde de la localitat, Ricardo Gabald\u00f3n, on ha recordat que l&#8217;extraordinari augment del cabal del riu Magre, juntament amb l&#8217;elevada velocitat del corrent derivat del pendent del terreny, va provocar importants danys tant dins del nucli urb\u00e0 com en el seu entorn.<\/p>\n\n\n\n<p class=\"wp-block-paragraph\">A causa de les riuades el pont de la N-III, que compta amb tres arcs, va quedar obstru\u00eft pels materials i la vegetaci\u00f3 arrossegats per l&#8217;aigua. Aquesta obstrucci\u00f3 va derivar en el desbordament del riu, la inundaci\u00f3 dels camps pr\u00f2xims i, finalment, el col\u00b7lapse d&#8217;un tram d&#8217;aproximadament un quil\u00f2metre de la carretera. Per aix\u00f2, les diferents administracions han pactat ampliar tant el llit com les infraestructures que el componen.<\/p>\n\n\n\n<figure class=\"wp-block-image size-large\"><img loading=\"lazy\" decoding=\"async\" width=\"1024\" height=\"576\" src=\"http:\/\/www.tucomarca.com\/wordpress\/segunda\/wp-content\/uploads\/2025\/08\/250804_MED_Visita_Utiel-2-1024x576.jpeg\" alt=\"\" class=\"wp-image-274245\" srcset=\"https:\/\/tucomarca.whitekongsoftware.com\/wp-content\/uploads\/2025\/08\/250804_MED_Visita_Utiel-2-1024x576.jpeg 1024w, https:\/\/tucomarca.whitekongsoftware.com\/wp-content\/uploads\/2025\/08\/250804_MED_Visita_Utiel-2-300x169.jpeg 300w, https:\/\/tucomarca.whitekongsoftware.com\/wp-content\/uploads\/2025\/08\/250804_MED_Visita_Utiel-2-768x432.jpeg 768w, https:\/\/tucomarca.whitekongsoftware.com\/wp-content\/uploads\/2025\/08\/250804_MED_Visita_Utiel-2-1536x864.jpeg 1536w, https:\/\/tucomarca.whitekongsoftware.com\/wp-content\/uploads\/2025\/08\/250804_MED_Visita_Utiel-2-2048x1152.jpeg 2048w, https:\/\/tucomarca.whitekongsoftware.com\/wp-content\/uploads\/2025\/08\/250804_MED_Visita_Utiel-2-678x381.jpeg 678w\" sizes=\"auto, (max-width: 1024px) 100vw, 1024px\" \/><\/figure>\n\n\n\n<p class=\"wp-block-paragraph\">Mart\u00ednez Mus ha explicat que la Generalitat \u201cva assumir l&#8217;execuci\u00f3 d&#8217;unes obres que inclouen la demolici\u00f3 del pont danyat, que ja ha comen\u00e7at, i la construcci\u00f3 d&#8217;una nova estructura que garantisca major capacitat hidr\u00e0ulica i resist\u00e8ncia\u201d.<\/p>\n\n\n\n<p class=\"wp-block-paragraph\">El projecte, amb una inversi\u00f3 global de la Generalitat de 3,5 milions d&#8217;euros, ha sigut coordinat amb l&#8217;Ajuntament d&#8217;Utiel i amb la Confederaci\u00f3 Hidrogr\u00e0fica del X\u00faquer (CHJ) per a assegurar la seua compatibilitat amb les actuacions previstes en el llit del riu. Per a l&#8217;alcalde de la localitat, aquests treballs \u201cdotaran de tranquil\u00b7litat als utielanos i prepararan millor el municipi davant possibles avingudes\u201d.<\/p>\n\n\n\n<p class=\"wp-block-paragraph\"><strong>Actuacions previstes<\/strong><\/p>\n\n\n\n<p class=\"wp-block-paragraph\">El nou pont tindr\u00e0 una longitud de 37,6 metres, distribu\u00efda en dues obertures amb una pila central, i estar\u00e0 consolidat mitjan\u00e7ant pilotes, amb la finalitat de garantir la seua estabilitat enfront de possibles crescudes futures. A m\u00e9s, es condicionar\u00e0 el llit del llit en la zona afectada i s&#8217;adaptar\u00e0 el tra\u00e7at de la carretera a la nova rasant.<\/p>\n\n\n\n<p class=\"wp-block-paragraph\">Les actuacions inclouen tamb\u00e9 la neteja i reparaci\u00f3 de les obres de drenatge transversal, l&#8217;execuci\u00f3 de nova senyalitzaci\u00f3 vertical i horitzontal, la instal\u00b7laci\u00f3 d&#8217;elements de contenci\u00f3 i l&#8217;adequada gesti\u00f3 de residus generats durant els treballs.<\/p>\n\n\n\n<p class=\"wp-block-paragraph\">Aix\u00ed mateix, es duran a terme reparacions en el tram de la N-III compr\u00e9s entre els punts quilom\u00e8trics 262+400 i 263+100, on es refor\u00e7ar\u00e0 el ferm, es reconstruiran bermes i vorals i es reposaran els elements de contenci\u00f3 i senyalitzaci\u00f3 danyats per la riuada.<\/p>\n\n\n\n<p class=\"wp-block-paragraph\">\u201cAmb aquesta actuaci\u00f3 no sols reconstru\u00efm infraestructures, sin\u00f3 que reforcem la seguretat vi\u00e0ria i retornem als ve\u00efns d&#8217;Utiel una via essencial per al seu dia a dia\u201d, ha afirmat Mart\u00ednez Mus.<\/p>\n\n\n\n<p class=\"wp-block-paragraph\">Aquesta intervenci\u00f3 forma part del pla &#8216;Recuperem Val\u00e8ncia&#8217;, que contempla la rehabilitaci\u00f3 d&#8217;infraestructures locals en m\u00e9s d&#8217;una vintena de municipis afectats per les pluges torrencials per valor de 50 milions d&#8217;euros. Els treballs s&#8217;estan executant una vegada que els ajuntaments han cedit les seues compet\u00e8ncies a la Generalitat, la qual cosa ha perm\u00e9s accelerar els tr\u00e0mits i comen\u00e7ar les obres en un termini m\u00e9s redu\u00eft.<\/p>\n","protected":false},"excerpt":{"rendered":"<div class=\"mh-excerpt\">La Generalitat amplia el pont de l&#8217;antiga N-III sobre el riu Magre a Utiel en el marc dels treballs de reconstrucci\u00f3 despr\u00e9s de les riuades. El conseller Vicente Mart\u00ednez Mus ha visitat Utiel juntament amb <a class=\"mh-excerpt-more\" href=\"https:\/\/tucomarca.whitekongsoftware.com\/ca\/la-generalitat-amplia-el-pont-de-lantiga-n-iii-sobre-el-riu-magre-a-utiel-en-el-marc-dels-treballs-de-reconstruccio-despres-de-les-riuades\/\" title=\"La Generalitat amplia el pont de l&#8217;antiga N-III sobre el riu Magre a Utiel en el marc dels treballs de reconstrucci\u00f3 despr\u00e9s de les riuades\">[+] <\/a><\/div>\n","protected":false},"author":12,"featured_media":274248,"comment_status":"open","ping_status":"open","sticky":false,"template":"","format":"image","meta":{"footnotes":""},"categories":[10898,10948,10894,10903,10947,10909,10896,10897,11059],"tags":[19792,10910,21996,11174,22864],"class_list":["post-274250","post","type-post","status-publish","format-image","has-post-thumbnail","category-ventana-ca","category-infraestructuras-ca","category-la-comarca-ca","category-medio-ambiente-la-comarca-ca","category-politica","category-requena-utiel-ca","category-seccion-ca","category-sucesos-la-comarca-ca","category-utiel-ca","tag-conselleria-de-medio-ambiente-ca","tag-requena-utiel-ca","tag-rio-magro-ca","tag-utiel-ca","tag-vicente-martinez-mus-2-ca","post_format-post-format-image"],"_links":{"self":[{"href":"https:\/\/tucomarca.whitekongsoftware.com\/ca\/wp-json\/wp\/v2\/posts\/274250","targetHints":{"allow":["GET"]}}],"collection":[{"href":"https:\/\/tucomarca.whitekongsoftware.com\/ca\/wp-json\/wp\/v2\/posts"}],"about":[{"href":"https:\/\/tucomarca.whitekongsoftware.com\/ca\/wp-json\/wp\/v2\/types\/post"}],"author":[{"embeddable":true,"href":"https:\/\/tucomarca.whitekongsoftware.com\/ca\/wp-json\/wp\/v2\/users\/12"}],"replies":[{"embeddable":true,"href":"https:\/\/tucomarca.whitekongsoftware.com\/ca\/wp-json\/wp\/v2\/comments?post=274250"}],"version-history":[{"count":0,"href":"https:\/\/tucomarca.whitekongsoftware.com\/ca\/wp-json\/wp\/v2\/posts\/274250\/revisions"}],"wp:featuredmedia":[{"embeddable":true,"href":"https:\/\/tucomarca.whitekongsoftware.com\/ca\/wp-json\/wp\/v2\/media\/274248"}],"wp:attachment":[{"href":"https:\/\/tucomarca.whitekongsoftware.com\/ca\/wp-json\/wp\/v2\/media?parent=274250"}],"wp:term":[{"taxonomy":"category","embeddable":true,"href":"https:\/\/tucomarca.whitekongsoftware.com\/ca\/wp-json\/wp\/v2\/categories?post=274250"},{"taxonomy":"post_tag","embeddable":true,"href":"https:\/\/tucomarca.whitekongsoftware.com\/ca\/wp-json\/wp\/v2\/tags?post=274250"}],"curies":[{"name":"wp","href":"https:\/\/api.w.org\/{rel}","templated":true}]}}