{"id":274241,"date":"2025-08-04T10:15:00","date_gmt":"2025-08-04T08:15:00","guid":{"rendered":"https:\/\/www.tucomarca.com\/wordpress\/segunda\/?p=274241"},"modified":"2025-08-04T18:39:26","modified_gmt":"2025-08-04T16:39:26","slug":"galvan-destaca-que-la-comunitat-valenciana-registra-la-xifra-datur-mes-baixa-en-un-mes-de-juliol-des-de-2008","status":"publish","type":"post","link":"https:\/\/tucomarca.whitekongsoftware.com\/ca\/galvan-destaca-que-la-comunitat-valenciana-registra-la-xifra-datur-mes-baixa-en-un-mes-de-juliol-des-de-2008\/","title":{"rendered":"Galva\u00f1 destaca que la Comunitat Valenciana registra la xifra d&#8217;atur m\u00e9s baixa en un mes de juliol des de 2008"},"content":{"rendered":"\n<h3 class=\"wp-block-heading\">L&#8217;atur descendeix a Alacant i Castell\u00f3 i puja lleugerament a Val\u00e8ncia.<\/h3>\n\n\n\n<h3 class=\"wp-block-heading\">En aquest mes de juliol s&#8217;ha aconseguit la menor xifra de joves parats de tota la s\u00e8rie hist\u00f2rica.<\/h3>\n\n\n\n<p class=\"wp-block-paragraph\">El secretari auton\u00f2mic d&#8217;Ocupaci\u00f3, Antonio Galva\u00f1, ha valorat aquest dilluns les xifres d&#8217;atur registrat del mes de juliol fetes p\u00fabliques pel Ministeri de Treball i Economia Social, que reflecteixen un lleuger increment de 353 persones, un 0,1% en la Comunitat Valenciana.<\/p>\n\n\n\n<p class=\"wp-block-paragraph\">El director general de Labora ha ressaltat que, en el que portem d&#8217;any, la Comunitat Valenciana ha redu\u00eft l&#8217;atur en 18.251 persones, prop d&#8217;un 6% i durant l&#8217;actual legislatura m\u00e9s de 32.000 persones han trobat un treball, la qual cosa suposa el 10% en reducci\u00f3 de l&#8217;atur registrat.<\/p>\n\n\n\n<p class=\"wp-block-paragraph\">D&#8217;altra banda, en termes anuals, la Comunitat Valenciana \u00e9s la segona en descens de l&#8217;atur amb 18.251 aturats menys, per darrere d&#8217;Andalusia, i tamb\u00e9 \u00e9s la segona autonomia respecte a la reducci\u00f3 anual de l&#8217;atur femen\u00ed amb 9.225 dones parades menys. A m\u00e9s, la prov\u00edncia de Val\u00e8ncia \u00e9s la quarta en descens anual de l&#8217;atur amb 8.827 aturats.<\/p>\n\n\n\n<p class=\"wp-block-paragraph\">Galva\u00f1 ha atribu\u00eft el lleuger increment al sector de l&#8217;educaci\u00f3, una cosa habitual en els mesos estivals. No obstant aix\u00f2, ha destacat especialment el descens de l&#8217;atur entre els valencians i valencianes m\u00e9s joves. Aix\u00ed, en aquest mes de juliol s&#8217;ha aconseguit la menor xifra de joves parats de tota la s\u00e8rie hist\u00f2rica (s&#8217;inicia al gener de 1996), amb un 15.262 d&#8217;aturats registrats menors de 25 anys. Tamb\u00e9 cal destacar el descens mensual del 10,2% de joves aturats i el descens interanual del 18,1%.<\/p>\n\n\n\n<p class=\"wp-block-paragraph\">En aquest sentit, ha posat en valor les ajudes del Consell perqu\u00e8 les empreses contracten joves desocupats, que ascendeixen fins als 30.000 euros per contracte. Aix\u00ed, la Comunitat Valenciana lidera la baixada mensual i anual de joves menors de 25 anys parats a Espanya en valor absolut (1.732) i en percentatge (10,19%).<\/p>\n\n\n\n<p class=\"wp-block-paragraph\">D&#8217;altra banda, ha incidit en les bones xifres de contractaci\u00f3. Aix\u00ed, tal com ha detallat, \u00e9s el mes de 2025 amb major nombre de contractes registrats (151.703) i es mant\u00e9 la tend\u00e8ncia creixent en la variaci\u00f3 mensual (8.748, un 6,1%).<\/p>\n\n\n\n<p class=\"wp-block-paragraph\">Aix\u00ed mateix, Galva\u00f1 ha posat l&#8217;accent en les dades d&#8217;afiliaci\u00f3 a la Seguretat Social. Aquest mes, en la Comunitat Valenciana s&#8217;ha registrat la xifra r\u00e8cord de 2.227.399 afiliats en la Seguretat Social, la qual cosa suposa 6.968 noves afiliacions respecte el mes anterior i una pujada de l&#8217;afiliaci\u00f3 en la Comunitat Valenciana durant sis mesos consecutius. Aquesta xifra representa un increment del 0,31%, sent superior a l&#8217;increment nacional (0,02%).<\/p>\n\n\n\n<p class=\"wp-block-paragraph\">Quant a aut\u00f2noms, la Comunitat Valenciana lidera l&#8217;augment anual d&#8217;aut\u00f2noms a Espanya amb 10.486 i tamb\u00e9 lidera el creixement anual d&#8217;aut\u00f2noms en l&#8217;Estat amb un 2,81%.<\/p>\n\n\n\n<p class=\"wp-block-paragraph\">Finalment, Galva\u00f1 ha destacat l&#8217;increment de l&#8217;afiliaci\u00f3 de joves aquest mes de juliol, amb 26.430 nous joves afiliats, un 16,1% de variaci\u00f3 mensual.<\/p>\n","protected":false},"excerpt":{"rendered":"<div class=\"mh-excerpt\">L&#8217;atur descendeix a Alacant i Castell\u00f3 i puja lleugerament a Val\u00e8ncia. En aquest mes de juliol s&#8217;ha aconseguit la menor xifra de joves parats de tota la s\u00e8rie hist\u00f2rica. El secretari auton\u00f2mic d&#8217;Ocupaci\u00f3, Antonio Galva\u00f1, <a class=\"mh-excerpt-more\" href=\"https:\/\/tucomarca.whitekongsoftware.com\/ca\/galvan-destaca-que-la-comunitat-valenciana-registra-la-xifra-datur-mes-baixa-en-un-mes-de-juliol-des-de-2008\/\" title=\"Galva\u00f1 destaca que la Comunitat Valenciana registra la xifra d&#8217;atur m\u00e9s baixa en un mes de juliol des de 2008\">[+] <\/a><\/div>\n","protected":false},"author":12,"featured_media":253999,"comment_status":"open","ping_status":"open","sticky":false,"template":"","format":"standard","meta":{"footnotes":""},"categories":[10898,10948,10894,10904,10947,10896],"tags":[11485,11969,22868],"class_list":["post-274241","post","type-post","status-publish","format-standard","has-post-thumbnail","category-ventana-ca","category-infraestructuras-ca","category-la-comarca-ca","category-sin-categorizar-ca","category-politica","category-seccion-ca","tag-labora-ca","tag-paro-ca","tag-secretario-autonomico-de-empleo-ca"],"_links":{"self":[{"href":"https:\/\/tucomarca.whitekongsoftware.com\/ca\/wp-json\/wp\/v2\/posts\/274241","targetHints":{"allow":["GET"]}}],"collection":[{"href":"https:\/\/tucomarca.whitekongsoftware.com\/ca\/wp-json\/wp\/v2\/posts"}],"about":[{"href":"https:\/\/tucomarca.whitekongsoftware.com\/ca\/wp-json\/wp\/v2\/types\/post"}],"author":[{"embeddable":true,"href":"https:\/\/tucomarca.whitekongsoftware.com\/ca\/wp-json\/wp\/v2\/users\/12"}],"replies":[{"embeddable":true,"href":"https:\/\/tucomarca.whitekongsoftware.com\/ca\/wp-json\/wp\/v2\/comments?post=274241"}],"version-history":[{"count":0,"href":"https:\/\/tucomarca.whitekongsoftware.com\/ca\/wp-json\/wp\/v2\/posts\/274241\/revisions"}],"wp:featuredmedia":[{"embeddable":true,"href":"https:\/\/tucomarca.whitekongsoftware.com\/ca\/wp-json\/wp\/v2\/media\/253999"}],"wp:attachment":[{"href":"https:\/\/tucomarca.whitekongsoftware.com\/ca\/wp-json\/wp\/v2\/media?parent=274241"}],"wp:term":[{"taxonomy":"category","embeddable":true,"href":"https:\/\/tucomarca.whitekongsoftware.com\/ca\/wp-json\/wp\/v2\/categories?post=274241"},{"taxonomy":"post_tag","embeddable":true,"href":"https:\/\/tucomarca.whitekongsoftware.com\/ca\/wp-json\/wp\/v2\/tags?post=274241"}],"curies":[{"name":"wp","href":"https:\/\/api.w.org\/{rel}","templated":true}]}}