{"id":274231,"date":"2025-08-03T02:45:00","date_gmt":"2025-08-03T00:45:00","guid":{"rendered":"https:\/\/www.tucomarca.com\/wordpress\/segunda\/?p=274231"},"modified":"2025-08-03T20:44:40","modified_gmt":"2025-08-03T18:44:40","slug":"extingit-lincendi-de-vegetacio-declarat-aquest-dissabte-a-riba-roja-de-turia","status":"publish","type":"post","link":"https:\/\/tucomarca.whitekongsoftware.com\/ca\/extingit-lincendi-de-vegetacio-declarat-aquest-dissabte-a-riba-roja-de-turia\/","title":{"rendered":"Extingit l&#8217;incendi de vegetaci\u00f3 declarat aquest dissabte a Riba-roja de T\u00faria"},"content":{"rendered":"\n<p class=\"wp-block-paragraph\">El Consorci Provincial de Bombers de Val\u00e8ncia ha informat que l&#8217;incendi forestal declarat aquest dissabte a Riba-roja de T\u00faria ha sigut completament extingit despr\u00e9s de diverses hores de treball intens per part dels equips d&#8217;emerg\u00e8ncia. El foc va quedar controlat a les 19.44 hores.<\/p>\n\n\n\n<p class=\"wp-block-paragraph\">En les labors d&#8217;extinci\u00f3 han participat tres dotacions i quatre brigades forestals (BRIFO) del Consorci de Bombers de Val\u00e8ncia, tres mitjans aeris, dues autobombes i quatre unitats dels bombers forestals de la Generalitat Valenciana (GVAbforestals), una d&#8217;elles helitransportada.<\/p>\n\n\n\n<p class=\"wp-block-paragraph\">Tamb\u00e9 han col\u00b7laborat en l&#8217;operatiu la Unitat de Prevenci\u00f3 i agents mediambientals del CPIF, aix\u00ed com la Unitat de Prevenci\u00f3 d&#8217;Incendis Forestals.<\/p>\n\n\n\n<p class=\"wp-block-paragraph\">Gr\u00e0cies a la r\u00e0pida intervenci\u00f3 i coordinaci\u00f3 entre tots els mitjans, l&#8217;incendi no ha causat danys personals ni ha aconseguit zones habitades.<\/p>\n","protected":false},"excerpt":{"rendered":"<div class=\"mh-excerpt\">El Consorci Provincial de Bombers de Val\u00e8ncia ha informat que l&#8217;incendi forestal declarat aquest dissabte a Riba-roja de T\u00faria ha sigut completament extingit despr\u00e9s de diverses hores de treball intens per part dels equips d&#8217;emerg\u00e8ncia. <a class=\"mh-excerpt-more\" href=\"https:\/\/tucomarca.whitekongsoftware.com\/ca\/extingit-lincendi-de-vegetacio-declarat-aquest-dissabte-a-riba-roja-de-turia\/\" title=\"Extingit l&#8217;incendi de vegetaci\u00f3 declarat aquest dissabte a Riba-roja de T\u00faria\">[+] <\/a><\/div>\n","protected":false},"author":12,"featured_media":221989,"comment_status":"open","ping_status":"open","sticky":false,"template":"","format":"standard","meta":{"footnotes":""},"categories":[10892,10898,10894,10903,10906,10896,10897],"tags":[10899,12834,11246,15024],"class_list":["post-274231","post","type-post","status-publish","format-standard","has-post-thumbnail","category-camp-de-turia-ca","category-ventana-ca","category-la-comarca-ca","category-medio-ambiente-la-comarca-ca","category-riba-roja-ca","category-seccion-ca","category-sucesos-la-comarca-ca","tag-camp-de-turia-ca","tag-consorcio-provincial-de-bomberos-de-valencia-ca","tag-diputacio-de-valencia-ca","tag-riba-roja-de-turia-ca"],"_links":{"self":[{"href":"https:\/\/tucomarca.whitekongsoftware.com\/ca\/wp-json\/wp\/v2\/posts\/274231","targetHints":{"allow":["GET"]}}],"collection":[{"href":"https:\/\/tucomarca.whitekongsoftware.com\/ca\/wp-json\/wp\/v2\/posts"}],"about":[{"href":"https:\/\/tucomarca.whitekongsoftware.com\/ca\/wp-json\/wp\/v2\/types\/post"}],"author":[{"embeddable":true,"href":"https:\/\/tucomarca.whitekongsoftware.com\/ca\/wp-json\/wp\/v2\/users\/12"}],"replies":[{"embeddable":true,"href":"https:\/\/tucomarca.whitekongsoftware.com\/ca\/wp-json\/wp\/v2\/comments?post=274231"}],"version-history":[{"count":0,"href":"https:\/\/tucomarca.whitekongsoftware.com\/ca\/wp-json\/wp\/v2\/posts\/274231\/revisions"}],"wp:featuredmedia":[{"embeddable":true,"href":"https:\/\/tucomarca.whitekongsoftware.com\/ca\/wp-json\/wp\/v2\/media\/221989"}],"wp:attachment":[{"href":"https:\/\/tucomarca.whitekongsoftware.com\/ca\/wp-json\/wp\/v2\/media?parent=274231"}],"wp:term":[{"taxonomy":"category","embeddable":true,"href":"https:\/\/tucomarca.whitekongsoftware.com\/ca\/wp-json\/wp\/v2\/categories?post=274231"},{"taxonomy":"post_tag","embeddable":true,"href":"https:\/\/tucomarca.whitekongsoftware.com\/ca\/wp-json\/wp\/v2\/tags?post=274231"}],"curies":[{"name":"wp","href":"https:\/\/api.w.org\/{rel}","templated":true}]}}