{"id":274077,"date":"2025-08-01T10:15:00","date_gmt":"2025-08-01T08:15:00","guid":{"rendered":"https:\/\/www.tucomarca.com\/wordpress\/segunda\/?p=274077"},"modified":"2025-08-01T18:19:20","modified_gmt":"2025-08-01T16:19:20","slug":"sagunt-a-escena-exhibeix-la-proposta-coreografica-del-gest-repetit-de-la-companyia-tao-danse-theater","status":"publish","type":"post","link":"https:\/\/tucomarca.whitekongsoftware.com\/ca\/sagunt-a-escena-exhibeix-la-proposta-coreografica-del-gest-repetit-de-la-companyia-tao-danse-theater\/","title":{"rendered":"Sagunt a Escena exhibeix la proposta coreogr\u00e0fica del gest repetit de la companyia Tao Danse Theater"},"content":{"rendered":"\n<h3 class=\"wp-block-heading\">Aquesta formaci\u00f3 xinesa visita el Teatre Rom\u00e0 amb un programa doble que reuneix peces del seu treball \u2018Numerical S\u00e8ries\u2019.<\/h3>\n\n\n\n<h3 class=\"wp-block-heading\">El programa &#8216;Off Rom\u00e0&#8217; acull el 5 d&#8217;agost un ritual esc\u00e8nic inspirat en el misticisme suf\u00ed a c\u00e0rrec de Versonautas.<\/h3>\n\n\n\n<p class=\"wp-block-paragraph\">Sagunt a Escena, el festival organitzat per la Conselleria d&#8217;Educaci\u00f3, Cultura, Universitats i Ocupaci\u00f3 a trav\u00e9s del Institut Valenci\u00e0 de Cultura (IVC), planteja aquest cap de setmana dues propostes de tall ritual i experimental procedents de l&#8217;escena internacional i local.<\/p>\n\n\n\n<p class=\"wp-block-paragraph\">\u201cAmb aquest nou lliurament de Sagunt a Escena reafirmem el nostre comprom\u00eds amb una programaci\u00f3 que combine l&#8217;excel\u00b7l\u00e8ncia forana amb la creaci\u00f3 contempor\u00e0nia valenciana. La pres\u00e8ncia d&#8217;una companyia de la talla de Tao Danse Theater en el Teatre Rom\u00e0, al costat de l&#8217;impuls renovat del comprom\u00eds del festival amb artistes de la nostra terra tan innovadors com Versonautas, reflecteix una aposta per l&#8217;avantguarda, tant internacional com de proximitat\u201d, ha destacat la responsable del festival, Mar\u00eda Jos\u00e9 Mora.<\/p>\n\n\n\n<p class=\"wp-block-paragraph\">El dissabte 2 d&#8217;agost, el Teatre Rom\u00e0 cedir\u00e0 el seu mil\u00b7lenari escenari a la reconeguda companyia xinesa Tao Danse Theater, dirigida pel core\u00f2graf Tao Ye, amb un programa doble que reuneix les obres \u201813\u2019 i \u201814\u2019, dues peces de la seua trencadora proposta \u2018Numerical S\u00e8ries\u2019.<\/p>\n\n\n\n<p class=\"wp-block-paragraph\">En elles, una dotzena de ballarins despleguen un univers coreogr\u00e0fic en el qual la quietud i el moviment es converteixen en eines complement\u00e0ries per a explorar noves dimensions del cos, el temps i l&#8217;espai.<\/p>\n\n\n\n<p class=\"wp-block-paragraph\">Mentre \u201813\u2019 fusiona dansa individual, en duo i grupal per a mostrar processos de transformaci\u00f3 f\u00edsica i emocional, \u201814\u2019 trenca amb estructures repetitives per a submergir-se en un llenguatge de moviment fluid i sempre canviant. L&#8217;est\u00e8tica minimalista i po\u00e8tica de Tao Ye ha captivat escenaris de tot el m\u00f3n, des del Lincoln Center Art Festival de Nova York fins al Sadler\u2019s Wells Theatre de Londres, passant per l&#8217;\u00d2pera de Sidney i el Th\u00e9\u00e2tre de la Ville de Par\u00eds. En 2023 es van al\u00e7ar amb el prestigi\u00f3s Le\u00f3n de Plata en la Biennal de Dansa de Ven\u00e8cia.<\/p>\n\n\n\n<p class=\"wp-block-paragraph\">La companyia adopta un enfocament innovador del moviment, amb una t\u00e8cnica corporal coneguda com a sistema de moviment circular. En les seues arrels es troba la idea de la dansa pura, aconseguida mitjan\u00e7ant la repetici\u00f3 ritualista dels moviments naturals del cos, a trav\u00e9s de la qual invoquen la capacitat de l&#8217;audi\u00e8ncia per a concentrar-se en l&#8217;ess\u00e8ncia del gest repetit, desprove\u00eft de qualsevol ornament.<\/p>\n\n\n\n<p class=\"wp-block-paragraph\">El 5 d&#8217;agost, el duo Versonautas, format per Roqui Albero i Ana Sanahuja, presentar\u00e0 a la Casa dels Berenguer la seua nova pe\u00e7a, \u2018Recitara Relligara\u2019, una missa esc\u00e8nica inspirada en la poesia i el pensament del misticisme suf\u00ed.<\/p>\n\n\n\n<p class=\"wp-block-paragraph\">Mitjan\u00e7ant la combinaci\u00f3 de veu, m\u00fasica, performance i elements audiovisuals, els artistes construeixen un ritu contemporani que convida al recolliment, la contemplaci\u00f3 i l&#8217;escolta po\u00e8tica.<\/p>\n\n\n\n<p class=\"wp-block-paragraph\">El text parteix de cites de grans figures del pensament espiritual i literari, com Rilke, William Blake, Simone Weil, Sant Agust\u00ed i Clarice Lispector, i es complementa amb creacions pr\u00f2pies en un dispositiu esc\u00e8nic que reflexiona sobre el silenci interior i la bellesa del quotidi\u00e0.<\/p>\n\n\n\n<p class=\"wp-block-paragraph\">Sagunt a Escena \u00e9s un festival organitzat pel Institut Valenci\u00e0 de Cultura amb la col\u00b7laboraci\u00f3 de l&#8217;Ajuntament de Sagunt i l&#8217;\u00e0rea de teatres de la Diputaci\u00f3 de Val\u00e8ncia. Aquesta 42 edici\u00f3 se celebra del 31 de juliol al 23 d&#8217;agost de 2025 en el Teatre Rom\u00e0 i altres espais de Sagunt.<\/p>\n\n\n\n<p class=\"wp-block-paragraph\"><\/p>\n","protected":false},"excerpt":{"rendered":"<div class=\"mh-excerpt\">Aquesta formaci\u00f3 xinesa visita el Teatre Rom\u00e0 amb un programa doble que reuneix peces del seu treball \u2018Numerical S\u00e8ries\u2019. El programa &#8216;Off Rom\u00e0&#8217; acull el 5 d&#8217;agost un ritual esc\u00e8nic inspirat en el misticisme suf\u00ed <a class=\"mh-excerpt-more\" href=\"https:\/\/tucomarca.whitekongsoftware.com\/ca\/sagunt-a-escena-exhibeix-la-proposta-coreografica-del-gest-repetit-de-la-companyia-tao-danse-theater\/\" title=\"Sagunt a Escena exhibeix la proposta coreogr\u00e0fica del gest repetit de la companyia Tao Danse Theater\">[+] <\/a><\/div>\n","protected":false},"author":12,"featured_media":274075,"comment_status":"open","ping_status":"open","sticky":false,"template":"","format":"standard","meta":{"footnotes":""},"categories":[11019,10898,10894,10904,11007,10896],"tags":[13274,17761,21067],"class_list":["post-274077","post","type-post","status-publish","format-standard","has-post-thumbnail","category-agenda-ca","category-ventana-ca","category-la-comarca-ca","category-sin-categorizar-ca","category-ocio-y-cultura-ca","category-seccion-ca","tag-institut-valencia-de-cultura-ca","tag-ivc-ca","tag-sagunt-a-escena-ca"],"_links":{"self":[{"href":"https:\/\/tucomarca.whitekongsoftware.com\/ca\/wp-json\/wp\/v2\/posts\/274077","targetHints":{"allow":["GET"]}}],"collection":[{"href":"https:\/\/tucomarca.whitekongsoftware.com\/ca\/wp-json\/wp\/v2\/posts"}],"about":[{"href":"https:\/\/tucomarca.whitekongsoftware.com\/ca\/wp-json\/wp\/v2\/types\/post"}],"author":[{"embeddable":true,"href":"https:\/\/tucomarca.whitekongsoftware.com\/ca\/wp-json\/wp\/v2\/users\/12"}],"replies":[{"embeddable":true,"href":"https:\/\/tucomarca.whitekongsoftware.com\/ca\/wp-json\/wp\/v2\/comments?post=274077"}],"version-history":[{"count":0,"href":"https:\/\/tucomarca.whitekongsoftware.com\/ca\/wp-json\/wp\/v2\/posts\/274077\/revisions"}],"wp:featuredmedia":[{"embeddable":true,"href":"https:\/\/tucomarca.whitekongsoftware.com\/ca\/wp-json\/wp\/v2\/media\/274075"}],"wp:attachment":[{"href":"https:\/\/tucomarca.whitekongsoftware.com\/ca\/wp-json\/wp\/v2\/media?parent=274077"}],"wp:term":[{"taxonomy":"category","embeddable":true,"href":"https:\/\/tucomarca.whitekongsoftware.com\/ca\/wp-json\/wp\/v2\/categories?post=274077"},{"taxonomy":"post_tag","embeddable":true,"href":"https:\/\/tucomarca.whitekongsoftware.com\/ca\/wp-json\/wp\/v2\/tags?post=274077"}],"curies":[{"name":"wp","href":"https:\/\/api.w.org\/{rel}","templated":true}]}}