{"id":274046,"date":"2025-08-01T10:00:00","date_gmt":"2025-08-01T08:00:00","guid":{"rendered":"https:\/\/www.tucomarca.com\/wordpress\/segunda\/?p=274046"},"modified":"2025-08-01T18:11:42","modified_gmt":"2025-08-01T16:11:42","slug":"la-diputacio-de-valencia-impulsa-noves-excavacions-arqueologiques-en-el-pico-de-los-ajos-de-yatova","status":"publish","type":"post","link":"https:\/\/tucomarca.whitekongsoftware.com\/ca\/la-diputacio-de-valencia-impulsa-noves-excavacions-arqueologiques-en-el-pico-de-los-ajos-de-yatova\/","title":{"rendered":"La Diputaci\u00f3 de Val\u00e8ncia impulsa noves excavacions arqueol\u00f2giques en el Pico de los Ajos de Y\u00e1tova"},"content":{"rendered":"\n<h3 class=\"wp-block-heading\">El diputat de Cultura, Paco Teruel, junt amb l&#8217;alcalde de Y\u00e1tova, Miguel Esteban T\u00f3rtola, ha visitat el jaciment, que forma part del programa anual d&#8217;actuacions del Servei d&#8217;Investigaci\u00f3 Prehist\u00f2rica de la Diputaci\u00f3 de Val\u00e8ncia<\/h3>\n\n\n\n<p class=\"wp-block-paragraph\">El diputat de Cultura, Paco Teruel, ha visitat el poblat ib\u00e8ric del Pico de los Ajos, a Y\u00e1tova, ocupat des del Bronze Final fins al segle I aC., a la part alta de la Sierra Mart\u00e9s, i que forma part del programa anual d&#8217;actuacions del Servei d&#8217;Investigaci\u00f3 Prehist\u00f2rica de la Diputaci\u00f3 de Val\u00e8ncia.<\/p>\n\n\n\n<p class=\"wp-block-paragraph\">El jaciment, B\u00e9 d&#8217;Inter\u00e9s Cultural, ha sigut objecte de nou campanyes d&#8217;excavaci\u00f3 arqueol\u00f2gica. Va comen\u00e7ar a excavar-se en 2017 per iniciativa de l&#8217;Ajuntament de Y\u00e1tova, i des de 2019 forma part del programa d&#8217;excavacions del S.I.P. del Museu de Prehist\u00f2ria, en col\u00b7laboraci\u00f3 amb el Departament de Prehist\u00f2ria, Arqueologia i Hist\u00f2ria Antiga de la Universitat de Val\u00e8ncia. Les excavacions, dirigides per David Quixal i Consuelo Mata de la UV, s&#8217;han centrat en diferents sectors datats en els segles II-I aC.&nbsp;<\/p>\n\n\n\n<p class=\"wp-block-paragraph\">El jaciment t\u00e9 m\u00e9s de tres hect\u00e0rees repartides en diferents sectors, i s&#8217;ha intervingut en cinc d&#8217;ells. L&#8217;\u00e0rea excavada principal ha sigut el sector 1, on s&#8217;han documentat una s\u00e8rie de departaments de gran grand\u00e0ria d&#8217;una zona d&#8217;h\u00e0bitat. En un altre sector, un esper\u00f3 agrest cap al sud, es va excavar un edifici amb funci\u00f3 auxiliar, de treball i\/o magatzematge. Actualment, els treballs es desenvolupen en dos sectors: un esper\u00f3 septentrional on s&#8217;est\u00e0 excavant una casa ib\u00e8rica; i el sistema defensiu oriental format per torre, fossat i el possible acc\u00e9s principal al poblat.<\/p>\n\n\n\n<figure class=\"wp-block-image size-large\"><img loading=\"lazy\" decoding=\"async\" width=\"1024\" height=\"768\" src=\"http:\/\/www.tucomarca.com\/wordpress\/segunda\/wp-content\/uploads\/2025\/08\/Dipu_PicodelosAjos-1024x768.jpeg\" alt=\"\" class=\"wp-image-274041\" srcset=\"https:\/\/tucomarca.whitekongsoftware.com\/wp-content\/uploads\/2025\/08\/Dipu_PicodelosAjos-1024x768.jpeg 1024w, https:\/\/tucomarca.whitekongsoftware.com\/wp-content\/uploads\/2025\/08\/Dipu_PicodelosAjos-300x225.jpeg 300w, https:\/\/tucomarca.whitekongsoftware.com\/wp-content\/uploads\/2025\/08\/Dipu_PicodelosAjos-768x576.jpeg 768w, https:\/\/tucomarca.whitekongsoftware.com\/wp-content\/uploads\/2025\/08\/Dipu_PicodelosAjos-1536x1152.jpeg 1536w, https:\/\/tucomarca.whitekongsoftware.com\/wp-content\/uploads\/2025\/08\/Dipu_PicodelosAjos-2048x1536.jpeg 2048w, https:\/\/tucomarca.whitekongsoftware.com\/wp-content\/uploads\/2025\/08\/Dipu_PicodelosAjos-678x509.jpeg 678w, https:\/\/tucomarca.whitekongsoftware.com\/wp-content\/uploads\/2025\/08\/Dipu_PicodelosAjos-326x245.jpeg 326w, https:\/\/tucomarca.whitekongsoftware.com\/wp-content\/uploads\/2025\/08\/Dipu_PicodelosAjos-80x60.jpeg 80w\" sizes=\"auto, (max-width: 1024px) 100vw, 1024px\" \/><\/figure>\n\n\n\n<p class=\"wp-block-paragraph\">El responsable de Cultura ha visitat el jaciment acompanyat per l&#8217;alcalde de Y\u00e1tova, Miguel Esteban T\u00f3rtola; la directora del Museu de Prehist\u00f2ria de Val\u00e8ncia, Maria Jes\u00fas de Pedro; i els directors de l&#8217;excavaci\u00f3. El diputat ha volgut comprovar de primera m\u00e0 els treballs que estan executant els arque\u00f2legs del Museu de Prehist\u00f2ria de la Diputaci\u00f3 en col\u00b7laboraci\u00f3 amb la Universitat de Val\u00e8ncia. &#8220;Amb el pla d&#8217;excavacions del Museu es busca conservar, protegir i difondre el nostre patrimoni. Aix\u00ed mateix, a trav\u00e9s de les visites guiades programades emmarcades en la Ruta dels Ibers de la Diputaci\u00f3, acostem la nostra hist\u00f2ria a la ciutadania&#8221;, assenyala.<\/p>\n\n\n\n<p class=\"wp-block-paragraph\">Teruel ha informat tamb\u00e9 que l&#8217;activitat d&#8217;investigaci\u00f3 compta amb la participaci\u00f3 d&#8217;estudiants i especialistes de les diferents disciplines arqueol\u00f2giques, per tant, &#8220;tamb\u00e9 t\u00e9 un component de formaci\u00f3 per a les futures generacions d&#8217;investigadors&#8221;.&nbsp;<\/p>\n\n\n\n<p class=\"wp-block-paragraph\">Per part seua, l&#8217;alcalde de la localitat ha mostrat el seu agra\u00efment a la Diputaci\u00f3 de Val\u00e8ncia i al Museu de Prehist\u00f2ria per col\u00b7laborar amb l&#8217;ajuntament en este projecte: &#8220;Som un poble xicotet amb un pressupost humil, i posar en valor la nostra hist\u00f2ria i el nostre patrimoni i no perdre la nostra senya d&#8217;identitat \u00e9s molt important per a nosaltres&#8221;, ha apuntat.<\/p>\n\n\n\n<p class=\"wp-block-paragraph\"><strong>Ploms amb escriptura ib\u00e8rica<\/strong><\/p>\n\n\n\n<p class=\"wp-block-paragraph\">El Pico de los Ajos \u00e9s conegut per la seua important col\u00b7lecci\u00f3 de ploms amb escriptura ib\u00e8rica, alguns d&#8217;ells s&#8217;exhibixen en el Museu de Prehist\u00f2ria de Val\u00e8ncia. Les excavacions arqueol\u00f2giques van trobar un \u00faltim plom l&#8217;any 2018, el primer recuperat en context arqueol\u00f2gic fiable.&nbsp;<\/p>\n\n\n\n<p class=\"wp-block-paragraph\">A trav\u00e9s del projecte es desenvolupa tamb\u00e9 un important programa de difusi\u00f3 i divulgaci\u00f3 cultural. S&#8217;han realitzat millores en els accessos, que es troba completament senyalitzat i s&#8217;ha instal\u00b7lat cartelleria. Tamb\u00e9 es realitzen visites guiades amb reserva pr\u00e8via.<\/p>\n","protected":false},"excerpt":{"rendered":"<div class=\"mh-excerpt\">El diputat de Cultura, Paco Teruel, junt amb l&#8217;alcalde de Y\u00e1tova, Miguel Esteban T\u00f3rtola, ha visitat el jaciment, que forma part del programa anual d&#8217;actuacions del Servei d&#8217;Investigaci\u00f3 Prehist\u00f2rica de la Diputaci\u00f3 de Val\u00e8ncia El <a class=\"mh-excerpt-more\" href=\"https:\/\/tucomarca.whitekongsoftware.com\/ca\/la-diputacio-de-valencia-impulsa-noves-excavacions-arqueologiques-en-el-pico-de-los-ajos-de-yatova\/\" title=\"La Diputaci\u00f3 de Val\u00e8ncia impulsa noves excavacions arqueol\u00f2giques en el Pico de los Ajos de Y\u00e1tova\">[+] <\/a><\/div>\n","protected":false},"author":12,"featured_media":274044,"comment_status":"open","ping_status":"open","sticky":false,"template":"","format":"gallery","meta":{"footnotes":""},"categories":[10898,10980,10948,10894,10912,10903,11007,10947,10896],"tags":[11246,10914,22862,22863,11141],"class_list":["post-274046","post","type-post","status-publish","format-gallery","has-post-thumbnail","category-ventana-ca","category-yatova-ca","category-infraestructuras-ca","category-la-comarca-ca","category-la-hoya-ca","category-medio-ambiente-la-comarca-ca","category-ocio-y-cultura-ca","category-politica","category-seccion-ca","tag-diputacio-de-valencia-ca","tag-la-hoya-de-bunol-chiva-ca","tag-pico-de-los-ajos-ca","tag-poblado-ibero-ca","tag-yatova-ca","post_format-post-format-gallery"],"_links":{"self":[{"href":"https:\/\/tucomarca.whitekongsoftware.com\/ca\/wp-json\/wp\/v2\/posts\/274046","targetHints":{"allow":["GET"]}}],"collection":[{"href":"https:\/\/tucomarca.whitekongsoftware.com\/ca\/wp-json\/wp\/v2\/posts"}],"about":[{"href":"https:\/\/tucomarca.whitekongsoftware.com\/ca\/wp-json\/wp\/v2\/types\/post"}],"author":[{"embeddable":true,"href":"https:\/\/tucomarca.whitekongsoftware.com\/ca\/wp-json\/wp\/v2\/users\/12"}],"replies":[{"embeddable":true,"href":"https:\/\/tucomarca.whitekongsoftware.com\/ca\/wp-json\/wp\/v2\/comments?post=274046"}],"version-history":[{"count":0,"href":"https:\/\/tucomarca.whitekongsoftware.com\/ca\/wp-json\/wp\/v2\/posts\/274046\/revisions"}],"wp:featuredmedia":[{"embeddable":true,"href":"https:\/\/tucomarca.whitekongsoftware.com\/ca\/wp-json\/wp\/v2\/media\/274044"}],"wp:attachment":[{"href":"https:\/\/tucomarca.whitekongsoftware.com\/ca\/wp-json\/wp\/v2\/media?parent=274046"}],"wp:term":[{"taxonomy":"category","embeddable":true,"href":"https:\/\/tucomarca.whitekongsoftware.com\/ca\/wp-json\/wp\/v2\/categories?post=274046"},{"taxonomy":"post_tag","embeddable":true,"href":"https:\/\/tucomarca.whitekongsoftware.com\/ca\/wp-json\/wp\/v2\/tags?post=274046"}],"curies":[{"name":"wp","href":"https:\/\/api.w.org\/{rel}","templated":true}]}}