{"id":273970,"date":"2025-07-31T10:30:00","date_gmt":"2025-07-31T08:30:00","guid":{"rendered":"https:\/\/www.tucomarca.com\/wordpress\/segunda\/?p=273970"},"modified":"2025-07-31T19:08:02","modified_gmt":"2025-07-31T17:08:02","slug":"la-diputacio-de-valencia-reurbanitzara-el-tram-de-la-n-iii-que-dona-acces-a-utiel-per-lest-des-de-la-a-3","status":"publish","type":"post","link":"https:\/\/tucomarca.whitekongsoftware.com\/ca\/la-diputacio-de-valencia-reurbanitzara-el-tram-de-la-n-iii-que-dona-acces-a-utiel-per-lest-des-de-la-a-3\/","title":{"rendered":"La Diputaci\u00f3 de Val\u00e8ncia reurbanitzar\u00e0 el tram de la N-III que dona acc\u00e9s a Utiel per l&#8217;est des de la A-3"},"content":{"rendered":"\n<h3 class=\"wp-block-heading\">Este mat\u00ed, la diputada de Carreteres, Reme Mazzolari, junt amb l&#8217;alcalde d&#8217;Utiel, Ricardo Gabald\u00f3n, han presentat el projecte i han visitat la zona en la qual s&#8217;escometran les obres.<\/h3>\n\n\n\n<h3 class=\"wp-block-heading\">La Junta de Govern de la instituci\u00f3 provincial va donar llum verda a una subvenci\u00f3 en esp\u00e8cie de prop de 3 milions d&#8217;euros per a executar les obres i que el tram, considerat Cam\u00ed d&#8217;Inter\u00e9s Territorial, passe a titularitat municipal.<\/h3>\n\n\n\n<h3 class=\"wp-block-heading\">La zona d&#8217;actuaci\u00f3, d&#8217;1,2 quil\u00f2metres de longitud, presenta un considerable tr\u00e0nsit de vehicles pesants i industrials, aix\u00ed com diferents accessos directes a vivendes, naus industrials i estacions de servici.<\/h3>\n\n\n\n<p class=\"wp-block-paragraph\">La Diputaci\u00f3 de Val\u00e8ncia, a trav\u00e9s de l&#8217;\u00e0rea de Carreteres, dur\u00e0 a terme la reurbanitzaci\u00f3 integral de l&#8217;acc\u00e9s a Utiel per l&#8217;est, en el tram de la carretera N-III compr\u00e9s entre la glorieta de connexi\u00f3 amb l&#8217;A-3, a trav\u00e9s de l&#8217;eixida 278, i el nucli urb\u00e0 del municipi.<\/p>\n\n\n\n<p class=\"wp-block-paragraph\">Este mat\u00ed, la diputada de Carreteres, Reme Mazzolari, junt amb alcalde d&#8217;Utiel, Ricardo Gabald\u00f3n, han presentat el projecte i han visitat la zona en la qual s&#8217;escometran les obres.<\/p>\n\n\n\n<figure class=\"wp-block-image size-large\"><img loading=\"lazy\" decoding=\"async\" width=\"1024\" height=\"666\" src=\"http:\/\/www.tucomarca.com\/wordpress\/segunda\/wp-content\/uploads\/2025\/07\/DipuUtielaccesoEste1-1024x666.jpg\" alt=\"\" class=\"wp-image-273965\" srcset=\"https:\/\/tucomarca.whitekongsoftware.com\/wp-content\/uploads\/2025\/07\/DipuUtielaccesoEste1-1024x666.jpg 1024w, https:\/\/tucomarca.whitekongsoftware.com\/wp-content\/uploads\/2025\/07\/DipuUtielaccesoEste1-300x195.jpg 300w, https:\/\/tucomarca.whitekongsoftware.com\/wp-content\/uploads\/2025\/07\/DipuUtielaccesoEste1-768x499.jpg 768w, https:\/\/tucomarca.whitekongsoftware.com\/wp-content\/uploads\/2025\/07\/DipuUtielaccesoEste1.jpg 1181w\" sizes=\"auto, (max-width: 1024px) 100vw, 1024px\" \/><\/figure>\n\n\n\n<p class=\"wp-block-paragraph\">La Junta de Govern de la instituci\u00f3 provincial aprovava recentment una subvenci\u00f3 en esp\u00e8cie a l&#8217;ajuntament d&#8217;Utiel valorada en 2.911.974 euros, que permetr\u00e0 que la Diputaci\u00f3 de Val\u00e8ncia duga a terme la licitaci\u00f3 i execuci\u00f3 de les obres de millora de l&#8217;antiga carretera N-III, actualment de titularitat municipal.&nbsp;<\/p>\n\n\n\n<p class=\"wp-block-paragraph\">Mazzorali ha explicat que &#8220;s&#8217;ha optat per esta f\u00f3rmula, que ja s&#8217;ha utilitzat en altres intervencions, perqu\u00e8 ja compt\u00e0vem amb un projecte constructiu elaborat originalment per l&#8217;Ajuntament que ha sigut actualitzat recentment per la Diputaci\u00f3 de Val\u00e8ncia&#8221;. &#8220;Iniciar un nou expedient -aclarix Mazzolari- hauria suposat retardar una actuaci\u00f3 que \u00e9s priorit\u00e0ria en mat\u00e8ria de seguretat, ja que es tracta d&#8217;una via que presenta molt tr\u00e0nsit de vehicles pesants i industrials, i dona acc\u00e9s tant a vivendes com naus industrials, tallers i gasolineres&#8221;.<\/p>\n\n\n\n<p class=\"wp-block-paragraph\">La diputada i vicepresidenta segona de la instituci\u00f3 provincial subratlla a m\u00e9s que \u201ceste projecte no nom\u00e9s millora la seguretat, sin\u00f3 que tamb\u00e9 transforma l&#8217;acc\u00e9s a Utiel, dotant-lo d&#8217;una imatge renovada, accessible i adaptada a les necessitats actuals\u201d.<\/p>\n\n\n\n<p class=\"wp-block-paragraph\">En la mateixa l\u00ednia s&#8217;ha pronunciat l&#8217;alcalde d&#8217;Utiel, Ricardo Gabald\u00f3n, qui s&#8217;ha mostrat molt satisfet, ja que &#8220;es fa realitat un dels principals objectius del nostre equip de govern. Amb la reurbanitzaci\u00f3 de l&#8217;acc\u00e9s est a Utiel donem soluci\u00f3 a un dels punts conflictius en les comunicacions per carretera que cada dia utilitzen centenars de vehicles, molts d&#8217;ells camions i furgonetes de repartiment, i a m\u00e9s millorarem totalment la imatge de l&#8217;entrada al nostre municipi, convertint-se en la carta de presentaci\u00f3 dels visitants que arriben a Utiel\u201d.<\/p>\n\n\n\n<p class=\"wp-block-paragraph\"><strong>Dos vies de servici i una glorieta<\/strong><\/p>\n\n\n\n<p class=\"wp-block-paragraph\">Les obres, que tenen un termini previst de 10 mesos, es duran a terme en un tram d&#8217;1,2 quil\u00f2metres de l&#8217;antiga N-III, concretament entre els punts quilom\u00e8trics 263+200 i 264+450 de la carretera.&nbsp;<\/p>\n\n\n\n<p class=\"wp-block-paragraph\">El projecte preveu la construcci\u00f3 de vials a banda i banda de la carretera, amb una ampl\u00e0ria de 4 metres, zones d&#8217;aparcament de 2,2 metres i voreres accessibles de fins a 2,5 metres. Amb estes vies laterals es busca organitzar millor el tr\u00e0nsit d&#8217;entrada i eixida a les parcel\u00b7les lim\u00edtrofes -moltes d&#8217;elles d&#8217;\u00fas residencial, industrial o comercial-, evitant els actuals accessos directes a la carretera principal que generen situacions de risc.<\/p>\n\n\n\n<p class=\"wp-block-paragraph\">Un dels elements clau de la intervenci\u00f3 \u00e9s la creaci\u00f3 d&#8217;una glorieta que substituir\u00e0 la intersecci\u00f3 existent en l&#8217;acc\u00e9s est a Utiel, una intersecci\u00f3 en corba, amb visibilitat redu\u00efda i m\u00faltiples ramals, considerada punt conflictiu en termes de seguretat vi\u00e0ria.<\/p>\n\n\n\n<p class=\"wp-block-paragraph\">En l&#8217;\u00e0mbit del drenatge, s&#8217;actuar\u00e0 sobre les rambles del Tuerto i del Oeste. Per a esta \u00faltima es construir\u00e0 un marc de formig\u00f3 armat de 170 metres de longitud que connectar\u00e0 el Cam\u00ed La L\u00e1mpara amb l&#8217;obra de drenatge sota la N-III, evitant acumulacions d&#8217;aigua en episodis de pluja intensa. A m\u00e9s, s&#8217;ampliar\u00e0 l&#8217;obra de pas en la Rambla del Tuerto i es renovaran col\u00b7lectors, cunetes i embornals en tot el tram d&#8217;actuaci\u00f3.<\/p>\n\n\n\n<p class=\"wp-block-paragraph\">L&#8217;obra inclou tamb\u00e9 la instal\u00b7laci\u00f3 de nou il\u00b7luminat amb tecnologia LED; mentre que en mat\u00e8ria d&#8217;accessibilitat, inclour\u00e0 passos per als vianants accessibles, guals adaptats, paviments antilliscants i places reservades per a persones amb mobilitat redu\u00efda.<\/p>\n","protected":false},"excerpt":{"rendered":"<div class=\"mh-excerpt\">Este mat\u00ed, la diputada de Carreteres, Reme Mazzolari, junt amb l&#8217;alcalde d&#8217;Utiel, Ricardo Gabald\u00f3n, han presentat el projecte i han visitat la zona en la qual s&#8217;escometran les obres. La Junta de Govern de la <a class=\"mh-excerpt-more\" href=\"https:\/\/tucomarca.whitekongsoftware.com\/ca\/la-diputacio-de-valencia-reurbanitzara-el-tram-de-la-n-iii-que-dona-acces-a-utiel-per-lest-des-de-la-a-3\/\" title=\"La Diputaci\u00f3 de Val\u00e8ncia reurbanitzar\u00e0 el tram de la N-III que dona acc\u00e9s a Utiel per l&#8217;est des de la A-3\">[+] <\/a><\/div>\n","protected":false},"author":12,"featured_media":273968,"comment_status":"open","ping_status":"open","sticky":false,"template":"","format":"standard","meta":{"footnotes":""},"categories":[10898,10948,10894,10903,10947,10909,10896,10897,11059],"tags":[14215,11246,18422,10910,11174],"class_list":["post-273970","post","type-post","status-publish","format-standard","has-post-thumbnail","category-ventana-ca","category-infraestructuras-ca","category-la-comarca-ca","category-medio-ambiente-la-comarca-ca","category-politica","category-requena-utiel-ca","category-seccion-ca","category-sucesos-la-comarca-ca","category-utiel-ca","tag-acceso-utiel-este-ca","tag-diputacio-de-valencia-ca","tag-obras-de-reurbanizacion-ca","tag-requena-utiel-ca","tag-utiel-ca"],"_links":{"self":[{"href":"https:\/\/tucomarca.whitekongsoftware.com\/ca\/wp-json\/wp\/v2\/posts\/273970","targetHints":{"allow":["GET"]}}],"collection":[{"href":"https:\/\/tucomarca.whitekongsoftware.com\/ca\/wp-json\/wp\/v2\/posts"}],"about":[{"href":"https:\/\/tucomarca.whitekongsoftware.com\/ca\/wp-json\/wp\/v2\/types\/post"}],"author":[{"embeddable":true,"href":"https:\/\/tucomarca.whitekongsoftware.com\/ca\/wp-json\/wp\/v2\/users\/12"}],"replies":[{"embeddable":true,"href":"https:\/\/tucomarca.whitekongsoftware.com\/ca\/wp-json\/wp\/v2\/comments?post=273970"}],"version-history":[{"count":0,"href":"https:\/\/tucomarca.whitekongsoftware.com\/ca\/wp-json\/wp\/v2\/posts\/273970\/revisions"}],"wp:featuredmedia":[{"embeddable":true,"href":"https:\/\/tucomarca.whitekongsoftware.com\/ca\/wp-json\/wp\/v2\/media\/273968"}],"wp:attachment":[{"href":"https:\/\/tucomarca.whitekongsoftware.com\/ca\/wp-json\/wp\/v2\/media?parent=273970"}],"wp:term":[{"taxonomy":"category","embeddable":true,"href":"https:\/\/tucomarca.whitekongsoftware.com\/ca\/wp-json\/wp\/v2\/categories?post=273970"},{"taxonomy":"post_tag","embeddable":true,"href":"https:\/\/tucomarca.whitekongsoftware.com\/ca\/wp-json\/wp\/v2\/tags?post=273970"}],"curies":[{"name":"wp","href":"https:\/\/api.w.org\/{rel}","templated":true}]}}