{"id":273947,"date":"2025-07-31T09:00:00","date_gmt":"2025-07-31T07:00:00","guid":{"rendered":"https:\/\/www.tucomarca.com\/wordpress\/segunda\/?p=273947"},"modified":"2025-07-31T14:18:47","modified_gmt":"2025-07-31T12:18:47","slug":"el-festival-fimuvin-2025-arranca-amb-el-trio-galdos-i-el-pianista-jose-ramon-garcia","status":"publish","type":"post","link":"https:\/\/tucomarca.whitekongsoftware.com\/ca\/el-festival-fimuvin-2025-arranca-amb-el-trio-galdos-i-el-pianista-jose-ramon-garcia\/","title":{"rendered":"El Festival FiMuVin 2025 arranca amb el Trio Gald\u00f3s i el pianista Jos\u00e9 Ram\u00f3n Garc\u00eda"},"content":{"rendered":"\n<h3 class=\"wp-block-heading\">L&#8217;Orquestra Filharm\u00f2nica Fundaci\u00f3 Ciutat de Requena inicia l&#8217;edici\u00f3 amb la formaci\u00f3 (divendres 1 d&#8217;agost), i l&#8217;int\u00e8rpret albacete\u00f1o (dissabte 2), en el Temple de Santa Mar\u00eda de Requena a les 19.30h, amb entrada lliure i gratu\u00efta.<\/h3>\n\n\n\n<h3 class=\"wp-block-heading\">L&#8217;esdeveniment cultural, patrocinat per la Fundaci\u00f3 Ciutat de Requena i Celler Arrels Ib\u00e8riques, acollir\u00e0 un total de 5 concerts en diferents enclavaments de l&#8217;1 al 21 d&#8217;agost i s&#8217;emmarca dins dels actes programats de la Fira i Festa de la Verema de Requena, declarada d&#8217;Inter\u00e9s Tur\u00edstic.<\/h3>\n\n\n\n<h3 class=\"wp-block-heading\">El Trio Gald\u00f3s, integrat pel valenci\u00e0 Diego Melero (viol\u00ed), el gran canari Francisco L\u00f3pez (violoncel) i el madrileny Telmo Carvajal (piano), abordar\u00e0 un exigent programa amb obres de Ludwig van Beethoven i Serguei Rajm\u00e1ninov.<\/h3>\n\n\n\n<h3 class=\"wp-block-heading\">Jos\u00e9 Ram\u00f3n Garc\u00eda, guardonat en m\u00e9s de 30 concursos internacionals i nacionals de piano i considerat per la cr\u00edtica com un dels pianistes espanyols m\u00e9s prometedors, interpretar\u00e0 obres de Garc\u00eda Abril, Mozart i Chopin.<\/h3>\n\n\n\n<h3 class=\"wp-block-heading\">En el FiMuVin 2025 tamb\u00e9 actuaran el Quartet Sorolla (divendres 8), el Quintet Tourbillon (dissabte 9), i el multiinstrumentista Abraham Cupeiro amb l&#8217;Orquestra Filharm\u00f2nica de Requena, dirigida per Francisco Melero (dijous 21).<\/h3>\n\n\n<div class=\"wp-block-image\">\n<figure class=\"alignleft size-large is-resized\"><img loading=\"lazy\" decoding=\"async\" width=\"724\" height=\"1024\" src=\"http:\/\/www.tucomarca.com\/wordpress\/segunda\/wp-content\/uploads\/2025\/07\/FiMuVin-2025.-Cartel-724x1024.jpg\" alt=\"\" class=\"wp-image-273944\" style=\"width:344px;height:auto\" srcset=\"https:\/\/tucomarca.whitekongsoftware.com\/wp-content\/uploads\/2025\/07\/FiMuVin-2025.-Cartel-724x1024.jpg 724w, https:\/\/tucomarca.whitekongsoftware.com\/wp-content\/uploads\/2025\/07\/FiMuVin-2025.-Cartel-212x300.jpg 212w, https:\/\/tucomarca.whitekongsoftware.com\/wp-content\/uploads\/2025\/07\/FiMuVin-2025.-Cartel-768x1086.jpg 768w, https:\/\/tucomarca.whitekongsoftware.com\/wp-content\/uploads\/2025\/07\/FiMuVin-2025.-Cartel.jpg 1044w\" sizes=\"auto, (max-width: 724px) 100vw, 724px\" \/><\/figure>\n<\/div>\n\n\n<p class=\"wp-block-paragraph\">L&#8217;Orquestra&nbsp; Filharm\u00f2nica Fundaci\u00f3 Ciutat de Requena&nbsp;arranca la programaci\u00f3 del Festival Internacional de M\u00fasica la Verema i el Vi (FiMuVin) amb el Trio Gald\u00f3s i el pianista albacete\u00f1o Jos\u00e9 Ram\u00f3n Garc\u00eda, el divendres 1 d&#8217;agost i el dissabte 2, respectivament, en el Temple de Santa Mar\u00eda de Requena a les 19.30h, amb entrada lliure i gratu\u00efta fins a completar l&#8217;aforament. El aconteci- esmente cultural, patrocinat per la Fundaci\u00f3 Ciutat de Requena i Celler Arrels Ib\u00e8riques, acollir\u00e0 un total de cinc concerts en diferents espais de l&#8217;1 al 21 d&#8217;agost i s&#8217;emmarca dins dels actes programats de la Fira i Festa de la Verema de Requena, declarada d&#8217;Inter\u00e9s Tur\u00edstic.<\/p>\n\n\n\n<p class=\"wp-block-paragraph\">El Trio Gald\u00f3s, integrat pel valenci\u00e0 Diego Melero (viol\u00ed), el gran canari Francisco L\u00f3pez (violoncel) i el madrileny Telmo Carvajal (piano), naix en 2024 fruit de la col\u00b7laboraci\u00f3 art\u00edstica entre aquests joves m\u00fasics formats en Musikene (Centre Superior de M\u00fasica del Pa\u00eds Basc), amb l&#8217;objectiu d&#8217;explorar i difondre el repertori de m\u00fasica de cambra per a aquesta formaci\u00f3.<\/p>\n\n\n\n<p class=\"wp-block-paragraph\">Des de la seua creaci\u00f3, ha actuat en prestigioses sales nacionals i internacionals com el Victoria Eugenia i Kursaal (Sant Sebasti\u00e0), Royal Conservatoire of Scotland (Esc\u00f2cia), Herkulessaal (Munic), Shenzhen Concert Hall (la Xina), Grand Th\u00e9\u00e2tre de Provence (Fran\u00e7a), Bold Tendencies (Londres), Auditori de Tenerife i el Teatre Monumental de Madrid.<\/p>\n\n\n\n<p class=\"wp-block-paragraph\">En el recital abordaran un exigent programa que inclour\u00e0 les obres&nbsp;Trio per a piano en Si bemoll major, opus 97, \u2018Archduke\u2019&nbsp;de Ludwig van Beethoven, i&nbsp;Trio eleg\u00edac n\u00famero 1 en sol menor&nbsp;de Serguei Rajm\u00e1ninov.<\/p>\n\n\n\n<p class=\"wp-block-paragraph\">Jos\u00e9 Ram\u00f3n Garc\u00eda, guardonat en m\u00e9s de trenta concursos nacionals i internacionals de piano i considerat per la cr\u00edtica com un dels pianistes espanyols m\u00e9s prometedors, ofereix concerts a Europa, Am\u00e8rica del Nord i Espanya, i actua en rellevants festivals com el Rafael Orozco de C\u00f2rdova o el Schubert Club S\u00e8ries de Connecticut (els EUA). El pianista ha actuat en importants auditoris com el Palau de la M\u00fasica de Val\u00e8ncia, l&#8217;Auditori Nacional a Madrid o el Museu Nicolas Roerich a Nova York; i com a solista ha col\u00b7laborat amb orquestres de la talla de la Simf\u00f2nica de Gal\u00edcia, Val\u00e8ncia, Castella i Lle\u00f3 o la Simf\u00f2nica Estatal \u00c7ukorova (Turquia).<\/p>\n\n\n\n<p class=\"wp-block-paragraph\">L&#8217;int\u00e8rpret brindar\u00e0 el programa&nbsp;Entre la llum i l&#8217;ombra: fragments d&#8217;un viatge interior&nbsp;en el qual interpretar\u00e0 les obres&nbsp;Sonatina&nbsp;d&#8217;Ant\u00f3n Garc\u00eda Abril, la&nbsp;Sonata K. 310 en la menor&nbsp;de Wolfgang Amadeus Mozart, i quatre&nbsp;impromptus&nbsp;de Fr\u00e9d\u00e9ric Chopin. Ram\u00f3n Garc\u00eda exposa que \u201cla m\u00fasica \u00e9s un llenguatge que pot convertir-se en un espill del nostre m\u00f3n interior\u201d, i en aquest recital reunir\u00e0 \u201cfragments triats d&#8217;un viatge emocional i espiritual, un recorregut per pai- sajes \u00edntims on la llum i l&#8217;ombra dialoguen sense pausa\u201d.<\/p>\n\n\n\n<p class=\"wp-block-paragraph\">El m\u00fasic subratlla que \u201ccada obra \u00e9s un instant, una estaci\u00f3 en eixe trajecte, un retall sonor que, en unir-se amb els altres, construeix una cartografia de l&#8217;\u00e0nima\u201d. A trav\u00e9s d&#8217;aquestes peces, tra\u00e7ar\u00e0 \u201cuna l\u00ednia entre la claredat i el misteri, l&#8217;espontani i l&#8217;estructurat, l&#8217;afable i el tumultu\u00f3s; en eixe vaiv\u00e9, \u00e9s on la m\u00fasica revela la seua veritat m\u00e9s profunda\u201d.<\/p>\n\n\n\n<p class=\"wp-block-paragraph\"><strong>Quartet Sorolla i Quintet Tourbillon<\/strong><\/p>\n\n\n\n<p class=\"wp-block-paragraph\">El segon tram del Festival Internacional de M\u00fasica la Verema i el Vi acollir\u00e0 el concert del Quartet Sorolla, format per Mariana Morales (viol\u00ed), Silvia Bert\u00f3 (viol\u00ed), Elisa Ruix (viola) i \u00c1lvaro Ramos (violoncel), en el Temple de Santa Mar\u00eda de Requena el divendres 8 a les 19.30h. El Quintet Tourbillon, amb prestigiosos int\u00e8rprets de la Orquestra de la Comunitat Valenciana (Palau de les Arts) com Cecilio Vilar (clarinet), Gjorgi Dimcevski (viol\u00ed primer), Marja Nemanyte (viol\u00ed segon), Andriy Vytovich (viola) i Vladislav Trukhan (violoncel), oferir\u00e0 un concert en la Finca Calder\u00f3n Enoresort el dissabte 9 a les 20h. L&#8217;entrada per a aquests dos concerts \u00e9s gratu\u00efta fins a completar l&#8217;aforament.<\/p>\n\n\n\n<p class=\"wp-block-paragraph\">Despr\u00e9s de l&#8217;actuaci\u00f3 del Quintet Tourbillon, Finca Calder\u00f3n ofereix la possibilitat, pr\u00e8via reserva en www.fincacalderon.com, de gaudir d&#8217;un selecte sopar maridatge de sis passes en el seu restau- rante dissenyada especialment per a aquesta ocasi\u00f3. Cada plat anir\u00e0 harmonitzat amb un vi o cava d&#8217;Arrels Ib\u00e8riques, seleccionat per a potenciar cada sabor i convertir aquesta proposta en un viatge sensorial que uneix m\u00fasica, vi i gastronomia.<\/p>\n\n\n\n<p class=\"wp-block-paragraph\">Abraham Cupeiro i l&#8217;Orquestra Filharm\u00f2nica de la Fundaci\u00f3 Ciutat de Requena, dirigida per Francisco Melero, abordaran el programa&nbsp;Pangea&nbsp;al Pati d&#8217;Armes del Castell de Requena el dijous 21 a les 23.30h. El multiinstrumentista, constructor i music\u00f2leg gallec posar\u00e0 el fermall d&#8217;or a aquest festival amb un repertori que va recopilar en un treball discogr\u00e0fic hom\u00f3ni- mo gravat amb la Royal Philharmonic Orchestra i publicat per Warner Classics en 2020.<\/p>\n\n\n\n<p class=\"wp-block-paragraph\">El Festival FiMuVin tamb\u00e9 compta amb la col\u00b7laboraci\u00f3 de la regidoria de Cultura de l&#8217;Ajuntament de Requena, Generalitat Valenciana, Institut Valenci\u00e0 de Cultura, Diputaci\u00f3 de Val\u00e8ncia, Finca Calder\u00f3n Enoresort del Celler Arrels Ib\u00e8riques, Nexe Wines, Telfy TV, Font Primavera, Onda Requena, R\u00e0dio Requena, R\u00e0dio Utiel i Monogr\u00e0fic comunicaci\u00f3. Les entrades per al concert d&#8217;Abraham Cupeiro es poden aconseguir anticipadament en www.orquestarequena.com; al carrer Norberto Pi\u00f1ango no 17 baix, de Requena, a partir del 5 d&#8217;agost, i una hora abans del concert en taquilla.<\/p>\n\n\n\n<p class=\"wp-block-paragraph\"><strong>Curs i Concurs de Direcci\u00f3<\/strong><\/p>\n\n\n\n<p class=\"wp-block-paragraph\">L&#8217;Orquestra Filharm\u00f2nica de Requena ha organitzat, del 22 al 26 de juliol, el XII Curs de Direcci\u00f3 d&#8217;Orquestra Ciutat de Requena i l&#8217;III Concurs de Direcci\u00f3 d&#8217;Orquestra Maestro Collado, a c\u00e0rrec de Francisco Melero i de Lawrence Golan. El curs s&#8217;ha centrat en les&nbsp;Danses hongareses 1, 5 i 6&nbsp;de Brahms, el&nbsp;Concert per a clarinet i orquestra K622&nbsp;de Mozart, i la&nbsp;Simfonia n\u00famero 6 opus 74 \u2018Pat\u00e8tica\u2019&nbsp;de Txaikovski. A m\u00e9s, ha oferit en les mateixes dates un Curs de Clarinet a c\u00e0rrec del m\u00fasic Cecilio Vilar, solista de la Orquestra de la Comunitat Valenciana.<\/p>\n\n\n\n<p class=\"wp-block-paragraph\">El tribunal, compost pels integrants de l&#8217;Orquestra Filharm\u00f2nica de Requena, membres convida- dues del m\u00f3n simf\u00f2nic i Francisco Melero, ha reconegut amb el primer premi a Claudia Carballo Gonz\u00e1lez (Gal\u00edcia). El guard\u00f3 consisteix en el nomenament com a directora assistent l&#8217;any vigen- t&#8217;i en el concert que realitzar\u00e0 l&#8217;Orquestra Filharm\u00f2nica de Requena el 21 d&#8217;agost. A m\u00e9s, diri- gir\u00e1 a la formaci\u00f3 com a convidada en un concert que tindr\u00e0 lloc en una data per determinar.<\/p>\n","protected":false},"excerpt":{"rendered":"<div class=\"mh-excerpt\">L&#8217;Orquestra Filharm\u00f2nica Fundaci\u00f3 Ciutat de Requena inicia l&#8217;edici\u00f3 amb la formaci\u00f3 (divendres 1 d&#8217;agost), i l&#8217;int\u00e8rpret albacete\u00f1o (dissabte 2), en el Temple de Santa Mar\u00eda de Requena a les 19.30h, amb entrada lliure i gratu\u00efta. <a class=\"mh-excerpt-more\" href=\"https:\/\/tucomarca.whitekongsoftware.com\/ca\/el-festival-fimuvin-2025-arranca-amb-el-trio-galdos-i-el-pianista-jose-ramon-garcia\/\" title=\"El Festival FiMuVin 2025 arranca amb el Trio Gald\u00f3s i el pianista Jos\u00e9 Ram\u00f3n Garc\u00eda\">[+] <\/a><\/div>\n","protected":false},"author":13,"featured_media":273945,"comment_status":"open","ping_status":"open","sticky":false,"template":"","format":"standard","meta":{"footnotes":""},"categories":[11019,11005,10894,11007,10908,10909,10896],"tags":[20778,11099,10910],"class_list":["post-273947","post","type-post","status-publish","format-standard","has-post-thumbnail","category-agenda-ca","category-canal-musica","category-la-comarca-ca","category-ocio-y-cultura-ca","category-requena-ca","category-requena-utiel-ca","category-seccion-ca","tag-musica-2-ca","tag-requena-ca","tag-requena-utiel-ca"],"_links":{"self":[{"href":"https:\/\/tucomarca.whitekongsoftware.com\/ca\/wp-json\/wp\/v2\/posts\/273947","targetHints":{"allow":["GET"]}}],"collection":[{"href":"https:\/\/tucomarca.whitekongsoftware.com\/ca\/wp-json\/wp\/v2\/posts"}],"about":[{"href":"https:\/\/tucomarca.whitekongsoftware.com\/ca\/wp-json\/wp\/v2\/types\/post"}],"author":[{"embeddable":true,"href":"https:\/\/tucomarca.whitekongsoftware.com\/ca\/wp-json\/wp\/v2\/users\/13"}],"replies":[{"embeddable":true,"href":"https:\/\/tucomarca.whitekongsoftware.com\/ca\/wp-json\/wp\/v2\/comments?post=273947"}],"version-history":[{"count":0,"href":"https:\/\/tucomarca.whitekongsoftware.com\/ca\/wp-json\/wp\/v2\/posts\/273947\/revisions"}],"wp:featuredmedia":[{"embeddable":true,"href":"https:\/\/tucomarca.whitekongsoftware.com\/ca\/wp-json\/wp\/v2\/media\/273945"}],"wp:attachment":[{"href":"https:\/\/tucomarca.whitekongsoftware.com\/ca\/wp-json\/wp\/v2\/media?parent=273947"}],"wp:term":[{"taxonomy":"category","embeddable":true,"href":"https:\/\/tucomarca.whitekongsoftware.com\/ca\/wp-json\/wp\/v2\/categories?post=273947"},{"taxonomy":"post_tag","embeddable":true,"href":"https:\/\/tucomarca.whitekongsoftware.com\/ca\/wp-json\/wp\/v2\/tags?post=273947"}],"curies":[{"name":"wp","href":"https:\/\/api.w.org\/{rel}","templated":true}]}}