{"id":273877,"date":"2025-07-31T10:20:00","date_gmt":"2025-07-31T08:20:00","guid":{"rendered":"https:\/\/www.tucomarca.com\/wordpress\/segunda\/?p=273877"},"modified":"2025-08-01T18:21:55","modified_gmt":"2025-08-01T16:21:55","slug":"turis-entra-de-ple-en-les-seues-festes-patronals-amb-musica-esport-tradicio-i-bous","status":"publish","type":"post","link":"https:\/\/tucomarca.whitekongsoftware.com\/ca\/turis-entra-de-ple-en-les-seues-festes-patronals-amb-musica-esport-tradicio-i-bous\/","title":{"rendered":"Tur\u00eds entra de ple en les seues Festes Patronals amb m\u00fasica, esport, tradici\u00f3 i bous"},"content":{"rendered":"\n<p class=\"wp-block-paragraph\">L\u2019Ajuntament de Tur\u00eds ja ha fet p\u00fablic el programa oficial de les seues Festes Patronals 2025, que se celebraran de l\u20191 al 17 d\u2019agost amb una variada oferta d\u2019activitats pensades per a tots els p\u00fablics. Concerts, actes tradicionals, competicions esportives, espectacles infantils i la tan esperada Setmana Taurina ompliran de vida els carrers del municipi durant m\u00e9s de dues setmanes.<\/p>\n\n\n\n<p class=\"wp-block-paragraph\">Entre els actes m\u00e9s destacats figuren el tradicional cant d\u2019<em>albaes<\/em>, el concurs de paelles, la desfilada de disfresses, musicals familiars com <em>Aladd\u00edn<\/em> o <em>La veu de Disney<\/em>, i concerts tribut a Mecano o el D\u00fao Din\u00e1mico. A m\u00e9s, els aficionats als bous podran gaudir d\u2019encierros, bous de corda, concursos d\u2019emboladors i vesprades de vaquetes amb les principals ramaderies del moment.<\/p>\n\n\n\n<p class=\"wp-block-paragraph\">Les festes tamb\u00e9 tindran un component solidari, amb la celebraci\u00f3 del sopar ben\u00e8fic contra el c\u00e0ncer i la col\u00b7laboraci\u00f3 amb Aspanion durant la cursa popular.<\/p>\n\n\n\n<h3 class=\"wp-block-heading\"><strong>Programa complet d\u2019actes<\/strong><\/h3>\n\n\n\n<p class=\"wp-block-paragraph\"><strong>Divendres, 1 d&#8217;agost<\/strong><br>20.00 h Exhibici\u00f3 de front\u00f3.<br>23.30 h Cant d\u2019albaes que comen\u00e7ar\u00e0 a la porta de l&#8217;ajuntament passant per la Casa Museu i acabant a casa de la Regina de les Festes, Diana Vicente Palmero.<\/p>\n\n\n\n<p class=\"wp-block-paragraph\"><strong>Dissabte, 2 d&#8217;agost<\/strong><br>11.00 h Atraccions aqu\u00e0tiques per als m\u00e9s xicotets en la Pl. Vicent Ribes.<br>20.00 h Es repartiran els ingredients per al concurs de paelles al costat del camp de futbol.<br>22.00 h Concurs de paelles a la porta del camp de futbol municipal. Com tots els anys, la cooperativa La Turisana obsequia als participants amb una fruita d&#8217;estiu i La Baronia amb una botella de sangria. Els participants podran menjar-se la paella en les taules disposades. Haur\u00e0 premi a la millor camiseta.<br>A continuaci\u00f3 \u201cTrailer disc\u201d amb els DJ\u2019s Ismael Lora i Vicente Buitr\u00f3n.<\/p>\n\n\n\n<p class=\"wp-block-paragraph\"><strong>Dilluns, 4 d&#8217;agost<\/strong><br>18.00 h Tradicional carrera popular. Tant els menors que no siguen locals com les categories superiors (siguen locals o no) hauran d&#8217;inscriure&#8217;s en la web cronorunner.com. Els dorsals per als majors es repartiran a partir de les 17.00 h a l&#8217;ajuntament.&nbsp;<br>Les categories inferiors locals podran apuntar-se a l&#8217;ajuntament on arreplegaran el dorsal. Un any m\u00e9s comptem amb la valuosa col\u00b7laboraci\u00f3 del Club Triesport. Les bases poden consultar-se en la p\u00e0gina web de l&#8217;Ajuntament.<br>Enguany disposarem d&#8217;un estand de difusi\u00f3 de Aspanion (Associaci\u00f3 de Pares de Xiquets Oncol\u00f2gics) amb venda d&#8217;articles solidaris a benefici d&#8217;esta associaci\u00f3.<\/p>\n\n\n\n<p class=\"wp-block-paragraph\">PREXUPET\u00cd (18.00 h)<br>Nascuts en 2023-2024<br>30 metres<\/p>\n\n\n\n<p class=\"wp-block-paragraph\">XUPET\u00cd (A continuaci\u00f3)<br>Nascuts en 2020-2021-2022<br>60 metres des de la pla\u00e7a de l&#8217;esgl\u00e9sia fins a la pla\u00e7a Vicent Ribes en recte.<\/p>\n\n\n\n<p class=\"wp-block-paragraph\">PREBENJAM\u00cd (A continuaci\u00f3)<br>Nascuts en 2018-2019<br>300 metres. Una volta fins a l\u2019antic bar \u201cCono\u201d i a la cantonada cap a l&#8217;esquerra es torna pel carrer Metge Mu\u00f1oz a meta.<\/p>\n\n\n\n<p class=\"wp-block-paragraph\">BENJAM\u00cd (A continuaci\u00f3)<br>Nascuts en 2016-2017.<br>600 metres. Una volta i per la cantonada de la Placeta del Marqu\u00e9s tornar pel carrer Metge Mu\u00f1oz.<\/p>\n\n\n\n<p class=\"wp-block-paragraph\">ALEV\u00cd (A continuaci\u00f3)<br>Nascuts en 2014-2015<br>1000 metres. Una volta fins al celler i tornar pel carrer Metge Mu\u00f1oz<\/p>\n\n\n\n<p class=\"wp-block-paragraph\">INFANTIL (A continuaci\u00f3)<br>Nascuts en 2012-2013<br>1.600 metres. Dos voltes fins a la cantonada on estava Mapfre i tornar pel carrer Metge Mu\u00f1oz.<\/p>\n\n\n\n<p class=\"wp-block-paragraph\">JUVENIL- CADET (A continuaci\u00f3)<br>Nascuts en 2008-2011<br>2000 metres. Dos voltes fins al celler i tornar pel carrer M\u00e8dic Mu\u00f1oz.&nbsp;&nbsp;&nbsp;&nbsp;<\/p>\n\n\n\n<p class=\"wp-block-paragraph\">A les 19.30 h entrega de medalles a les categories infantils.<\/p>\n\n\n\n<p class=\"wp-block-paragraph\">ABSOLUTA (20.00 h)<br>Nascuts en 2007 en avant, amb 18 anys complits el dia de la prova.<br>7.700 metres.<\/p>\n\n\n\n<p class=\"wp-block-paragraph\">Lliurament de medalles a les categories absolutes i locals en acabar la prova o a les 21.00 h.<\/p>\n\n\n\n<p class=\"wp-block-paragraph\">22.00 h Partit pel tercer i quart lloc del campionat de futbol sala i futbol sala j\u00fanior.<\/p>\n\n\n\n<p class=\"wp-block-paragraph\"><strong>Dimarts, 5 d&#8217;agost<\/strong><br>22.00 h Finals del 40\u00e9 Campionat de Futbol Sala i 11\u00e9 Campionat de Futbol Sala J\u00fanior i partit d\u2019exhibici\u00f3 de futbol sala femen\u00ed. A continuaci\u00f3 s&#8217;entregaran els trofeus d&#8217;estos campionats.<\/p>\n\n\n\n<p class=\"wp-block-paragraph\"><strong>Dimecres, 6 d&#8217;agost<\/strong><br>18.30 h I Trofeu de B\u00e0squet Festes de Tur\u00eds entre el CB Tur\u00eds i el CB Pobla de Vallbona<br>19.00 h Cercavila per a arreplegar a la Regina de les Festes i dirigir-se al Teatre Ideal per a inaugurar l&#8217;exposici\u00f3 dels alumnes del Centre Municipal de Formaci\u00f3 de Persones Adultes.&nbsp;<br>21.30 h III Sopar de Clubs Esportius en la Pl. Vicent Ribes i reconeixement clubs esportius.<\/p>\n\n\n\n<p class=\"wp-block-paragraph\"><strong>Dijous, 7 d&#8217;agost, dia de \u201cla dona turisana\u201d<\/strong><br>19.30 h Cercavila per a arreplegar a la Regina de les Festes amb el tradicional vestit de \u201ctainera\u201d. S&#8217;iniciar\u00e0 a l&#8217;ajuntament i conclour\u00e0 en La Mina, on s&#8217;inaugurar\u00e0 la tradicional exposici\u00f3 a c\u00e0rrec de l&#8217;artista local, Dolo Torrelles, i els seus alumnes. A continuaci\u00f3, la Regina i la seua Cort d&#8217;Honor ballaran La Taina.<br>Les exposicions estaran obertes fins al 17 d&#8217;agost en horari de 19.00 h a 21.00 h.<br>22.00 h Sopar ben\u00e8fic contra el c\u00e0ncer en la Pla\u00e7a Vicent Ribes amb una t\u00f3mbola que sempre sorpr\u00e9n per la gran participaci\u00f3 i la multitud de regals. A continuaci\u00f3, \u201csaraus\u201d i \u201cbureus\u201d a c\u00e0rrec del grup de m\u00fasica folkl\u00f2rica \u201cS\u00f3 de bassi\u201d.<\/p>\n\n\n\n<p class=\"wp-block-paragraph\"><strong>Divendres, 8 d&#8217;agost<\/strong><br>18.30 h Passacarrer per a arreplegar a la Regina de les Festes i assistir a les 19.00 h a la missa en honor a la Nativitat de la nostra Senyora, titular de la parr\u00f2quia.&nbsp;<br>A continuaci\u00f3 baixada de les imatges dels nostres patrons, Sant Francesc de Borja i la Mare de D\u00e9u dels Dolors Gloriosos.<br>23.15 h Passacarrer des de l&#8217;ajuntament fins a l&#8217;amfiteatre de La Mina. A continuaci\u00f3, a les 23.30 h, primer concert de festes a c\u00e0rrec de la Coral Vicent Ribes i la banda jove de la Societat Musical Turisense.<\/p>\n\n\n\n<p class=\"wp-block-paragraph\"><strong>Dissabte, 9 d&#8217;agost<\/strong><br>11.00 h Atraccions aqu\u00e0tiques per als m\u00e9s xicotets en la Pl. Vicent Ribes.<br>18.30 h Cercavila per a arreplegar a la Regina de les Festes i a les 19.00 h missa en honor al nostre patr\u00f3, Sant Francesc de Borja. A continuaci\u00f3, a les 20.00 h process\u00f3 de la seua imatge pels carrers de costum que finalitzar\u00e0 amb la pujada a l&#8217;ermita.<br>23.30 h Les festeres es concentraran a la porta de l&#8217;ajuntament per a realitzar un pasacarrer acompanyades per la Societat Musical Turisense fins a l&#8217;amfiteatre de La Mina, on tindr\u00e0 lloc el concert de festes que ens oferir\u00e0 la nostra banda.<br>En finalitzar, en el conservatori, nit de festa amb \u201cTumbalea revolution\u201d.<\/p>\n\n\n\n<p class=\"wp-block-paragraph\"><strong>Diumenge, 10 d&#8217;agost\u00a0<\/strong><br>10.30 h Cercavila per a arreplegar a la Regina de les Festes, Diana Vicente Palmero, i la seua Cort d&#8217;Honor per a assistir a les 12.00 h a la missa solemne en honor a la nostra patrona.<br>14.00 h Gran masclet\u00e0 a c\u00e0rrec de Pirot\u00e8cnia Tur\u00eds situada en la Pl. Vicent Ribes.<br>20.00 h Solemne process\u00f3 de la Mare de D\u00e9u dels Dolors Gloriosos que finalitzar\u00e0 en el temple parroquial on estar\u00e0 la seua imatge fins a la celebraci\u00f3 de la festa can\u00f2nica al setembre.\u00a0<br>00.30 h Masclet\u00e0 mixta a c\u00e0rrec de Pirot\u00e8cnia Tur\u00eds en la zona del conservatori i a continuaci\u00f3, actuaci\u00f3 de l&#8217;orquestra \u201cM\u00f3naco\u201d.<\/p>\n\n\n\n<p class=\"wp-block-paragraph\"><strong>Dilluns, 11 d&#8217;agost<\/strong><br>19.00 h Els nostres ve\u00efns protagonitzen amb el seu enginy i humor la tradicional cavalcada de disfresses al llarg de l&#8217;Av. Corts Valencianes. Com ja \u00e9s habitual el punt d&#8217;eixida ser\u00e0 la rotonda de la \u201cFontanella\u201d.<br>23.30 h Espectacle \u201cSinfon\u00eda de estrellas\u201d en l&#8217;amfiteatre de La Mina.<\/p>\n\n\n\n<p class=\"wp-block-paragraph\"><strong>Dimarts, 12 d&#8217;agost<\/strong><br>13.00 h Discom\u00f2bil en la zona del conservatori.<br>23.30 h \u201cResistir\u00e9, tributo al Duo Din\u00e1mico\u201d en l\u2019amfiteatre de La Mina<\/p>\n\n\n\n<p class=\"wp-block-paragraph\"><strong>Dimecres, 13 d&#8217;agost<\/strong>&nbsp;<br>13.00 h Discom\u00f2bil en la zona del conservatori.<br>00.00 h Musical \u201cAladdin\u201d per a tota la fam\u00edlia en la zona del conservatori.<\/p>\n\n\n\n<p class=\"wp-block-paragraph\"><strong>Dijous, 14 d&#8217;agost&nbsp;<\/strong><br>13.00 h Discom\u00f2bil en la zona del conservatori.<br>00.00 h Musical \u201cGisela, la voz de Disney\u201d, en la zona del conservatori.<\/p>\n\n\n\n<p class=\"wp-block-paragraph\"><strong>Divendres, 15 d&#8217;agost<\/strong><br>Durant tot el mat\u00ed, i comptant amb l&#8217;activa participaci\u00f3 de les festeres, tindr\u00e0 lloc la tradicional recaptaci\u00f3 solid\u00e0ria contra el c\u00e0ncer. Hi haur\u00e0 una taula disposada en la Pla\u00e7a Vicent Ribes i una altra en l&#8217;Av. Corts Valencianes al costat del Teatre Ideal.<br>13.00 h Discom\u00f2bil en la zona del conservatori<br>00.00 h Espectacle tribut a Mecano: \u201cDescanso dominical\u201d en la zona del conservatori.<\/p>\n\n\n\n<p class=\"wp-block-paragraph\"><br><strong>Dissabte, 16 d&#8217;agost<\/strong><br>13.00 h Discom\u00f2bil en la zona del conservatori<br>00.00 h \u201cLas Vegas: el Musical\u201d en la zona del conservatori.<\/p>\n\n\n\n<p class=\"wp-block-paragraph\"><strong>Diumenge, 17 d&#8217;agost<\/strong><br>13.00 h Discom\u00f2bil en la zona del conservatori<br>22.00 h Fi de festa.<\/p>\n\n\n\n<p class=\"wp-block-paragraph\"><strong>Dimecres, 27 d&#8217;agost<\/strong><br>20.00 h IX Trofeu Pepe \u201cMitgeta\u201d en el camp de futbol municipal que enfrontar\u00e0 el CD Tur\u00eds contra el Racing Algemes\u00ed.<\/p>\n\n\n\n<p class=\"wp-block-paragraph\"><strong>Nota<\/strong>: l&#8217;Ajuntament de Tur\u00eds es reserva el dret de suspendre o canviar l&#8217;horari i lloc de qualsevol dels actes programats. En tal cas s&#8217;avisar\u00e0 oportunament.<\/p>\n\n\n\n<h3 class=\"wp-block-heading\"><strong>Setmana taurina<\/strong><\/h3>\n\n\n\n<p class=\"wp-block-paragraph\"><strong>Dilluns, 11 d\u2019agost<\/strong><br>00.00 h Concurs d\u2019anelles amb ramat de Rafa \u201cEl Salero\u201d (Montserrat) per a les sis millors parelles del moment a c\u00e0rrec de l\u2019ACT Carrer Ample. A continuaci\u00f3 bou embolat.<\/p>\n\n\n\n<p class=\"wp-block-paragraph\"><strong>Dimarts, 12 d\u2019agost<\/strong><br>7.20 h Passacarrer de la corda amb la participaci\u00f3 de la Regina de les Festes, Diana Vicente Palmero, i la seua Cort d\u2019Honor, que portaran la corda i la badana acompanyades per les autoritats, membres de les associacions taurines del nostre poble i Societat Musical Turisense, des de la pla\u00e7a de bous fins al final del carrer La Barra, on eixir\u00e0 el bou.<br>A continuaci\u00f3, primer bou en corda de la setmana, de la ramaderia de Laura Parejo (Cabanes).<br>14.00 h Entrada de vaques amb ramat de Dani Machancoses (Picassent).<br>19.00 h Especial de vedelles per a la gent jove a c\u00e0rrec de l\u2019ajuntament amb ramat de Dani S\u00e1nchez (Tur\u00eds).<br>23.30 h Concurs de bous amb la participaci\u00f3 de les ramaderies Fernando Machancoses (Xest), Dani Machancoses i German Vidal (Cabanes) a c\u00e0rrec de l\u2019Ajuntament. A continuaci\u00f3 bou embolat.<\/p>\n\n\n\n<p class=\"wp-block-paragraph\"><strong>Dimecres, 13 d\u2019agost&nbsp;<\/strong><br>7.30 h Bou en corda de El Salero, de Montserrat.<br>14.00 h Entrada de vaques amb ramat de Fernando Machancoses.<br>19.00 h Gran Prix organitzat per la Penya El \u00daltimo.<br>23.30 h Ma a ma entre les ramaderies de El Salero i Dani S\u00e1nchez. A continuaci\u00f3 bou embolat.<\/p>\n\n\n\n<p class=\"wp-block-paragraph\"><strong>Dijous, 14 d\u2019agost<\/strong><br>7.30 h Bou en corda de La Espuela (Alcora).<br>14.00 h Entrada de vaques amb ramat de Dani S\u00e1nchez.<br>19.00 h Especial de vedelles per a la gent jove i concurs de disfresses a c\u00e0rrec de l\u2019ajuntament amb ramat de Dani S\u00e1nchez (Tur\u00eds). Haur\u00e0 un pernil per a la millor disfressa.<br>23.30 h Ma a ma entre les ramaderies de Germans Benavent (Quatretonda) i Dani Machancoses a c\u00e0rrec de l\u2019Ajuntament. A continuaci\u00f3 bou embolat.<\/p>\n\n\n\n<p class=\"wp-block-paragraph\"><strong>Divendres, 15 d\u2019agost<\/strong><br>7.30 h Bou en corda de Germans Benavent.<br>14.00 h Entrada de vaques amb ramat de Fernando Machancoses.<br>23.30 h &nbsp;Organitzat per la penya El \u00daltimo, concurs d\u2019emboladors amb les millors colles del panorama nacional. Sis bous de la prestigiosa ramaderia de Fernando Machancoses per a les colles de Colmenar de Oreja (Madrid); Santa Pantaria, de La Almunia de Do\u00f1a Godina (Saragossa); Murbiter, de Sagunt; Los Bandoleros (Teruel); Ferratge de Jes\u00fas Pobre, d\u2019Alacant; i Juanot, de Tur\u00eds. Despr\u00e9s bou embolat.<\/p>\n\n\n\n<p class=\"wp-block-paragraph\"><strong>Dissabte, 16 d\u2019agost<\/strong><br>7.30 h Bou en corda de David Alfaro (Xest)&nbsp;<br>14.00 h Entrada de vaques amb ramat de El Salero.<br>23.30 h Especial de Fernando Machancoses a c\u00e0rrec de l\u2019ajuntament. A continuaci\u00f3 bou embolat.<\/p>\n\n\n\n<p class=\"wp-block-paragraph\"><br><strong>Diumenge, 17 d\u2019agost<\/strong><br>7.30 h Bou en corda de La Paloma (Xal\u00f3).&nbsp;<br>14.00 h &nbsp;Entrada de vaques amb ramat de Dani S\u00e1nchez.<br>19.00 h &nbsp;Especial de La Paloma, a c\u00e0rrec de l\u2019Ajuntament. A continuaci\u00f3 bou embolat.<\/p>\n","protected":false},"excerpt":{"rendered":"<div class=\"mh-excerpt\">L\u2019Ajuntament de Tur\u00eds ja ha fet p\u00fablic el programa oficial de les seues Festes Patronals 2025, que se celebraran de l\u20191 al 17 d\u2019agost amb una variada oferta d\u2019activitats pensades per a tots els p\u00fablics. <a class=\"mh-excerpt-more\" href=\"https:\/\/tucomarca.whitekongsoftware.com\/ca\/turis-entra-de-ple-en-les-seues-festes-patronals-amb-musica-esport-tradicio-i-bous\/\" title=\"Tur\u00eds entra de ple en les seues Festes Patronals amb m\u00fasica, esport, tradici\u00f3 i bous\">[+] <\/a><\/div>\n","protected":false},"author":12,"featured_media":273876,"comment_status":"open","ping_status":"open","sticky":false,"template":"","format":"standard","meta":{"footnotes":""},"categories":[11019,10894,10904,10902,11007,10896,11047],"tags":[14071,11356,11093],"class_list":["post-273877","post","type-post","status-publish","format-standard","has-post-thumbnail","category-agenda-ca","category-la-comarca-ca","category-sin-categorizar-ca","category-la-ribera-ca","category-ocio-y-cultura-ca","category-seccion-ca","category-turis-ca","tag-fiestas-patronales-ca","tag-ribera-alta-ca","tag-turis-ca"],"_links":{"self":[{"href":"https:\/\/tucomarca.whitekongsoftware.com\/ca\/wp-json\/wp\/v2\/posts\/273877","targetHints":{"allow":["GET"]}}],"collection":[{"href":"https:\/\/tucomarca.whitekongsoftware.com\/ca\/wp-json\/wp\/v2\/posts"}],"about":[{"href":"https:\/\/tucomarca.whitekongsoftware.com\/ca\/wp-json\/wp\/v2\/types\/post"}],"author":[{"embeddable":true,"href":"https:\/\/tucomarca.whitekongsoftware.com\/ca\/wp-json\/wp\/v2\/users\/12"}],"replies":[{"embeddable":true,"href":"https:\/\/tucomarca.whitekongsoftware.com\/ca\/wp-json\/wp\/v2\/comments?post=273877"}],"version-history":[{"count":0,"href":"https:\/\/tucomarca.whitekongsoftware.com\/ca\/wp-json\/wp\/v2\/posts\/273877\/revisions"}],"wp:featuredmedia":[{"embeddable":true,"href":"https:\/\/tucomarca.whitekongsoftware.com\/ca\/wp-json\/wp\/v2\/media\/273876"}],"wp:attachment":[{"href":"https:\/\/tucomarca.whitekongsoftware.com\/ca\/wp-json\/wp\/v2\/media?parent=273877"}],"wp:term":[{"taxonomy":"category","embeddable":true,"href":"https:\/\/tucomarca.whitekongsoftware.com\/ca\/wp-json\/wp\/v2\/categories?post=273877"},{"taxonomy":"post_tag","embeddable":true,"href":"https:\/\/tucomarca.whitekongsoftware.com\/ca\/wp-json\/wp\/v2\/tags?post=273877"}],"curies":[{"name":"wp","href":"https:\/\/api.w.org\/{rel}","templated":true}]}}