{"id":273816,"date":"2025-07-30T12:00:00","date_gmt":"2025-07-30T10:00:00","guid":{"rendered":"https:\/\/www.tucomarca.com\/wordpress\/segunda\/?p=273816"},"modified":"2025-07-30T18:09:49","modified_gmt":"2025-07-30T16:09:49","slug":"la-generalitat-amplia-loferta-en-el-primer-cicle-deducacio-infantil-en-localitats-en-risc-de-despoblacio-amb-la-creacio-de-6-noves-unitats-entre-elles-a-millars-i-gatova","status":"publish","type":"post","link":"https:\/\/tucomarca.whitekongsoftware.com\/ca\/la-generalitat-amplia-loferta-en-el-primer-cicle-deducacio-infantil-en-localitats-en-risc-de-despoblacio-amb-la-creacio-de-6-noves-unitats-entre-elles-a-millars-i-gatova\/","title":{"rendered":"La Generalitat \u00e0mplia l&#8217;oferta en el primer cicle d&#8217;Educaci\u00f3 Infantil en localitats en risc de despoblaci\u00f3 amb la creaci\u00f3 de 6 noves unitats, entre elles a Millars i G\u00e0tova"},"content":{"rendered":"\n<h3 class=\"wp-block-heading\">Amb aquesta iniciativa s&#8217;amplia l&#8217;oferta de llocs docents i es refor\u00e7a l&#8217;estructura de professorat amb major estabilitat.<\/h3>\n\n\n\n<p class=\"wp-block-paragraph\">La Conselleria d&#8217;Educaci\u00f3, Cultura, Universitats i Ocupaci\u00f3 ha publicat en el Diari Oficial de la Generalitat Valenciana (DOGV) la creaci\u00f3 de 6 noves unitats d&#8217;educaci\u00f3 infantil de primer cicle per a atendre l&#8217;alumnat en risc d&#8217;exclusi\u00f3 per viure en localitats en zones de despoblaci\u00f3.<\/p>\n\n\n\n<p class=\"wp-block-paragraph\">Aquestes noves unitats es reparteixen en 1 unitat a Alacant, el CEIP La Baia d&#8217;Elx-Les Baies; 1 unitat a Castell\u00f3, el CEIP Guitarrista T\u00e1rrega de Castell\u00f3 de la Plana; i 4 unitats a Val\u00e8ncia: el CRA La Costereta en Cerd\u00e0-Torrella, el CEIP Es castell a Corbera, el CRA Alt Carraixet a G\u00e0tova i el CRA Alt X\u00faquer a Millars.<\/p>\n\n\n\n<p class=\"wp-block-paragraph\">Amb la creaci\u00f3 d&#8217;aquestes unitats es compleix l&#8217;objectiu d&#8217;ampliaci\u00f3 de places de primer cicle d&#8217;Educaci\u00f3 Infantil al qual la Generalitat es va comprometre en el seu moment amb el Ministeri d&#8217;Educaci\u00f3.<\/p>\n\n\n\n<p class=\"wp-block-paragraph\">Els fons europeus dotats a trav\u00e9s del Pla de Recuperaci\u00f3, Transformaci\u00f3 i Resili\u00e8ncia &#8211; Next Generation han perm\u00e9s crear un total de 440 unitats i 7.684 places escolars per a atendre alumnat de 0, 1 i 2 anys en localitats repartides al llarg de la Comunitat Valenciana.<\/p>\n\n\n\n<p class=\"wp-block-paragraph\">Des de 2023, la Conselleria d&#8217;Educaci\u00f3 ha prestat una especial atenci\u00f3 perqu\u00e8 aquesta creaci\u00f3 se centre en localitats en risc de despoblaci\u00f3 on, fins al dia de hui, no existia cap mena d&#8217;oferta per a l&#8217;atenci\u00f3 de les xiquetes i els xiquets d&#8217;aquest tram d&#8217;edat.<\/p>\n\n\n\n<p class=\"wp-block-paragraph\">Per al curs 2024-2025, des d&#8217;Educaci\u00f3 ja es va rebaixar de sis a quatre la r\u00e0tio dels alumnes necessaris per a mantindre unitats en aquests municipis, i per al curs 25-26 s&#8217;ha tornat a rebaixar. Aix\u00ed, es passa de quatre a tres alumnes per a la creaci\u00f3 de la primera unitat i de 13 a 10 alumnes per a la creaci\u00f3 de la segona unitat.<\/p>\n\n\n\n<p class=\"wp-block-paragraph\">Aquesta mesura, amb la qual s&#8217;incrementa l&#8217;oferta de llocs docents i es refor\u00e7a l&#8217;estructura de professorat amb major estabilitat, se suma tamb\u00e9 a l&#8217;increment de la dotaci\u00f3 econ\u00f2mica de les ajudes per a l&#8217;escolaritzaci\u00f3 en els centres privats autoritzats d&#8217;Educaci\u00f3 Infantil i escoles infantils municipals de primer cicle de la Comunitat Valenciana, que es va realitzar en el curs 2024-2025.<\/p>\n\n\n\n<p class=\"wp-block-paragraph\">D&#8217;aquesta manera, s&#8217;assegura la gratu\u00eftat de l&#8217;ensenyament per a les xiquetes i xiquets de 0 a 3 anys en la Comunitat Valenciana, independentment de la seua localitat de resid\u00e8ncia.<\/p>\n\n\n\n<p class=\"wp-block-paragraph\"><strong>Recuperaci\u00f3 escoles rurals<\/strong><\/p>\n\n\n\n<p class=\"wp-block-paragraph\">La creaci\u00f3 de noves unitats s&#8217;uneix a la recuperaci\u00f3 de dues escoles rurals en 2024: els aularis de Teresa del CRA Pe\u00f1a Escabia, amb 5 alumnes: i el CEIP El Puig, de la Vall d&#8217;Ebo, amb 8 alumnes. A m\u00e9s, es van habilitar sis unitats de 0-3 anys en zones despoblades gr\u00e0cies a la baixada de r\u00e0tios.<\/p>\n\n\n\n<p class=\"wp-block-paragraph\">El Govern valenci\u00e0 reafirma el seu comprom\u00eds amb les zones rurals i en perill de despoblaci\u00f3, amb especial consideraci\u00f3 a les necessitats de conciliaci\u00f3, fomentant l&#8217;escolaritzaci\u00f3 en edats primerenques, incentivant els serveis complementaris necessaris i augmentant la dotaci\u00f3 de recursos personals necessaris.<\/p>\n\n\n\n<p class=\"wp-block-paragraph\"><\/p>\n","protected":false},"excerpt":{"rendered":"<div class=\"mh-excerpt\">Amb aquesta iniciativa s&#8217;amplia l&#8217;oferta de llocs docents i es refor\u00e7a l&#8217;estructura de professorat amb major estabilitat. La Conselleria d&#8217;Educaci\u00f3, Cultura, Universitats i Ocupaci\u00f3 ha publicat en el Diari Oficial de la Generalitat Valenciana (DOGV) <a class=\"mh-excerpt-more\" href=\"https:\/\/tucomarca.whitekongsoftware.com\/ca\/la-generalitat-amplia-loferta-en-el-primer-cicle-deducacio-infantil-en-localitats-en-risc-de-despoblacio-amb-la-creacio-de-6-noves-unitats-entre-elles-a-millars-i-gatova\/\" title=\"La Generalitat \u00e0mplia l&#8217;oferta en el primer cicle d&#8217;Educaci\u00f3 Infantil en localitats en risc de despoblaci\u00f3 amb la creaci\u00f3 de 6 noves unitats, entre elles a Millars i G\u00e0tova\">[+] <\/a><\/div>\n","protected":false},"author":12,"featured_media":253469,"comment_status":"open","ping_status":"open","sticky":false,"template":"","format":"standard","meta":{"footnotes":""},"categories":[10892,10898,10929,10948,10963,10894,10904,10970,10947,10896],"tags":[10899,12123,15523,11094,11186],"class_list":["post-273816","post","type-post","status-publish","format-standard","has-post-thumbnail","category-camp-de-turia-ca","category-ventana-ca","category-gatova-ca","category-infraestructuras-ca","category-la-canal-de-navarres-ca","category-la-comarca-ca","category-sin-categorizar-ca","category-millares-ca","category-politica","category-seccion-ca","tag-camp-de-turia-ca","tag-conselleria-de-educacion-ca","tag-gatova-ca","tag-la-canal-de-navarres","tag-millares-ca"],"_links":{"self":[{"href":"https:\/\/tucomarca.whitekongsoftware.com\/ca\/wp-json\/wp\/v2\/posts\/273816","targetHints":{"allow":["GET"]}}],"collection":[{"href":"https:\/\/tucomarca.whitekongsoftware.com\/ca\/wp-json\/wp\/v2\/posts"}],"about":[{"href":"https:\/\/tucomarca.whitekongsoftware.com\/ca\/wp-json\/wp\/v2\/types\/post"}],"author":[{"embeddable":true,"href":"https:\/\/tucomarca.whitekongsoftware.com\/ca\/wp-json\/wp\/v2\/users\/12"}],"replies":[{"embeddable":true,"href":"https:\/\/tucomarca.whitekongsoftware.com\/ca\/wp-json\/wp\/v2\/comments?post=273816"}],"version-history":[{"count":0,"href":"https:\/\/tucomarca.whitekongsoftware.com\/ca\/wp-json\/wp\/v2\/posts\/273816\/revisions"}],"wp:featuredmedia":[{"embeddable":true,"href":"https:\/\/tucomarca.whitekongsoftware.com\/ca\/wp-json\/wp\/v2\/media\/253469"}],"wp:attachment":[{"href":"https:\/\/tucomarca.whitekongsoftware.com\/ca\/wp-json\/wp\/v2\/media?parent=273816"}],"wp:term":[{"taxonomy":"category","embeddable":true,"href":"https:\/\/tucomarca.whitekongsoftware.com\/ca\/wp-json\/wp\/v2\/categories?post=273816"},{"taxonomy":"post_tag","embeddable":true,"href":"https:\/\/tucomarca.whitekongsoftware.com\/ca\/wp-json\/wp\/v2\/tags?post=273816"}],"curies":[{"name":"wp","href":"https:\/\/api.w.org\/{rel}","templated":true}]}}