{"id":273797,"date":"2025-07-30T08:30:00","date_gmt":"2025-07-30T06:30:00","guid":{"rendered":"https:\/\/www.tucomarca.com\/wordpress\/segunda\/?p=273797"},"modified":"2025-07-30T18:05:53","modified_gmt":"2025-07-30T16:05:53","slug":"el-ivc-convoca-ajudes-per-al-foment-de-les-arts-esceniques-per-valor-2-850-000-euros","status":"publish","type":"post","link":"https:\/\/tucomarca.whitekongsoftware.com\/ca\/el-ivc-convoca-ajudes-per-al-foment-de-les-arts-esceniques-per-valor-2-850-000-euros\/","title":{"rendered":"El IVC convoca ajudes per al foment de les arts esc\u00e8niques per valor 2.850.000 euros"},"content":{"rendered":"\n<h3 class=\"wp-block-heading\">Aquestes subvencions tenen per finalitat l&#8217;impuls i la promoci\u00f3 de la creaci\u00f3, producci\u00f3, difusi\u00f3 i exhibici\u00f3 de les arts esc\u00e8niques.<\/h3>\n\n\n\n<h3 class=\"wp-block-heading\">El termini de presentaci\u00f3 de les sol\u00b7licituds finalitza el 21 d&#8217;agost de 2025.<\/h3>\n\n\n\n<p class=\"wp-block-paragraph\">La Conselleria d&#8217;Educaci\u00f3, Cultura, Universitats i Ocupaci\u00f3, a trav\u00e9s del Institut Valenci\u00e0 de Cultura (IVC), ha publicat en el&nbsp;Diari Oficial de la Generalitat Valenciana (DOGV)&nbsp;la convocat\u00f2ria per la qual es destinaran 2.850.000 euros en subvencions per al foment de les arts esc\u00e8niques en la Comunitat Valenciana.&nbsp;<\/p>\n\n\n\n<p class=\"wp-block-paragraph\">A aquest import se sumen els 3.350.000 euros corresponents a les segones anualitats de les ajudes biennals a les companyies professionals i a les sales d&#8217;exhibici\u00f3, convocades en 2024, la qual cosa suma un total de 6.200.000 euros.<\/p>\n\n\n\n<p class=\"wp-block-paragraph\">Aquestes subvencions tenen per finalitat l&#8217;impuls i la promoci\u00f3 de la creaci\u00f3, producci\u00f3, difusi\u00f3 i exhibici\u00f3 de les arts esc\u00e8niques, a trav\u00e9s d&#8217;activitats com ara festivals, fires, producci\u00f3 professional, producci\u00f3 emergent i gires, entre altres, aix\u00ed com tamb\u00e9 el fomentar la cooperaci\u00f3 amb altres agents i entitats culturals d&#8217;\u00e0mbit p\u00fablic o privat, amb la finalitat que la ciutadania puga disposar d&#8217;una oferta d&#8217;art esc\u00e8nic diversificada i de qualitat.<\/p>\n\n\n\n<p class=\"wp-block-paragraph\">Les sol\u00b7licituds, el termini de presentaci\u00f3 de les quals finalitza el 21 d&#8217;agost, han de tramitar-se per via telem\u00e0tica a trav\u00e9s del registre electr\u00f2nic del IVC en la seua&nbsp;p\u00e0gina&nbsp;web.<\/p>\n\n\n\n<p class=\"wp-block-paragraph\"><strong>Onze modalitats d&#8217;ajuda<\/strong><\/p>\n\n\n\n<p class=\"wp-block-paragraph\">Les ajudes al foment de les arts esc\u00e8niques es distribueixen entre onze modalitats diferents: ajudes a la creaci\u00f3 d&#8217;escriptura esc\u00e8nica; a la formaci\u00f3; a la investigaci\u00f3; a l&#8217;edici\u00f3 de llibres i revistes; a resid\u00e8ncies esc\u00e8niques; a la producci\u00f3 professional de muntatge esc\u00e8nic; a la producci\u00f3 emergent de muntatges esc\u00e8nics; a la gira d&#8217;espectacles; a festivals i mostres; a l&#8217;assist\u00e8ncia a fires i esdeveniments orientats al mercat; i a associacions i entitats sense \u00e0nim de lucre.<\/p>\n","protected":false},"excerpt":{"rendered":"<div class=\"mh-excerpt\">Aquestes subvencions tenen per finalitat l&#8217;impuls i la promoci\u00f3 de la creaci\u00f3, producci\u00f3, difusi\u00f3 i exhibici\u00f3 de les arts esc\u00e8niques. El termini de presentaci\u00f3 de les sol\u00b7licituds finalitza el 21 d&#8217;agost de 2025. La Conselleria <a class=\"mh-excerpt-more\" href=\"https:\/\/tucomarca.whitekongsoftware.com\/ca\/el-ivc-convoca-ajudes-per-al-foment-de-les-arts-esceniques-per-valor-2-850-000-euros\/\" title=\"El IVC convoca ajudes per al foment de les arts esc\u00e8niques per valor 2.850.000 euros\">[+] <\/a><\/div>\n","protected":false},"author":13,"featured_media":229188,"comment_status":"open","ping_status":"open","sticky":false,"template":"","format":"standard","meta":{"footnotes":""},"categories":[10904,11007,10896],"tags":[12194,13274,17761,11199],"class_list":["post-273797","post","type-post","status-publish","format-standard","has-post-thumbnail","category-sin-categorizar-ca","category-ocio-y-cultura-ca","category-seccion-ca","tag-cultura-ca","tag-institut-valencia-de-cultura-ca","tag-ivc-ca","tag-la-comunitat-ca"],"_links":{"self":[{"href":"https:\/\/tucomarca.whitekongsoftware.com\/ca\/wp-json\/wp\/v2\/posts\/273797","targetHints":{"allow":["GET"]}}],"collection":[{"href":"https:\/\/tucomarca.whitekongsoftware.com\/ca\/wp-json\/wp\/v2\/posts"}],"about":[{"href":"https:\/\/tucomarca.whitekongsoftware.com\/ca\/wp-json\/wp\/v2\/types\/post"}],"author":[{"embeddable":true,"href":"https:\/\/tucomarca.whitekongsoftware.com\/ca\/wp-json\/wp\/v2\/users\/13"}],"replies":[{"embeddable":true,"href":"https:\/\/tucomarca.whitekongsoftware.com\/ca\/wp-json\/wp\/v2\/comments?post=273797"}],"version-history":[{"count":0,"href":"https:\/\/tucomarca.whitekongsoftware.com\/ca\/wp-json\/wp\/v2\/posts\/273797\/revisions"}],"wp:featuredmedia":[{"embeddable":true,"href":"https:\/\/tucomarca.whitekongsoftware.com\/ca\/wp-json\/wp\/v2\/media\/229188"}],"wp:attachment":[{"href":"https:\/\/tucomarca.whitekongsoftware.com\/ca\/wp-json\/wp\/v2\/media?parent=273797"}],"wp:term":[{"taxonomy":"category","embeddable":true,"href":"https:\/\/tucomarca.whitekongsoftware.com\/ca\/wp-json\/wp\/v2\/categories?post=273797"},{"taxonomy":"post_tag","embeddable":true,"href":"https:\/\/tucomarca.whitekongsoftware.com\/ca\/wp-json\/wp\/v2\/tags?post=273797"}],"curies":[{"name":"wp","href":"https:\/\/api.w.org\/{rel}","templated":true}]}}