{"id":273770,"date":"2025-07-29T13:00:00","date_gmt":"2025-07-29T11:00:00","guid":{"rendered":"https:\/\/www.tucomarca.com\/wordpress\/segunda\/?p=273770"},"modified":"2025-07-29T21:30:17","modified_gmt":"2025-07-29T19:30:17","slug":"el-consell-exigeix-la-destitucio-del-comissionat-del-govern-per-a-la-reconstruccio-despres-de-la-dana-i-critica-la-gestio-de-sanchez-per-els-seus-casos-de-corrupcio-i-mentides","status":"publish","type":"post","link":"https:\/\/tucomarca.whitekongsoftware.com\/ca\/el-consell-exigeix-la-destitucio-del-comissionat-del-govern-per-a-la-reconstruccio-despres-de-la-dana-i-critica-la-gestio-de-sanchez-per-els-seus-casos-de-corrupcio-i-mentides\/","title":{"rendered":"El Consell exigeix la destituci\u00f3 del comissionat del Govern per a la reconstrucci\u00f3 despr\u00e9s de la DANA i critica la gesti\u00f3 de S\u00e1nchez per &#8220;els seus casos de corrupci\u00f3 i mentides&#8221;"},"content":{"rendered":"\n<p class=\"wp-block-paragraph\">La vicepresidenta i portaveu del Consell, Susana Camarero, ha demanat de manera en\u00e8rgica la destituci\u00f3 immediata del comissionat del Govern per a la reconstrucci\u00f3 despr\u00e9s de la DANA, el socialista Jos\u00e9 M\u00aa \u00c1ngel, a causa de la revelaci\u00f3 d&#8217;una possible falsificaci\u00f3 en el seu curr\u00edculum. Cambrer ha afirmat que &#8220;els valencians no ens mereixem aix\u00f2&#8221; i ha qualificat la situaci\u00f3 com &#8220;una falta de dec\u00e8ncia, dignitat i responsabilitat que degrada les institucions valencianes&#8221;.<\/p>\n\n\n\n<p class=\"wp-block-paragraph\">La pol\u00e8mica ha sorgit quan s&#8217;ha conegut que Jos\u00e9 Mar\u00eda \u00c1ngel podria haver accedit al seu lloc de funcionari en 1985 amb una titulaci\u00f3 aparentment falsa, segons un informe de l&#8217;Ag\u00e8ncia Valenciana Antifrau, la qual cosa ha generat una ona de cr\u00edtiques i preguntes sobre els controls en la gesti\u00f3 p\u00fablica. Cambrer ha recordat que no hi ha precedents en la pol\u00edtica valenciana d&#8217;un fet tan indigne i ha demanat explicacions tant a \u00c1ngel com al president del Govern, Pedro S\u00e1nchez, i a altres responsables pol\u00edtics implicats com Diana Mor\u00e1n i Rebeca Torr\u00f3, els qui tamb\u00e9 han sigut assenyalades per mentir en els seus curr\u00edculums.<\/p>\n\n\n\n<p class=\"wp-block-paragraph\">Cambrer, qui ha recordat que el sou d&#8217;\u00c1ngel com comissionat ascendeix a 120.000 euros, ha repassat la seua traject\u00f2ria pol\u00edtica en aquests m\u00e9s de 30 anys de sou p\u00fablic compaginant-ho amb els triennis per eixa pla\u00e7a de funcionari, ha recalcat que &#8220;ja han passat ja unes quantes hores des que la not\u00edcia va saltar i continuem esperant la reacci\u00f3 dels qui han perm\u00e9s aquest engany, aquesta falsedat, i aquesta estafa al conjunt dels valencians&#8221;.<\/p>\n\n\n\n<p class=\"wp-block-paragraph\">En el cas del Comissionat, ha incidit en qu\u00e8 no es tracta de &#8220;un error, una distracci\u00f3 o una equivocaci\u00f3&#8221;, sin\u00f3 de &#8220;un presumpte delicte arreplegat en el Codi Penal, amb penes de 6 mesos a 3 anys&#8221;.<\/p>\n\n\n\n<p class=\"wp-block-paragraph\">La vicepresidenta tamb\u00e9 ha q\u00fcestionat si S\u00e1nchez tenia altres perfils m\u00e9s adequats per a liderar la reconstrucci\u00f3 dels 16.000 milions destinats a la recuperaci\u00f3, i ha criticat la falta de controls en la Diputaci\u00f3 de Val\u00e8ncia que van permetre que aquestes situacions isqueren a la llum. A m\u00e9s, va qualificar com &#8220;molt trist&#8221; la situaci\u00f3 de Diana Morant, qui, segons Cambrer, es troba enmig d&#8217;una complicada situaci\u00f3 pol\u00edtica.<\/p>\n\n\n\n<p class=\"wp-block-paragraph\">Cambrer no ha dubtat a assenyalar que &#8220;S\u00e1nchez t\u00e9 una banda de mentiders, falseadores i corruptes al seu voltant&#8221;, i que els valencians &#8220;estan pagant amb diners p\u00fablics les males gestions i les mentides del seu entorn&#8221;. La dirigent del Consell va afirmar que aquests casos no s\u00f3n a\u00efllats i que reflecteixen un govern que, en la seua opini\u00f3, hauria de convocar eleccions i donar pas a una renovaci\u00f3.<\/p>\n\n\n\n<p class=\"wp-block-paragraph\">El Consell exigeix &#8220;una resposta clara i contundent davant aquests esc\u00e0ndols&#8221;, i reafirma el seu comprom\u00eds de defensar la dignitat i l&#8217;honestedat en la pol\u00edtica valenciana enfront d&#8217;un govern que, segons les seues paraules, &#8220;est\u00e0 sumit en la falta d&#8217;escr\u00fapols i la sup\u00e8rbia&#8221;.<\/p>\n\n\n\n<p class=\"wp-block-paragraph\"><strong>La Diputaci\u00f3 estudia la possible falsificaci\u00f3<\/strong><\/p>\n\n\n\n<p class=\"wp-block-paragraph\">El president de la Diputaci\u00f3 de Val\u00e8ncia, Vicent Momp\u00f3, ha informat que els serveis jur\u00eddics de la casa analitzen l'&#8221;aparentment titulaci\u00f3 falsa&#8221; amb la qual l&#8217;actual comissionat del Govern per a la reconstrucci\u00f3 despr\u00e9s de la DANA, Jos\u00e9 M\u00aa \u00c1ngel, va accedir en 1985 a un lloc de funcionari en la corporaci\u00f3 provincial.<\/p>\n\n\n\n<p class=\"wp-block-paragraph\">A partir d&#8217;ac\u00ed, ha garantit que la corporaci\u00f3 provincial estudiar\u00e0 personar-se si s&#8217;obri una investigaci\u00f3 judicial i, en qualsevol cas, ha exigit la dimissi\u00f3 d&#8217;\u00c1ngel i que &#8220;retorne el que ha cobrat per ocupar un c\u00e0rrec que no havia d&#8217;ocupar&#8221;.<\/p>\n\n\n\n<p class=\"wp-block-paragraph\">Aix\u00ed ho ha traslladat a preguntes dels periodistes despr\u00e9s de l&#8217;\u00faltima sessi\u00f3 de la comissi\u00f3 d&#8217;estudi de la Diputaci\u00f3 sobre la DANA. Momp\u00f3 ha explicat que en la Diputaci\u00f3 han tingut coneixement que &#8220;la Fiscalia est\u00e0 investigant un t\u00edtol que, aparentment, com diu Antifrau, \u00e9s fals&#8221;. En aquest cas, ha advertit que seria &#8220;un cas greu&#8221; i que suposaria &#8220;un mal continuat a tots els valencians&#8221;, en haver estat ocupant un c\u00e0rrec gr\u00e0cies a &#8220;un nomenament que mai va haver de donar-se, perqu\u00e8 no tenia la titulaci\u00f3 per a ocupar-lo&#8221;.<\/p>\n\n\n\n<p class=\"wp-block-paragraph\">El tamb\u00e9 l\u00edder del PP provincial ha criticat que aquest &#8220;no \u00e9s un cas a\u00efllat&#8221; perqu\u00e8, segons ell, &#8220;se suma al curr\u00edculum fals de la delegada de Govern, Pilar Bernab\u00e9&#8221;. &#8220;Hui dia sabem que tenen el mateix t\u00edtol els dos: cap&#8221;, ha denunciat, i ha reclamat la dimissi\u00f3 de tots dos.<\/p>\n\n\n\n<p class=\"wp-block-paragraph\"><strong>El Govern central demana explicacions<\/strong><\/p>\n\n\n\n<p class=\"wp-block-paragraph\">Des del Govern, el seu portaveu, Pilar Alegr\u00eda, ha sol\u00b7licitat al comissionat de la DANA, Jos\u00e9 Mar\u00eda \u00c1ngel, que explique si va falsificar el seu t\u00edtol universitari per a accedir al seu lloc.&nbsp;<\/p>\n\n\n\n<p class=\"wp-block-paragraph\">En la roda de premsa posterior al Consell de Ministres que s&#8217;ha dut a terme en La Moncloa, la portaveu ha explicat que li han demanat informaci\u00f3 a trav\u00e9s del Ministeri de Pol\u00edtica Territorial, despr\u00e9s que el diari &#8216;El Mundo&#8217; publicara que va falsificar un t\u00edtol de diplomat universitari per a accedir a l&#8217;Administraci\u00f3.<\/p>\n\n\n\n<p class=\"wp-block-paragraph\">El comissionat nega l&#8217;exist\u00e8ncia del document, un t\u00edtol presumptament fals de Diplomat en Arxiv\u00edstica i Biblioteconomia per la Universitat de Val\u00e8ncia (UV) i el Govern no t\u00e9 const\u00e0ncia que \u00c1ngel haja utilitzat eixe document ni l&#8217;haja incorporat al seu curr\u00edculum.<\/p>\n\n\n\n<p class=\"wp-block-paragraph\">El Govern assegura que Jos\u00e9 Mar\u00eda \u00c1ngel t\u00e9 dret a aclarir-ho i que, en el seu moment, el seu acc\u00e9s a la funci\u00f3 p\u00fablica es va basar en requisits diferents. Fins ara, no hi ha const\u00e0ncia que haja utilitzat eixe t\u00edtol fals ni que estiga en el seu curr\u00edculum oficial.<\/p>\n\n\n\n<p class=\"wp-block-paragraph\"><\/p>\n","protected":false},"excerpt":{"rendered":"<div class=\"mh-excerpt\">La vicepresidenta i portaveu del Consell, Susana Camarero, ha demanat de manera en\u00e8rgica la destituci\u00f3 immediata del comissionat del Govern per a la reconstrucci\u00f3 despr\u00e9s de la DANA, el socialista Jos\u00e9 M\u00aa \u00c1ngel, a causa <a class=\"mh-excerpt-more\" href=\"https:\/\/tucomarca.whitekongsoftware.com\/ca\/el-consell-exigeix-la-destitucio-del-comissionat-del-govern-per-a-la-reconstruccio-despres-de-la-dana-i-critica-la-gestio-de-sanchez-per-els-seus-casos-de-corrupcio-i-mentides\/\" title=\"El Consell exigeix la destituci\u00f3 del comissionat del Govern per a la reconstrucci\u00f3 despr\u00e9s de la DANA i critica la gesti\u00f3 de S\u00e1nchez per &#8220;els seus casos de corrupci\u00f3 i mentides&#8221;\">[+] <\/a><\/div>\n","protected":false},"author":1,"featured_media":273757,"comment_status":"open","ping_status":"open","sticky":false,"template":"","format":"standard","meta":{"footnotes":""},"categories":[21466,10898,10948,10894,10904,10903,10947,10896,10897],"tags":[15409,11199,11140],"class_list":["post-273770","post","type-post","status-publish","format-standard","has-post-thumbnail","category-dana-ca","category-ventana-ca","category-infraestructuras-ca","category-la-comarca-ca","category-sin-categorizar-ca","category-medio-ambiente-la-comarca-ca","category-politica","category-seccion-ca","category-sucesos-la-comarca-ca","tag-dana-2-ca","tag-la-comunitat-ca","tag-politica-ca"],"_links":{"self":[{"href":"https:\/\/tucomarca.whitekongsoftware.com\/ca\/wp-json\/wp\/v2\/posts\/273770","targetHints":{"allow":["GET"]}}],"collection":[{"href":"https:\/\/tucomarca.whitekongsoftware.com\/ca\/wp-json\/wp\/v2\/posts"}],"about":[{"href":"https:\/\/tucomarca.whitekongsoftware.com\/ca\/wp-json\/wp\/v2\/types\/post"}],"author":[{"embeddable":true,"href":"https:\/\/tucomarca.whitekongsoftware.com\/ca\/wp-json\/wp\/v2\/users\/1"}],"replies":[{"embeddable":true,"href":"https:\/\/tucomarca.whitekongsoftware.com\/ca\/wp-json\/wp\/v2\/comments?post=273770"}],"version-history":[{"count":0,"href":"https:\/\/tucomarca.whitekongsoftware.com\/ca\/wp-json\/wp\/v2\/posts\/273770\/revisions"}],"wp:featuredmedia":[{"embeddable":true,"href":"https:\/\/tucomarca.whitekongsoftware.com\/ca\/wp-json\/wp\/v2\/media\/273757"}],"wp:attachment":[{"href":"https:\/\/tucomarca.whitekongsoftware.com\/ca\/wp-json\/wp\/v2\/media?parent=273770"}],"wp:term":[{"taxonomy":"category","embeddable":true,"href":"https:\/\/tucomarca.whitekongsoftware.com\/ca\/wp-json\/wp\/v2\/categories?post=273770"},{"taxonomy":"post_tag","embeddable":true,"href":"https:\/\/tucomarca.whitekongsoftware.com\/ca\/wp-json\/wp\/v2\/tags?post=273770"}],"curies":[{"name":"wp","href":"https:\/\/api.w.org\/{rel}","templated":true}]}}