{"id":273753,"date":"2025-07-29T10:50:00","date_gmt":"2025-07-29T08:50:00","guid":{"rendered":"https:\/\/www.tucomarca.com\/wordpress\/segunda\/?p=273753"},"modified":"2025-07-29T21:26:33","modified_gmt":"2025-07-29T19:26:33","slug":"el-consorcio-provincial-unificara-bombers-grup-de-rescat-en-altura-i-helicopter-demergencies-en-un-nou-parc-a-alzira","status":"publish","type":"post","link":"https:\/\/tucomarca.whitekongsoftware.com\/ca\/el-consorcio-provincial-unificara-bombers-grup-de-rescat-en-altura-i-helicopter-demergencies-en-un-nou-parc-a-alzira\/","title":{"rendered":"El Consorcio Provincial unificar\u00e0 bombers, grup de rescat en altura i helic\u00f2pter d&#8217;emerg\u00e8ncies en un nou parc a Alzira\u00a0"},"content":{"rendered":"\n<h3 class=\"wp-block-heading\">Les noves instal\u00b7lacions, amb una inversi\u00f3 de m\u00e9s d&#8217;11 milions d&#8217;euros, comptaran amb un edifici principal, un espai per a la tripulaci\u00f3 de l&#8217;helic\u00f2pter i una torre d&#8217;entrenament, entre altres servicis.<\/h3>\n\n\n\n<h3 class=\"wp-block-heading\">El president de la Diputaci\u00f3, Vicent Momp\u00f3, destaca que \u201ccentralitzar recursos no sols redu\u00efx temps de resposta davant emerg\u00e8ncies, sin\u00f3 que tamb\u00e9 millora la coordinaci\u00f3 entre unitats terrestres, a\u00e8ries i de rescat especialitzat\u201d.<\/h3>\n\n\n\n<p class=\"wp-block-paragraph\">L&#8217;Assemblea del Consorci Provincial de Bombers de Val\u00e8ncia (CPBV) va donar compte ahir de l&#8217;aprovaci\u00f3 del projecte b\u00e0sic i d&#8217;execuci\u00f3 del nou Parc d&#8217;Alzira, que suposar\u00e0 la unificaci\u00f3 en un complex multidisciplinari dels servicis de bombers, els membres del Centre Especial de Rescat a Altura (GERA) i l&#8217;helic\u00f2pter d&#8217;emerg\u00e8ncia, amb la seua corresponent tripulaci\u00f3.<\/p>\n\n\n\n<p class=\"wp-block-paragraph\">La nova infraestructura, en la qual l&#8217;entitat dependent de la Diputaci\u00f3 de Val\u00e8ncia invertir\u00e0 m\u00e9s de 11,4 milions d&#8217;euros, se situar\u00e0 en Pol\u00edgon Industrial El Pla del municipi de la Ribera, \u201cun empla\u00e7ament estrat\u00e8gic per a oferir el millor servici als municipis de l&#8217;\u00e0rea d&#8217;influ\u00e8ncia del parc\u201d, subratlla el president de la Diputaci\u00f3 de Val\u00e8ncia, Vicent Momp\u00f3.<\/p>\n\n\n\n<p class=\"wp-block-paragraph\">\u201cL&#8217;objectiu de centralitzar recursos en unes mateixes instal\u00b7lacions -continua Momp\u00f3- no sols \u00e9s reduir temps de resposta davant qualsevol tipus d&#8217;emerg\u00e8ncia, sin\u00f3 tamb\u00e9 optimitzar la coordinaci\u00f3 entre unitats terrestres, a\u00e8ries i de rescat especialitzat\u201d.<\/p>\n\n\n\n<p class=\"wp-block-paragraph\">L&#8217;actuaci\u00f3 contempla la construcci\u00f3 d&#8217;unes instal\u00b7lacions sobre una superf\u00edcie total de 15.000 metres quadrats, que inclouran un edifici principal amb hangar per a camions de bombers, magatzem, taller de manteniment, taquilles d&#8217;intervenci\u00f3 i zona administrativa amb despatxos, vestuaris i dormitoris.&nbsp;<\/p>\n\n\n\n<p class=\"wp-block-paragraph\">De manera paral\u00b7lela, s&#8217;al\u00e7ar\u00e0 un edifici per a la tripulaci\u00f3 de l&#8217;helic\u00f2pter d&#8217;emerg\u00e8ncia, que albergar\u00e0 un hangar, magatzems, sales de reunions i zones de descans, amb un sistema de circuits de descontaminaci\u00f3 innovador, que permet diferenciar l&#8217;acc\u00e9s femen\u00ed del mascul\u00ed i separar amb seguretat i facilitat la zona bruta distanciant-la de la zona neta.<\/p>\n\n\n\n<p class=\"wp-block-paragraph\">El projecte incorpora tamb\u00e9 un heliport restringit en superf\u00edcie, que comptar\u00e0 amb pista d&#8217;aterratge i enlairament operativa les 24 hores, dep\u00f2sit de combustible, hangar propi i un edifici espec\u00edfic per a la tripulaci\u00f3 i el servici m\u00e8dic que facen \u00fas de l&#8217;helic\u00f2pter.&nbsp;<\/p>\n\n\n\n<p class=\"wp-block-paragraph\">La dotaci\u00f3 es completar\u00e0 amb una torre d&#8217;entrenament de set plantes dotada d&#8217;un roc\u00f2drom professional per a pr\u00e0ctiques espec\u00edfiques en la fa\u00e7ana sud, una piscina per a pr\u00e0ctiques de busseig i c\u00e0rrega d&#8217;aigua, un aparcament subterrani exclusiu per a pr\u00e0ctiques de busseig en fum, p\u00e8rgola en superf\u00edcie per a aparcament i altres construccions t\u00e8cniques que refor\u00e7aran la capacitat de formaci\u00f3 i operativitat dels efectius.<\/p>\n\n\n\n<p class=\"wp-block-paragraph\">En este sentit, el president del Consorci i diputat de Medi Ambient, Avelino Mascarell destaca que \u201cel parc est\u00e0 dissenyat per a facilitar entrenaments m\u00e9s realistes i operacions conjuntes, una cosa imprescindible per a afrontar intervencions cada vegada m\u00e9s complexes amb la m\u00e0xima seguretat per als nostres professionals i la ciutadania\u201d.<\/p>\n\n\n\n<p class=\"wp-block-paragraph\">&nbsp;\u201cJa s&#8217;han gestionat tots els permisos amb els organismes competents, incl\u00f2s l&#8217;espai aeri per a l&#8217;heliport, per la qual cosa una vegada concloga el proc\u00e9s de licitaci\u00f3, s&#8217;iniciaran les obres, previsiblement principis de 2026\u201d, ha concl\u00f2s Mascarell.<\/p>\n\n\n\n<p class=\"wp-block-paragraph\"><\/p>\n","protected":false},"excerpt":{"rendered":"<div class=\"mh-excerpt\">Les noves instal\u00b7lacions, amb una inversi\u00f3 de m\u00e9s d&#8217;11 milions d&#8217;euros, comptaran amb un edifici principal, un espai per a la tripulaci\u00f3 de l&#8217;helic\u00f2pter i una torre d&#8217;entrenament, entre altres servicis. El president de la <a class=\"mh-excerpt-more\" href=\"https:\/\/tucomarca.whitekongsoftware.com\/ca\/el-consorcio-provincial-unificara-bombers-grup-de-rescat-en-altura-i-helicopter-demergencies-en-un-nou-parc-a-alzira\/\" title=\"El Consorcio Provincial unificar\u00e0 bombers, grup de rescat en altura i helic\u00f2pter d&#8217;emerg\u00e8ncies en un nou parc a Alzira\u00a0\">[+] <\/a><\/div>\n","protected":false},"author":12,"featured_media":273752,"comment_status":"open","ping_status":"open","sticky":false,"template":"","format":"standard","meta":{"footnotes":""},"categories":[10889,10898,10948,10894,10904,10902,10903,10947,10896,10897],"tags":[11192,12834,11246],"class_list":["post-273753","post","type-post","status-publish","format-standard","has-post-thumbnail","category-alzira-cat","category-ventana-ca","category-infraestructuras-ca","category-la-comarca-ca","category-sin-categorizar-ca","category-la-ribera-ca","category-medio-ambiente-la-comarca-ca","category-politica","category-seccion-ca","category-sucesos-la-comarca-ca","tag-alzira-ca","tag-consorcio-provincial-de-bomberos-de-valencia-ca","tag-diputacio-de-valencia-ca"],"_links":{"self":[{"href":"https:\/\/tucomarca.whitekongsoftware.com\/ca\/wp-json\/wp\/v2\/posts\/273753","targetHints":{"allow":["GET"]}}],"collection":[{"href":"https:\/\/tucomarca.whitekongsoftware.com\/ca\/wp-json\/wp\/v2\/posts"}],"about":[{"href":"https:\/\/tucomarca.whitekongsoftware.com\/ca\/wp-json\/wp\/v2\/types\/post"}],"author":[{"embeddable":true,"href":"https:\/\/tucomarca.whitekongsoftware.com\/ca\/wp-json\/wp\/v2\/users\/12"}],"replies":[{"embeddable":true,"href":"https:\/\/tucomarca.whitekongsoftware.com\/ca\/wp-json\/wp\/v2\/comments?post=273753"}],"version-history":[{"count":0,"href":"https:\/\/tucomarca.whitekongsoftware.com\/ca\/wp-json\/wp\/v2\/posts\/273753\/revisions"}],"wp:featuredmedia":[{"embeddable":true,"href":"https:\/\/tucomarca.whitekongsoftware.com\/ca\/wp-json\/wp\/v2\/media\/273752"}],"wp:attachment":[{"href":"https:\/\/tucomarca.whitekongsoftware.com\/ca\/wp-json\/wp\/v2\/media?parent=273753"}],"wp:term":[{"taxonomy":"category","embeddable":true,"href":"https:\/\/tucomarca.whitekongsoftware.com\/ca\/wp-json\/wp\/v2\/categories?post=273753"},{"taxonomy":"post_tag","embeddable":true,"href":"https:\/\/tucomarca.whitekongsoftware.com\/ca\/wp-json\/wp\/v2\/tags?post=273753"}],"curies":[{"name":"wp","href":"https:\/\/api.w.org\/{rel}","templated":true}]}}