{"id":273537,"date":"2025-07-28T09:15:00","date_gmt":"2025-07-28T07:15:00","guid":{"rendered":"https:\/\/www.tucomarca.com\/wordpress\/segunda\/?p=273537"},"modified":"2025-07-28T19:25:45","modified_gmt":"2025-07-28T17:25:45","slug":"ava-asaja-expressa-la-seua-decepcio-per-lacord-aranzelari-ue-eua-i-alerta-de-les-consequencies-per-al-camp-valencia","status":"publish","type":"post","link":"https:\/\/tucomarca.whitekongsoftware.com\/ca\/ava-asaja-expressa-la-seua-decepcio-per-lacord-aranzelari-ue-eua-i-alerta-de-les-consequencies-per-al-camp-valencia\/","title":{"rendered":"AVA-Asaja expressa la seua decepci\u00f3 per l&#8217;acord aranzelari UE\u2013EUA i alerta de les conseq\u00fc\u00e8ncies per al camp valenci\u00e0"},"content":{"rendered":"\n<h3 class=\"wp-block-heading\">L&#8217;associaci\u00f3 avan\u00e7a una \u201cp\u00e8rdua de competitivitat\u201d en el sector i demana \u201caclarir excepcions amb un enfocament decidit cap als interessos del model agrari mediterrani\u201d.<\/h3>\n\n\n\n<p class=\"wp-block-paragraph\">L&#8217;Associaci\u00f3 Valenciana d&#8217;Agricultors (AVA-Asaja) manifesta la seua decepci\u00f3 i gran preocupaci\u00f3 davant l&#8217;acord aconseguit entre la Uni\u00f3 Europea i els Estats Units, que fixa un aranzel del 15\u202f% sobre la majoria de productes europeus exportats al mercat estatunidenc, incloent-hi sectors estrat\u00e8gics per a l&#8217;economia agr\u00e0ria valenciana com el de l&#8217;oli, el vi i la fruita seca.<\/p>\n\n\n\n<p class=\"wp-block-paragraph\">Des de AVA-Asaja es considera que aquest acord suposar\u00e0 un encariment significatiu per a les exportacions valencianes, amb una p\u00e8rdua clara de competitivitat. \u201cNo entenem l&#8217;entusiasme mostrat per la presidenta Von der Leyen davant aquesta alian\u00e7a que imposa un aranzel del 15\u202f%, una xifra que suposa un increment substancial a la xifra pr\u00e8via a l&#8217;inici d&#8217;aquesta guerra comercial i afectar\u00e0 directament les nostres produccions\u201d, ha assenyalat el president de l&#8217;associaci\u00f3, Crist\u00f3bal Aguado.<\/p>\n\n\n\n<p class=\"wp-block-paragraph\">En particular, el sector vitivin\u00edcola i el de l&#8217;oli d&#8217;oliva, tots dos amb una forta pres\u00e8ncia en la Comunitat Valenciana, figuren entre els m\u00e9s perjudicats, en quedar, de moment, fora de les excepcions aranzel\u00e0ries m\u00e9s rellevants. Aquestes excepcions \u2014centrades en la ind\u00fastria de l&#8217;autom\u00f2bil, la tecnol\u00f2gica i farmac\u00e8utica\u2014 responen als interessos d&#8217;economies del nord d&#8217;Europa, mentre que les produccions de l&#8217;arc mediterrani tornen a quedar relegades.<\/p>\n\n\n\n<p class=\"wp-block-paragraph\">AVA-Asaja tamb\u00e9 adverteix sobre el comprom\u00eds assumit per la UE de comprar massivament en l&#8217;economia estatunidenca, incloent-hi el seu sector agroalimentari. \u201cSi aquesta inversi\u00f3 contribueix a refor\u00e7ar l&#8217;agricultura nord-americana, estar\u00edem agreujant encara m\u00e9s la compet\u00e8ncia per als nostres productors, amb conseq\u00fc\u00e8ncies molt preocupants per al futur de determinats productes, com per exemple el de la fruita seca, que podrien patir p\u00e8rdues milion\u00e0ries.\u201d, ha afegit Aigualit.<\/p>\n\n\n\n<p class=\"wp-block-paragraph\">L&#8217;organitzaci\u00f3 agr\u00e0ria reclama que s&#8217;aclarisquen els termes de l&#8217;acord i les seues excepcionalitats; amb un enfocament decidit cap als interessos del model agrari mediterrani, al mateix temps que avan\u00e7a que se sol\u00b7licitaran mesures compensat\u00f2ries per als sectors m\u00e9s afectats<\/p>\n","protected":false},"excerpt":{"rendered":"<div class=\"mh-excerpt\">L&#8217;associaci\u00f3 avan\u00e7a una \u201cp\u00e8rdua de competitivitat\u201d en el sector i demana \u201caclarir excepcions amb un enfocament decidit cap als interessos del model agrari mediterrani\u201d. L&#8217;Associaci\u00f3 Valenciana d&#8217;Agricultors (AVA-Asaja) manifesta la seua decepci\u00f3 i gran preocupaci\u00f3 <a class=\"mh-excerpt-more\" href=\"https:\/\/tucomarca.whitekongsoftware.com\/ca\/ava-asaja-expressa-la-seua-decepcio-per-lacord-aranzelari-ue-eua-i-alerta-de-les-consequencies-per-al-camp-valencia\/\" title=\"AVA-Asaja expressa la seua decepci\u00f3 per l&#8217;acord aranzelari UE\u2013EUA i alerta de les conseq\u00fc\u00e8ncies per al camp valenci\u00e0\">[+] <\/a><\/div>\n","protected":false},"author":13,"featured_media":256872,"comment_status":"open","ping_status":"open","sticky":false,"template":"","format":"standard","meta":{"footnotes":""},"categories":[10905,10898,10894,10947,10896],"tags":[11309,11924,21313,11140],"class_list":["post-273537","post","type-post","status-publish","format-standard","has-post-thumbnail","category-agricultura-la-comarca-ca","category-ventana-ca","category-la-comarca-ca","category-politica","category-seccion-ca","tag-agricultura-ca","tag-ava-asaja-ca","tag-la-comarca-ca","tag-politica-ca"],"_links":{"self":[{"href":"https:\/\/tucomarca.whitekongsoftware.com\/ca\/wp-json\/wp\/v2\/posts\/273537","targetHints":{"allow":["GET"]}}],"collection":[{"href":"https:\/\/tucomarca.whitekongsoftware.com\/ca\/wp-json\/wp\/v2\/posts"}],"about":[{"href":"https:\/\/tucomarca.whitekongsoftware.com\/ca\/wp-json\/wp\/v2\/types\/post"}],"author":[{"embeddable":true,"href":"https:\/\/tucomarca.whitekongsoftware.com\/ca\/wp-json\/wp\/v2\/users\/13"}],"replies":[{"embeddable":true,"href":"https:\/\/tucomarca.whitekongsoftware.com\/ca\/wp-json\/wp\/v2\/comments?post=273537"}],"version-history":[{"count":0,"href":"https:\/\/tucomarca.whitekongsoftware.com\/ca\/wp-json\/wp\/v2\/posts\/273537\/revisions"}],"wp:featuredmedia":[{"embeddable":true,"href":"https:\/\/tucomarca.whitekongsoftware.com\/ca\/wp-json\/wp\/v2\/media\/256872"}],"wp:attachment":[{"href":"https:\/\/tucomarca.whitekongsoftware.com\/ca\/wp-json\/wp\/v2\/media?parent=273537"}],"wp:term":[{"taxonomy":"category","embeddable":true,"href":"https:\/\/tucomarca.whitekongsoftware.com\/ca\/wp-json\/wp\/v2\/categories?post=273537"},{"taxonomy":"post_tag","embeddable":true,"href":"https:\/\/tucomarca.whitekongsoftware.com\/ca\/wp-json\/wp\/v2\/tags?post=273537"}],"curies":[{"name":"wp","href":"https:\/\/api.w.org\/{rel}","templated":true}]}}