{"id":273520,"date":"2025-07-28T09:05:00","date_gmt":"2025-07-28T07:05:00","guid":{"rendered":"https:\/\/www.tucomarca.com\/wordpress\/segunda\/?p=273520"},"modified":"2025-07-28T19:30:41","modified_gmt":"2025-07-28T17:30:41","slug":"la-diputacio-de-valencia-presenta-la-biblioteca-de-filologia-valenciana-com-una-iniciativa-per-a-acostar-el-valencia-a-la-ciutadania","status":"publish","type":"post","link":"https:\/\/tucomarca.whitekongsoftware.com\/ca\/la-diputacio-de-valencia-presenta-la-biblioteca-de-filologia-valenciana-com-una-iniciativa-per-a-acostar-el-valencia-a-la-ciutadania\/","title":{"rendered":"La Diputaci\u00f3 de Val\u00e8ncia presenta la Biblioteca de Filologia Valenciana com una iniciativa per a acostar el valenci\u00e0 a la ciutadania"},"content":{"rendered":"\n<h3 class=\"wp-block-heading\">El president de la Diputaci\u00f3 de Val\u00e8ncia ha destacat que la col\u00b7lecci\u00f3 del Magn\u00e0nim naix \u201cdes de tres valors profundament democr\u00e0tics: la responsabilitat, la intel\u00b7lig\u00e8ncia col\u00b7lectiva i la voluntat de reconciliaci\u00f3\u201d.<\/h3>\n\n\n\n<h3 class=\"wp-block-heading\">Momp\u00f3: \u201cDes de la corporaci\u00f3 provincial volem sumar, obrir portes i tornar a fer del valenci\u00e0 un espai de tots\u201d.<\/h3>\n\n\n\n<p class=\"wp-block-paragraph\">El president de la Diputaci\u00f3 de Val\u00e8ncia, Vicent Momp\u00f3, ha presentat este dilluns la col\u00b7lecci\u00f3 Biblioteca de Filologia Valenciana de la Instituci\u00f3 Alfons el Magn\u00e0nim, editorial de la corporaci\u00f3 provincial, una iniciativa que, en paraules de Momp\u00f3, \u201cobri un espai per a reflexionar sobre la nostra principal senya d&#8217;identitat, el valenci\u00e0\u201d.<\/p>\n\n\n\n<p class=\"wp-block-paragraph\">\u201cEsta col\u00b7lecci\u00f3 -continua- no naix des de la nost\u00e0lgia ni des de la voluntat d&#8217;imposar veritats absolutes, naix des de tres valors profundament democr\u00e0tics: la responsabilitat, la intel\u00b7lig\u00e8ncia col\u00b7lectiva i la voluntat de reconciliaci\u00f3, i convida a pensar, escoltar, comprendre i dialogar, amb rigor, llibertat i humilitat\u201d.<\/p>\n\n\n\n<p class=\"wp-block-paragraph\">Aix\u00ed ha comen\u00e7at Momp\u00f3 la seua intervenci\u00f3, qui ha posat en valor \u201cl\u2019aposta\u201d de la corporaci\u00f3 provincial per les formes m\u00e9s nostres: \u201cvolem un valenci\u00e0 m\u00e9s viu, en definitiva, volem apostar pel cam\u00ed del mig; volem escoltar vacacions i no vacances, arreplegar i no recollir, gasto en lloc de despesa o eixir i no sortir, perqu\u00e8 eixes paraules estan dins de la nostra hist\u00f2ria, de la nostra terra, de la nostra manera de ser\u201d, ha ressaltat.<\/p>\n\n\n\n<p class=\"wp-block-paragraph\">Aix\u00ed mateix, ha explicat que \u201ceste cam\u00ed del mig \u00e9s el que no exclou ni als normativistes ni als populars, el que ent\u00e9n que el valenci\u00e0 no pot ser patrimoni d&#8217;una elit ni bandera ideol\u00f2gica, perqu\u00e8 el valenci\u00e0 no \u00e9s de cap partit pol\u00edtic, \u00e9s patrimoni com\u00fa, identitat compartida, la llengua del poble\u201d.<\/p>\n\n\n\n<p class=\"wp-block-paragraph\">\u201cEn els \u00faltims anys -continua- les pol\u00edtiques ling\u00fc\u00edstiques han sigut un frac\u00e0s. L&#8217;\u00fas quotidi\u00e0 del valenci\u00e0 no ha augmentat, i ho diuen les dades, no les opinions. Les lleis no han connectat amb la realitat dels pobles i de les ciutats. S&#8217;ha legislat molt, per\u00f2 s&#8217;ha escoltat poc, i aix\u00f2 ha generat desconnexi\u00f3, desafecci\u00f3 i fins i tot rebuig\u201d.<\/p>\n\n\n\n<p class=\"wp-block-paragraph\">Igualment, ha def\u00e9s el president de la Diputaci\u00f3, \u201cel valenci\u00e0 no creixer\u00e0 des de la trinxera, no es transmet des de la por ni des de la superioritat moral, una llengua viu i viur\u00e0 gr\u00e0cies als que l&#8217;estimem, gr\u00e0cies al respecte profund cap als que la parlem\u201d. Aix\u00ed, ha afegit que des de la Diputaci\u00f3 de Val\u00e8ncia \u201cvolem sumar, obrir portes, i tornar a fer del valenci\u00e0 un espai de totes i tots\u201d.<\/p>\n\n\n\n<p class=\"wp-block-paragraph\">Tamb\u00e9 ha volgut ressaltar que amb esta col\u00b7lecci\u00f3, la Instituci\u00f3 Alfons el Magn\u00e0nim \u201ctorna a ser el que era: una editorial p\u00fablica al servici del pensament lliure, de l&#8217;an\u00e0lisi profunda, de les preguntes que incomoden i, per tant, ens fan avan\u00e7ar\u201d.<\/p>\n\n\n\n<p class=\"wp-block-paragraph\">Per part seua, el director de Biblioteca de Filologia Valenciana, Antoni L\u00f3pez, destaca que esta col\u00b7lecci\u00f3 \u00e9s \u201c\u00fatil i molt necess\u00e0ria\u201d. Aix\u00ed mateix, apunta que \u201cintenta abordar la llengua des de dos punts de vista: l&#8217;intern, qu\u00e8 \u00e9s la llengua i com \u00e9s, i el punt de vista extern, dels seus usuaris que fins ara no s&#8217;han tingut molt en compte\u201d.<\/p>\n\n\n\n<figure class=\"wp-block-image size-large\"><img loading=\"lazy\" decoding=\"async\" width=\"1024\" height=\"666\" src=\"http:\/\/www.tucomarca.com\/wordpress\/segunda\/wp-content\/uploads\/2025\/07\/DipuAlfonsElMagnanim02-1024x666.jpg\" alt=\"\" class=\"wp-image-273517\" srcset=\"https:\/\/tucomarca.whitekongsoftware.com\/wp-content\/uploads\/2025\/07\/DipuAlfonsElMagnanim02-1024x666.jpg 1024w, https:\/\/tucomarca.whitekongsoftware.com\/wp-content\/uploads\/2025\/07\/DipuAlfonsElMagnanim02-300x195.jpg 300w, https:\/\/tucomarca.whitekongsoftware.com\/wp-content\/uploads\/2025\/07\/DipuAlfonsElMagnanim02-768x499.jpg 768w, https:\/\/tucomarca.whitekongsoftware.com\/wp-content\/uploads\/2025\/07\/DipuAlfonsElMagnanim02.jpg 1181w\" sizes=\"auto, (max-width: 1024px) 100vw, 1024px\" \/><\/figure>\n\n\n\n<p class=\"wp-block-paragraph\"><strong>\u2018Sistema d\u2019accentuaci\u00f3\u2019<\/strong><\/p>\n\n\n\n<p class=\"wp-block-paragraph\">Aix\u00ed, Biblioteca de Filologia Valenciana arranca de nou amb el llibre Sistema d\u2019accentuaci\u00f3 (valenci\u00e0, castell\u00e0, itali\u00e0, s. XIX\u2013XX) d\u2019Abelard Saragoss\u00e0, a qui el president ha felicitat per \u201cobrir esta col\u00b7lecci\u00f3 amb una obra s\u00f2lida, valenta i necess\u00e0ria\u201d. \u201cEl llibre no sols analitza, tamb\u00e9 interpel\u00b7la i constru\u00efx, i aix\u00f2 \u00e9s el que volem que siga esta Biblioteca, un lloc on les idees no s&#8217;enfronten, sin\u00f3 que s&#8217;escolten\u201d, ha manifestat Momp\u00f3. Aix\u00ed mateix, ha insistit que el valenci\u00e0 \u201cno pot quedar-se a les aules o en els documents oficials, ha de viure als carrers, a les cases, en les places, perqu\u00e8 nom\u00e9s aix\u00ed ser\u00e0 realment la llengua pr\u00f2pia de la Comunitat Valenciana\u201d.<\/p>\n\n\n\n<p class=\"wp-block-paragraph\">Per part seua, l&#8217;autor, Abelard Saragoss\u00e0, considera que la seua obra t\u00e9 inter\u00e9s per a l&#8217;opini\u00f3 p\u00fablica valenciana, i recorda que la seua finalitat \u00e9s \u201cbuscar una proposta que un valenci\u00e0 de cultura mitjana puga dominar i aplicar\u201d.<\/p>\n\n\n\n<p class=\"wp-block-paragraph\">El llibre de Saragoss\u00e0 intenta donar resposta a les seg\u00fcents preguntes: Com s&#8217;ha format el sistema d&#8217;accentuaci\u00f3 que apareix en \u2018Les Normes de Castell\u00f3\u2019 (1932)? \u00c9s racional i coherent?. L&#8217;estudi de com s&#8217;han elaborat les regles d&#8217;accentuaci\u00f3 est\u00e0 realitzat des d&#8217;una orientaci\u00f3 humanista i transversal.<\/p>\n","protected":false},"excerpt":{"rendered":"<div class=\"mh-excerpt\">El president de la Diputaci\u00f3 de Val\u00e8ncia ha destacat que la col\u00b7lecci\u00f3 del Magn\u00e0nim naix \u201cdes de tres valors profundament democr\u00e0tics: la responsabilitat, la intel\u00b7lig\u00e8ncia col\u00b7lectiva i la voluntat de reconciliaci\u00f3\u201d. Momp\u00f3: \u201cDes de la <a class=\"mh-excerpt-more\" href=\"https:\/\/tucomarca.whitekongsoftware.com\/ca\/la-diputacio-de-valencia-presenta-la-biblioteca-de-filologia-valenciana-com-una-iniciativa-per-a-acostar-el-valencia-a-la-ciutadania\/\" title=\"La Diputaci\u00f3 de Val\u00e8ncia presenta la Biblioteca de Filologia Valenciana com una iniciativa per a acostar el valenci\u00e0 a la ciutadania\">[+] <\/a><\/div>\n","protected":false},"author":12,"featured_media":273515,"comment_status":"open","ping_status":"open","sticky":false,"template":"","format":"standard","meta":{"footnotes":""},"categories":[10898,10894,10904,11007,10947,10896],"tags":[11246,20460,16563],"class_list":["post-273520","post","type-post","status-publish","format-standard","has-post-thumbnail","category-ventana-ca","category-la-comarca-ca","category-sin-categorizar-ca","category-ocio-y-cultura-ca","category-politica","category-seccion-ca","tag-diputacio-de-valencia-ca","tag-institucio-alfons-el-magnanim-ca","tag-vicente-mompo-ca"],"_links":{"self":[{"href":"https:\/\/tucomarca.whitekongsoftware.com\/ca\/wp-json\/wp\/v2\/posts\/273520","targetHints":{"allow":["GET"]}}],"collection":[{"href":"https:\/\/tucomarca.whitekongsoftware.com\/ca\/wp-json\/wp\/v2\/posts"}],"about":[{"href":"https:\/\/tucomarca.whitekongsoftware.com\/ca\/wp-json\/wp\/v2\/types\/post"}],"author":[{"embeddable":true,"href":"https:\/\/tucomarca.whitekongsoftware.com\/ca\/wp-json\/wp\/v2\/users\/12"}],"replies":[{"embeddable":true,"href":"https:\/\/tucomarca.whitekongsoftware.com\/ca\/wp-json\/wp\/v2\/comments?post=273520"}],"version-history":[{"count":0,"href":"https:\/\/tucomarca.whitekongsoftware.com\/ca\/wp-json\/wp\/v2\/posts\/273520\/revisions"}],"wp:featuredmedia":[{"embeddable":true,"href":"https:\/\/tucomarca.whitekongsoftware.com\/ca\/wp-json\/wp\/v2\/media\/273515"}],"wp:attachment":[{"href":"https:\/\/tucomarca.whitekongsoftware.com\/ca\/wp-json\/wp\/v2\/media?parent=273520"}],"wp:term":[{"taxonomy":"category","embeddable":true,"href":"https:\/\/tucomarca.whitekongsoftware.com\/ca\/wp-json\/wp\/v2\/categories?post=273520"},{"taxonomy":"post_tag","embeddable":true,"href":"https:\/\/tucomarca.whitekongsoftware.com\/ca\/wp-json\/wp\/v2\/tags?post=273520"}],"curies":[{"name":"wp","href":"https:\/\/api.w.org\/{rel}","templated":true}]}}