{"id":273404,"date":"2025-07-24T12:05:00","date_gmt":"2025-07-24T10:05:00","guid":{"rendered":"https:\/\/www.tucomarca.com\/wordpress\/segunda\/?p=273404"},"modified":"2025-07-24T17:40:44","modified_gmt":"2025-07-24T15:40:44","slug":"la-guardia-civil-participa-en-una-jornada-formativa-darmes-de-avancarga-organitzada-per-lleials-a-jaume-i-a-utiel","status":"publish","type":"post","link":"https:\/\/tucomarca.whitekongsoftware.com\/ca\/la-guardia-civil-participa-en-una-jornada-formativa-darmes-de-avancarga-organitzada-per-lleials-a-jaume-i-a-utiel\/","title":{"rendered":"La Gu\u00e0rdia Civil participa en una jornada formativa d&#8217;armes de avancarga organitzada per \u201cLleials a Jaume I\u201d a Utiel"},"content":{"rendered":"\n<h3 class=\"wp-block-heading\">S&#8217;ha celebrat una reuni\u00f3 formativa en la localitat d&#8217;Utiel (Val\u00e8ncia), on els participants han rebut formaci\u00f3 relativa a mesures de prevenci\u00f3 i seguretat a desenvolupar fent \u00fas de les armes de avancarga i p\u00f3lvora negra.<\/h3>\n\n\n\n<p class=\"wp-block-paragraph\">El dia 19 de juliol s&#8217;ha celebrat en centre Social_Beat Galvez de la localitat d&#8217;Utiel, una jornada formativa relativa a la Instrucci\u00f3 T\u00e8cnica n\u00famero 26 del Reglament d&#8217;Explosius sobre l&#8217;\u00fas d&#8217;armes de avancarga juntament amb p\u00f3lvora negra. En la mateixa han participat components de l&#8217;Esquadra \u201cJaume I\u201d, participants actius en nombroses recreacions hist\u00f2riques desenvolupades en diverses localitats de la Comunitat.<\/p>\n\n\n\n<p class=\"wp-block-paragraph\">Aquesta jornada, amb participaci\u00f3 d&#8217;integrants de la Intervenci\u00f3 d&#8217;Armes i Explosius de la Zona de la Gu\u00e0rdia Civil de Val\u00e8ncia, s&#8217;ha centrat en la normativa que regula aquests esdeveniments, seguretat en el maneig i \u00fas d&#8217;armes de avancarga, prevenci\u00f3 de riscos associats a l&#8217;\u00fas de p\u00f3lvora negra i primers auxilis en cas d&#8217;accident.&nbsp;<\/p>\n\n\n\n<p class=\"wp-block-paragraph\">La Instrucci\u00f3 T\u00e8cnica n\u00famero 26 del Reglament d&#8217;Explosius, regula aquestes activitats, sotmetent-les a autoritzaci\u00f3 pr\u00e8via de la Subdelegaci\u00f3 de Govern de la prov\u00edncia, la qual exigir\u00e0 de l&#8217;Entitat Organitzadora, entre altres, que els participants actius estiguen formats en mesures de seguretat. Aix\u00ed mateix, en tot moment, la p\u00f3lvora que s&#8217;utilitze haur\u00e0 de ser controlada des del seu origen fins al seu consum final.&nbsp;<\/p>\n\n\n\n<p class=\"wp-block-paragraph\">Aquesta activitat, que s&#8217;ha desenvolupat a Utiel, est\u00e0 constitu\u00efda com un acte preliminar, al \u201cSimposi Nacional de Avancarga\u201d que se celebrara del 14 al 16 de novembre de 2025 a la ciutat de Val\u00e8ncia, organitzat per la mateixa associaci\u00f3.<\/p>\n\n\n\n<p class=\"wp-block-paragraph\">Finalment, cal recordar que, des de la seua creaci\u00f3 en 1844, la Gu\u00e0rdia Civil, ha tingut com a missi\u00f3 el compliment exacte de les Lleis, entre altres, evitant el tr\u00e0fic i tinen\u00e7a clandestina d&#8217;armes. La Llei org\u00e0nica 2\/1986, de 13 de mar\u00e7, de Forces i Cossos de Seguretat de l&#8217;Estat, va establir que la Gu\u00e0rdia Civil t\u00e9 la compet\u00e8ncia exclusiva en les mat\u00e8ries derivades de la legislaci\u00f3 sobre d&#8217;armes i explosius en tot el territori nacional. Fruit de l&#8217;anterior es va crear al juliol 1986 l&#8217;especialitat d&#8217;Intervenci\u00f3 d&#8217;Armes i Explosius, que els seus integrants vetlen pel compliment d&#8217;aquesta legislaci\u00f3, sent els seus interventors especialistes en aquestes mat\u00e8ries.<\/p>\n\n\n\n<figure class=\"wp-block-image size-full\"><img loading=\"lazy\" decoding=\"async\" width=\"939\" height=\"563\" src=\"http:\/\/www.tucomarca.com\/wordpress\/segunda\/wp-content\/uploads\/2025\/07\/GCUtiel2.jpg\" alt=\"\" class=\"wp-image-273399\" srcset=\"https:\/\/tucomarca.whitekongsoftware.com\/wp-content\/uploads\/2025\/07\/GCUtiel2.jpg 939w, https:\/\/tucomarca.whitekongsoftware.com\/wp-content\/uploads\/2025\/07\/GCUtiel2-300x180.jpg 300w, https:\/\/tucomarca.whitekongsoftware.com\/wp-content\/uploads\/2025\/07\/GCUtiel2-768x460.jpg 768w\" sizes=\"auto, (max-width: 939px) 100vw, 939px\" \/><\/figure>\n\n\n\n<figure class=\"wp-block-image size-full\"><img loading=\"lazy\" decoding=\"async\" width=\"937\" height=\"440\" src=\"http:\/\/www.tucomarca.com\/wordpress\/segunda\/wp-content\/uploads\/2025\/07\/GCUtiel3.jpg\" alt=\"\" class=\"wp-image-273401\" srcset=\"https:\/\/tucomarca.whitekongsoftware.com\/wp-content\/uploads\/2025\/07\/GCUtiel3.jpg 937w, https:\/\/tucomarca.whitekongsoftware.com\/wp-content\/uploads\/2025\/07\/GCUtiel3-300x141.jpg 300w, https:\/\/tucomarca.whitekongsoftware.com\/wp-content\/uploads\/2025\/07\/GCUtiel3-768x361.jpg 768w\" sizes=\"auto, (max-width: 937px) 100vw, 937px\" \/><\/figure>\n","protected":false},"excerpt":{"rendered":"<div class=\"mh-excerpt\">S&#8217;ha celebrat una reuni\u00f3 formativa en la localitat d&#8217;Utiel (Val\u00e8ncia), on els participants han rebut formaci\u00f3 relativa a mesures de prevenci\u00f3 i seguretat a desenvolupar fent \u00fas de les armes de avancarga i p\u00f3lvora negra. <a class=\"mh-excerpt-more\" href=\"https:\/\/tucomarca.whitekongsoftware.com\/ca\/la-guardia-civil-participa-en-una-jornada-formativa-darmes-de-avancarga-organitzada-per-lleials-a-jaume-i-a-utiel\/\" title=\"La Gu\u00e0rdia Civil participa en una jornada formativa d&#8217;armes de avancarga organitzada per \u201cLleials a Jaume I\u201d a Utiel\">[+] <\/a><\/div>\n","protected":false},"author":1,"featured_media":273398,"comment_status":"open","ping_status":"open","sticky":false,"template":"","format":"gallery","meta":{"footnotes":""},"categories":[10898,10894,10904,10909,10896,10897,11059],"tags":[11118,10910,11174],"class_list":["post-273404","post","type-post","status-publish","format-gallery","has-post-thumbnail","category-ventana-ca","category-la-comarca-ca","category-sin-categorizar-ca","category-requena-utiel-ca","category-seccion-ca","category-sucesos-la-comarca-ca","category-utiel-ca","tag-guardia-civil-ca","tag-requena-utiel-ca","tag-utiel-ca","post_format-post-format-gallery"],"_links":{"self":[{"href":"https:\/\/tucomarca.whitekongsoftware.com\/ca\/wp-json\/wp\/v2\/posts\/273404","targetHints":{"allow":["GET"]}}],"collection":[{"href":"https:\/\/tucomarca.whitekongsoftware.com\/ca\/wp-json\/wp\/v2\/posts"}],"about":[{"href":"https:\/\/tucomarca.whitekongsoftware.com\/ca\/wp-json\/wp\/v2\/types\/post"}],"author":[{"embeddable":true,"href":"https:\/\/tucomarca.whitekongsoftware.com\/ca\/wp-json\/wp\/v2\/users\/1"}],"replies":[{"embeddable":true,"href":"https:\/\/tucomarca.whitekongsoftware.com\/ca\/wp-json\/wp\/v2\/comments?post=273404"}],"version-history":[{"count":0,"href":"https:\/\/tucomarca.whitekongsoftware.com\/ca\/wp-json\/wp\/v2\/posts\/273404\/revisions"}],"wp:featuredmedia":[{"embeddable":true,"href":"https:\/\/tucomarca.whitekongsoftware.com\/ca\/wp-json\/wp\/v2\/media\/273398"}],"wp:attachment":[{"href":"https:\/\/tucomarca.whitekongsoftware.com\/ca\/wp-json\/wp\/v2\/media?parent=273404"}],"wp:term":[{"taxonomy":"category","embeddable":true,"href":"https:\/\/tucomarca.whitekongsoftware.com\/ca\/wp-json\/wp\/v2\/categories?post=273404"},{"taxonomy":"post_tag","embeddable":true,"href":"https:\/\/tucomarca.whitekongsoftware.com\/ca\/wp-json\/wp\/v2\/tags?post=273404"}],"curies":[{"name":"wp","href":"https:\/\/api.w.org\/{rel}","templated":true}]}}