{"id":273361,"date":"2025-07-24T09:30:00","date_gmt":"2025-07-24T07:30:00","guid":{"rendered":"https:\/\/www.tucomarca.com\/wordpress\/segunda\/?p=273361"},"modified":"2025-07-24T16:01:12","modified_gmt":"2025-07-24T14:01:12","slug":"oscar-navarro-president-honorific-del-ma-a-ma-2025","status":"publish","type":"post","link":"https:\/\/tucomarca.whitekongsoftware.com\/ca\/oscar-navarro-president-honorific-del-ma-a-ma-2025\/","title":{"rendered":"\u00d3scar Navarro, president honor\u00edfic del M\u00e0 a m\u00e0 2025"},"content":{"rendered":"\n<h3 class=\"wp-block-heading\">El compositor alacant\u00ed, una de les figures m\u00e9s internacionals del panorama simf\u00f2nic espanyol, dirigir\u00e0 l&#8217;Himne de Bunyol en la 50a edici\u00f3 del concert.<\/h3>\n\n\n\n<p class=\"wp-block-paragraph\">El reconegut compositor i director \u00d3scar Navarro ser\u00e0 el President Honor\u00edfico del M\u00e0 a m\u00e0 2025, que se celebrar\u00e0 el pr\u00f2xim 16 d&#8217;agost a l&#8217;Auditori de Sant Llu\u00eds de Bunyol. Com \u00e9s tradici\u00f3, ser\u00e0 ell qui puge a l&#8217;escenari per a dirigir l&#8217;Himne a Bunyol, que posa el fermall final a aquest esperat concert.<br>Navarro, nascut a Novelda (Alacant), ha portat la seua m\u00fasica a escenaris de refer\u00e8ncia mundial com el Carnegie Hall de Nova York, el Musikverein de Viena, La Scala de Mil\u00e0 o el Walt Disney Hall de Los \u00c1ngeles. Ha col\u00b7laborat amb formacions de primer nivell com The Cleveland Orchestra, la BBC Philharmonic o la Tchaikovsky Symphony Orchestra, i ha rebut enc\u00e0rrecs d&#8217;institucions com l&#8217;Orquestra Nacional d&#8217;Espanya o la Casa Reial, que li va encomanar l&#8217;Obertura Rei Felip VI amb motiu del des\u00e9 aniversari de la proclamaci\u00f3 del monarca.<br>La seua traject\u00f2ria ha sigut reconeguda amb m\u00e9s d&#8217;una vintena de premis, entre ells els Hollywood Music in Mitjana Awards i una nominaci\u00f3 als Premis Goya. Navarro combina la composici\u00f3 per a cinema amb la m\u00fasica simf\u00f2nica i \u00e9s actualment un dels compositors espanyols m\u00e9s interpretats del m\u00f3n, a m\u00e9s de membre de l&#8217;Acad\u00e8mia del Cinema Espanyol i dels Latin Grammy.<br>Amb la seua elecci\u00f3 com a president honor\u00edfic, el M\u00e0 a m\u00e0 torna a comptar amb una figura de gran projecci\u00f3 internacional, com ja fera en anteriors edicions amb noms com Jan Van der Roost, Bert Appermont, Henrie Adams, Jos\u00e9 Rafael Pascual-Vilaplana o Thomas Doss, referents absoluts en l&#8217;univers de la m\u00fasica de banda.<br>Aquesta 50a edici\u00f3 del concert \u2014que commemora 51 anys des de la seua primera celebraci\u00f3\u2014 reunir\u00e0 una vegada m\u00e9s a les dues grans formacions locals: el Centre Instructiu Musical \u201cL&#8217;Harm\u00f2nica\u201d i la Societat Musical \u201cL&#8217;Art\u00edstica\u201d, que interpretaran dos programes dissenyats especialment per a l&#8217;ocasi\u00f3 i posaran en valor el talent, el comprom\u00eds i la capacitat art\u00edstica d&#8217;un poble bolcat amb la m\u00fasica.<\/p>\n","protected":false},"excerpt":{"rendered":"<div class=\"mh-excerpt\">El compositor alacant\u00ed, una de les figures m\u00e9s internacionals del panorama simf\u00f2nic espanyol, dirigir\u00e0 l&#8217;Himne de Bunyol en la 50a edici\u00f3 del concert. El reconegut compositor i director \u00d3scar Navarro ser\u00e0 el President Honor\u00edfico del <a class=\"mh-excerpt-more\" href=\"https:\/\/tucomarca.whitekongsoftware.com\/ca\/oscar-navarro-president-honorific-del-ma-a-ma-2025\/\" title=\"\u00d3scar Navarro, president honor\u00edfic del M\u00e0 a m\u00e0 2025\">[+] <\/a><\/div>\n","protected":false},"author":12,"featured_media":273360,"comment_status":"open","ping_status":"open","sticky":false,"template":"","format":"standard","meta":{"footnotes":""},"categories":[10911,11005,10898,10894,10912,11007,10896],"tags":[10913,10914,22840,22841],"class_list":["post-273361","post","type-post","status-publish","format-standard","has-post-thumbnail","category-bunol-ca","category-canal-musica","category-ventana-ca","category-la-comarca-ca","category-la-hoya-ca","category-ocio-y-cultura-ca","category-seccion-ca","tag-bunol-ca","tag-la-hoya-de-bunol-chiva-ca","tag-mano-a-mano-2025-ca","tag-oscar-navarro-ca"],"_links":{"self":[{"href":"https:\/\/tucomarca.whitekongsoftware.com\/ca\/wp-json\/wp\/v2\/posts\/273361","targetHints":{"allow":["GET"]}}],"collection":[{"href":"https:\/\/tucomarca.whitekongsoftware.com\/ca\/wp-json\/wp\/v2\/posts"}],"about":[{"href":"https:\/\/tucomarca.whitekongsoftware.com\/ca\/wp-json\/wp\/v2\/types\/post"}],"author":[{"embeddable":true,"href":"https:\/\/tucomarca.whitekongsoftware.com\/ca\/wp-json\/wp\/v2\/users\/12"}],"replies":[{"embeddable":true,"href":"https:\/\/tucomarca.whitekongsoftware.com\/ca\/wp-json\/wp\/v2\/comments?post=273361"}],"version-history":[{"count":0,"href":"https:\/\/tucomarca.whitekongsoftware.com\/ca\/wp-json\/wp\/v2\/posts\/273361\/revisions"}],"wp:featuredmedia":[{"embeddable":true,"href":"https:\/\/tucomarca.whitekongsoftware.com\/ca\/wp-json\/wp\/v2\/media\/273360"}],"wp:attachment":[{"href":"https:\/\/tucomarca.whitekongsoftware.com\/ca\/wp-json\/wp\/v2\/media?parent=273361"}],"wp:term":[{"taxonomy":"category","embeddable":true,"href":"https:\/\/tucomarca.whitekongsoftware.com\/ca\/wp-json\/wp\/v2\/categories?post=273361"},{"taxonomy":"post_tag","embeddable":true,"href":"https:\/\/tucomarca.whitekongsoftware.com\/ca\/wp-json\/wp\/v2\/tags?post=273361"}],"curies":[{"name":"wp","href":"https:\/\/api.w.org\/{rel}","templated":true}]}}