{"id":273296,"date":"2025-07-23T10:41:00","date_gmt":"2025-07-23T08:41:00","guid":{"rendered":"https:\/\/www.tucomarca.com\/wordpress\/segunda\/?p=273296"},"modified":"2025-07-23T19:57:43","modified_gmt":"2025-07-23T17:57:43","slug":"la-diputacio-destinara-206-milions-deuros-als-municipis-afectats-per-la-dana-per-a-contractacio-de-personal-i-compra-de-mobiliari-urba","status":"publish","type":"post","link":"https:\/\/tucomarca.whitekongsoftware.com\/ca\/la-diputacio-destinara-206-milions-deuros-als-municipis-afectats-per-la-dana-per-a-contractacio-de-personal-i-compra-de-mobiliari-urba\/","title":{"rendered":"La Diputaci\u00f3 destinar\u00e0 20,6 milions d&#8217;euros als municipis afectats per la DANA per a contractaci\u00f3 de personal i compra de mobiliari urb\u00e0"},"content":{"rendered":"\n<h3 class=\"wp-block-heading\">El ple de la corporaci\u00f3 provincial ha donat llum verda a unes ajudes que atorgaran 100.000 euros a cada ajuntament per a contractar t\u00e8cnics municipals i altres 100.000 per a senyalitzaci\u00f3 i subministraments urbans.<\/h3>\n\n\n\n<h3 class=\"wp-block-heading\">Durant la sessi\u00f3 tamb\u00e9 s&#8217;ha aprovat l&#8217;adhesi\u00f3 de la Diputaci\u00f3 a la l\u00ednia espec\u00edfica del Fons de Cooperaci\u00f3 Municipal per a municipis tur\u00edstics de la Comunitat Valenciana en 2025, dotada amb un pressupost de 1,8 milions d&#8217;euros.<\/h3>\n\n\n\n<p class=\"wp-block-paragraph\">La Diputaci\u00f3 de Val\u00e8ncia ha aprovat durant el ple del mes de juliol celebrat este dimecres dos cr\u00e8dits extraordinaris que incrementaran fins als 20,6 milions d&#8217;euros les ajudes als 103 ajuntaments afectats per la DANA, destinades tant a la contractaci\u00f3 de personal i com a l&#8217;adquisici\u00f3 de mobiliari urb\u00e0 que no ha sigut pr\u00e8viament subvencionat. D&#8217;esta manera, cada ajuntament rebr\u00e0 un total de 200.000 euros, 100.000 per cada concepte.<\/p>\n\n\n\n<p class=\"wp-block-paragraph\">La majoria dels grups pol\u00edtics de la corporaci\u00f3 provincial han aprovat una modificaci\u00f3 pressupost\u00e0ria que, d&#8217;una banda, incrementa en 4 milions d&#8217;euros la partida de 6,3 milions d&#8217;ajudes directes perqu\u00e8 els ajuntaments arreplegats en el decret de la Generalitat, en el qual s&#8217;inclouen 103 municipis de la prov\u00edncia (28 municipis m\u00e9s que en el del Govern central), puguen contractar personal.&nbsp;<\/p>\n\n\n\n<p class=\"wp-block-paragraph\">Estes localitats comptaran, d\u2019esta manera, amb 100.000 euros (10,3 milions d&#8217;euros en total) per a incorporar a t\u00e8cnics municipals amb l&#8217;objectiu final de contribuir a la recuperaci\u00f3 de les obres i servicis de compet\u00e8ncia municipal afectats per la riuada. \u201cEl que pretenem amb estes ajudes \u00e9s refor\u00e7ar la capacitat dels servicis t\u00e8cnics d&#8217;uns pobles que s&#8217;han vist desbordats, i que per si mateixos no s\u00f3n capa\u00e7os de gestionar i tramitar tots els expedients necessaris per a escometre les obres necess\u00e0ries i poder tornar com m\u00e9s prompte millor a la normalitat\u201d, ha afirmat el diputat d&#8217;Assist\u00e8ncia T\u00e8cnica a Municipis, Ricardo Gabald\u00f3n.<\/p>\n\n\n\n<p class=\"wp-block-paragraph\">Els professionals contractats amb els diners d&#8217;esta ajuda hauran de dedicar-se a desenrotllar treballs que estiguen directament relacionats amb: la recuperaci\u00f3 d&#8217;infraestructures i b\u00e9ns de titularitat p\u00fablica danyats per la dana; l&#8217;estudi i planificaci\u00f3 de noves infraestructures municipals resilients; i\/o el refor\u00e7 directe dels servicis t\u00e8cnics municipals durant els per\u00edodes de gesti\u00f3 de l&#8217;emerg\u00e8ncia i recuperaci\u00f3.<\/p>\n\n\n\n<p class=\"wp-block-paragraph\">Igualment, s&#8217;ha donat llum verda a l&#8217;augment de 4 milions d&#8217;euros de la l\u00ednia d&#8217;ajudes, que ja estava dotada amb 6,3 milions d&#8217;euros, destinada a l&#8217;adquisici\u00f3 de mobiliari urb\u00e0. Es tracta d&#8217;altres 100.000 euros (10,3 milions en total) amb els quals podran comptar cada localitat afectada per la dana, amb la finalitat de renovar i incorporar senyalitzaci\u00f3 i subministraments que, fins a este moment, no estaven coberts per cap subvenci\u00f3 auton\u00f2mica ni estatal.<\/p>\n\n\n\n<p class=\"wp-block-paragraph\"><strong>Modificaci\u00f3 RPT<\/strong><\/p>\n\n\n\n<p class=\"wp-block-paragraph\">El ple de la Diputaci\u00f3 ha aprovat una modificaci\u00f3 de la Relaci\u00f3 de Llocs de treball, concebuda, en paraules de la diputada de Personal, Reme Mazzolari, \u201cper a homogene\u00eftzar i objetivitzar una RPT que necessitava una revisi\u00f3 a fons\u201d i ha recordat que \u201cel propi informe del Control Financer Permanent de l&#8217;\u00e0rea alerta que la seua rigidesa estava originant un elevat consum de recursos i importants retards en els processos de provisi\u00f3 de llocs\u201d.<\/p>\n\n\n\n<p class=\"wp-block-paragraph\">Mazzolari ha explicat que la modificaci\u00f3 aprovada suposa la reestructuraci\u00f3 del servici de Personal, el qual es redistribuir\u00e0 en tres departaments: organitzaci\u00f3 econ\u00f2mica; desenrotllament del pla estrat\u00e8gic; i operativitat i gesti\u00f3.&nbsp;<\/p>\n\n\n\n<p class=\"wp-block-paragraph\">Aix\u00ed mateix, es crea l&#8217;\u00e0rea d&#8217;Assumptes Taurins i es refor\u00e7a el departament de Gesti\u00f3 Tribut\u00e0ria, \u201cla qual suposa un suport fonamental als ajuntaments en mat\u00e8ria de recaptaci\u00f3\u201d, ha concl\u00f2s la vicepresidenta segona, qui ha recordat que \u201ccada vegada s\u00f3n m\u00e9s les delegacions tribut\u00e0ries per part de diversos municipis, cosa que incrementa notablement la c\u00e0rrega de treball, i no podem permetre&#8217;ns que el servici es veja afectat\u201d.<\/p>\n\n\n\n<p class=\"wp-block-paragraph\"><strong>Altres mesures aprovades<\/strong><\/p>\n\n\n\n<p class=\"wp-block-paragraph\">A m\u00e9s, la sessi\u00f3 plen\u00e0ria de juliol tamb\u00e9 ha aprovat, per unanimitat, l&#8217;adhesi\u00f3 de la Diputaci\u00f3 de Val\u00e8ncia a la l\u00ednia espec\u00edfica del Fons de Cooperaci\u00f3 Municipal per a municipis tur\u00edstics de la Comunitat Valenciana en 2025, dotada amb un pressupost de 1,8 milions d&#8217;euros. Esta quantitat es distribuir\u00e0 entre els 19 municipis de la prov\u00edncia de Val\u00e8ncia que tenen la consideraci\u00f3 de municipi tur\u00edstic, i que a m\u00e9s tenen menys de 100.000 habitants.<\/p>\n\n\n\n<p class=\"wp-block-paragraph\">A m\u00e9s, s&#8217;ha aprovat una moci\u00f3 per a l&#8217;impuls del Pla Director del Barranc del Carraixet. Territori Carraixet, de la *Diputaci\u00f3 de Val\u00e8ncia, i una proposici\u00f3 que t\u00e9 com a objectiu revalidar i actualitzar la declaraci\u00f3 d&#8217;emerg\u00e8ncia clim\u00e0tica.&nbsp;<\/p>\n\n\n\n<p class=\"wp-block-paragraph\">Aix\u00ed mateix, ha tirat avant una moci\u00f3 per a instar la Confederaci\u00f3 Hidrogr\u00e0fica del X\u00faquer a la neteja i retirada de troncs en els embassaments de Benag\u00e9ber i Forata, aix\u00ed com la proposici\u00f3 de reforma de la Llei Electoral Valenciana.<\/p>\n\n\n\n<p class=\"wp-block-paragraph\">D&#8217;altra banda, el ple ha aprovat una moci\u00f3 per a instar el Consorci Provincial de Bombers a \u201cimplementar la dotaci\u00f3 pressupost\u00e0ria per al compliment del preacord firmat al mar\u00e7 de 2025, especialment quant a l&#8217;augment d&#8217;efectius operatius\u201d, a m\u00e9s d&#8217;altres aspectes com l&#8217;impuls d&#8217;una auditoria externa sobre l&#8217;entitat. En este cas, l&#8217;Interventor de la corporaci\u00f3 ha aclarit que \u201caix\u00f2 suposaria un sobrecost de 9 milions d&#8217;euros, per la qual cosa no es podria complir\u201d i el president del Consorci, Avelino Mascarell ha anunciat que en la pr\u00f2xima Assemblea de l&#8217;entitat, prevista per a la setmana pr\u00f2xima, s&#8217;ampliar\u00e0 la plantilla amb 19 places de nova creaci\u00f3.<\/p>\n\n\n\n<p class=\"wp-block-paragraph\">Tamb\u00e9 referent al Consorci, el ple ha tirat avant una moci\u00f3 per a la reprovaci\u00f3 dels seus anteriors dirigents Maria Josep Amig\u00f3 i Josep Bort, per la seua gesti\u00f3 al capdavant de l&#8217;entitat; aix\u00ed com a la diputada Dolors Gimeno, per \u201cdivulgaci\u00f3 d&#8217;informaci\u00f3 falsa en el ple, xarxes i mitjans que pot crear alarma social\u201d. Amb anterioritat a estes votacions, els diputats dels grups pol\u00edtics PSPV-PSOE i Comprom\u00eds han abandonat el Sal\u00f3 de Plens en senyal de protesta.<\/p>\n","protected":false},"excerpt":{"rendered":"<div class=\"mh-excerpt\">El ple de la corporaci\u00f3 provincial ha donat llum verda a unes ajudes que atorgaran 100.000 euros a cada ajuntament per a contractar t\u00e8cnics municipals i altres 100.000 per a senyalitzaci\u00f3 i subministraments urbans. Durant <a class=\"mh-excerpt-more\" href=\"https:\/\/tucomarca.whitekongsoftware.com\/ca\/la-diputacio-destinara-206-milions-deuros-als-municipis-afectats-per-la-dana-per-a-contractacio-de-personal-i-compra-de-mobiliari-urba\/\" title=\"La Diputaci\u00f3 destinar\u00e0 20,6 milions d&#8217;euros als municipis afectats per la DANA per a contractaci\u00f3 de personal i compra de mobiliari urb\u00e0\">[+] <\/a><\/div>\n","protected":false},"author":1,"featured_media":273293,"comment_status":"open","ping_status":"open","sticky":false,"template":"","format":"standard","meta":{"footnotes":""},"categories":[21466,10898,10948,10894,10904,10903,10947,10896,10897],"tags":[15409,11246,11199],"class_list":["post-273296","post","type-post","status-publish","format-standard","has-post-thumbnail","category-dana-ca","category-ventana-ca","category-infraestructuras-ca","category-la-comarca-ca","category-sin-categorizar-ca","category-medio-ambiente-la-comarca-ca","category-politica","category-seccion-ca","category-sucesos-la-comarca-ca","tag-dana-2-ca","tag-diputacio-de-valencia-ca","tag-la-comunitat-ca"],"_links":{"self":[{"href":"https:\/\/tucomarca.whitekongsoftware.com\/ca\/wp-json\/wp\/v2\/posts\/273296","targetHints":{"allow":["GET"]}}],"collection":[{"href":"https:\/\/tucomarca.whitekongsoftware.com\/ca\/wp-json\/wp\/v2\/posts"}],"about":[{"href":"https:\/\/tucomarca.whitekongsoftware.com\/ca\/wp-json\/wp\/v2\/types\/post"}],"author":[{"embeddable":true,"href":"https:\/\/tucomarca.whitekongsoftware.com\/ca\/wp-json\/wp\/v2\/users\/1"}],"replies":[{"embeddable":true,"href":"https:\/\/tucomarca.whitekongsoftware.com\/ca\/wp-json\/wp\/v2\/comments?post=273296"}],"version-history":[{"count":0,"href":"https:\/\/tucomarca.whitekongsoftware.com\/ca\/wp-json\/wp\/v2\/posts\/273296\/revisions"}],"wp:featuredmedia":[{"embeddable":true,"href":"https:\/\/tucomarca.whitekongsoftware.com\/ca\/wp-json\/wp\/v2\/media\/273293"}],"wp:attachment":[{"href":"https:\/\/tucomarca.whitekongsoftware.com\/ca\/wp-json\/wp\/v2\/media?parent=273296"}],"wp:term":[{"taxonomy":"category","embeddable":true,"href":"https:\/\/tucomarca.whitekongsoftware.com\/ca\/wp-json\/wp\/v2\/categories?post=273296"},{"taxonomy":"post_tag","embeddable":true,"href":"https:\/\/tucomarca.whitekongsoftware.com\/ca\/wp-json\/wp\/v2\/tags?post=273296"}],"curies":[{"name":"wp","href":"https:\/\/api.w.org\/{rel}","templated":true}]}}