{"id":273266,"date":"2025-07-23T10:37:00","date_gmt":"2025-07-23T08:37:00","guid":{"rendered":"https:\/\/www.tucomarca.com\/wordpress\/segunda\/?p=273266"},"modified":"2025-07-23T19:29:29","modified_gmt":"2025-07-23T17:29:29","slug":"la-generalitat-finalitza-les-obres-en-infraestructures-municipals-danyades-a-montserrat-i-les-adapta-davant-futures-riuades","status":"publish","type":"post","link":"https:\/\/tucomarca.whitekongsoftware.com\/ca\/la-generalitat-finalitza-les-obres-en-infraestructures-municipals-danyades-a-montserrat-i-les-adapta-davant-futures-riuades\/","title":{"rendered":"La Generalitat finalitza les obres en infraestructures municipals danyades a Montserrat i les adapta davant futures riuades"},"content":{"rendered":"\n<h3 class=\"wp-block-heading\">Es tracta de treballs realitzats en els accessos a la urbanitzaci\u00f3 dels Valletes i La nostra Senyora de l&#8217;Asunci\u00f3n.<\/h3>\n\n\n\n<h3 class=\"wp-block-heading\">El pressupost de les dues actuacions \u00e9s d&#8217;1.020.000 euros i formen part del pla \u2018Recuperem Val\u00e8ncia\u2019.<\/h3>\n\n\n\n<p class=\"wp-block-paragraph\">La Generalitat finalitza les obres en infraestructures danyades a Montserrat i les adapta davant futures riuades, dins del pla \u2018Recuperem Val\u00e8ncia\u2019.<\/p>\n\n\n\n<p class=\"wp-block-paragraph\">Les actuacions, dutes a terme per la Direcci\u00f3 General d&#8217;Infraestructures Vi\u00e0ries de la Conselleria de Medi Ambient, Infraestructures i Territori, en els accessos a la urbanitzaci\u00f3 dels Valletes i La nostra Senyora de l&#8217;Asunci\u00f3n han suposat una inversi\u00f3 d&#8217;1.020.000 euros.<\/p>\n\n\n\n<p class=\"wp-block-paragraph\">El desbordament del barranc Agroix a Montserrat va causar danys en el cam\u00ed Busqueita, que \u00e9s l&#8217;acc\u00e9s des del nucli urb\u00e0 a la urbanitzaci\u00f3 Els Valletes, que han obligat a la reconstrucci\u00f3 del bri del barranc en el lloc del desbordament mitjan\u00e7ant una escullera, que al seu torn protegeix el cam\u00ed d&#8217;entrada al poliesportiu.&nbsp;<\/p>\n\n\n\n<p class=\"wp-block-paragraph\">A m\u00e9s, s&#8217;ha reconstru\u00eft el cam\u00ed Busqueita, que \u00e9s l&#8217;acc\u00e9s principal als Valletes. Per a aix\u00f2, s&#8217;ha constru\u00eft un mur de formig\u00f3 armat, que protegeix la conducci\u00f3 de prove\u00efment d&#8217;aigua potable a Montserrat i una escullera que resguarde al cam\u00ed en futures avingudes.<\/p>\n\n\n\n<p class=\"wp-block-paragraph\">D&#8217;altra banda, en previsi\u00f3 d&#8217;altres desbordaments, s&#8217;han pavimentat tots dos camins amb un paquet de 25 cent\u00edmetres de formig\u00f3, aix\u00ed com les esculleres. A m\u00e9s, s&#8217;han instal\u00b7lat unes barreres semir\u00edgides tipus bionda, que serveixen de contenci\u00f3 als vehicles.<\/p>\n\n\n\n<p class=\"wp-block-paragraph\"><strong>Acc\u00e9s a la urbanitzaci\u00f3 de l&#8217;Asunci\u00f3n<\/strong><\/p>\n\n\n\n<p class=\"wp-block-paragraph\">Per a l&#8217;acc\u00e9s a la urbanitzaci\u00f3 de l&#8217;Asunci\u00f3n, s&#8217;ha adoptat la soluci\u00f3 de substituir els tubs negats per una bateria de marcs de 2&#215;1,5 metres, augmentant la capacitat hidr\u00e0ulica del pas. D&#8217;altra banda, s&#8217;ha constru\u00eft un mur per a estabilitzar el tal\u00fas del carrer C\u00e9rvol, pas previ a la reconstrucci\u00f3 de la vorera i aglomerat d&#8217;aquesta.<\/p>\n\n\n\n<p class=\"wp-block-paragraph\">Aix\u00ed mateix, s&#8217;han protegit els accessos amb tanques folrades de fusta, que serveixen de contenci\u00f3 als vehicles, sent alhora el m\u00e9s permeables possible a noves avingudes, i que tenen un aspecte el m\u00e9s naturalitzat possible.<\/p>\n\n\n\n<p class=\"wp-block-paragraph\">Aquestes actuacions formen part del pla \u2018Recuperem Val\u00e8ncia\u2019 i es van iniciar despr\u00e9s que la Generalitat assumira les compet\u00e8ncies necess\u00e0ries per a dur a terme la rehabilitaci\u00f3 d&#8217;infraestructures en m\u00e9s d&#8217;una vintena de localitats afectades, a causa de les dificultats dels municipis per a assumir els treballs i la necessitat de realitzar-vos com m\u00e9s prompte millor.<\/p>\n","protected":false},"excerpt":{"rendered":"<div class=\"mh-excerpt\">Es tracta de treballs realitzats en els accessos a la urbanitzaci\u00f3 dels Valletes i La nostra Senyora de l&#8217;Asunci\u00f3n. El pressupost de les dues actuacions \u00e9s d&#8217;1.020.000 euros i formen part del pla \u2018Recuperem Val\u00e8ncia\u2019. <a class=\"mh-excerpt-more\" href=\"https:\/\/tucomarca.whitekongsoftware.com\/ca\/la-generalitat-finalitza-les-obres-en-infraestructures-municipals-danyades-a-montserrat-i-les-adapta-davant-futures-riuades\/\" title=\"La Generalitat finalitza les obres en infraestructures municipals danyades a Montserrat i les adapta davant futures riuades\">[+] <\/a><\/div>\n","protected":false},"author":13,"featured_media":273264,"comment_status":"open","ping_status":"open","sticky":false,"template":"","format":"standard","meta":{"footnotes":""},"categories":[21466,10948,10894,10904,10902,10903,11000,10947,10896,10897],"tags":[15409,12903,11199,11077,11208],"class_list":["post-273266","post","type-post","status-publish","format-standard","has-post-thumbnail","category-dana-ca","category-infraestructuras-ca","category-la-comarca-ca","category-sin-categorizar-ca","category-la-ribera-ca","category-medio-ambiente-la-comarca-ca","category-monserrat-ca","category-politica","category-seccion-ca","category-sucesos-la-comarca-ca","tag-dana-2-ca","tag-infraestructuras-ca","tag-la-comunitat-ca","tag-la-ribera-alta-ca","tag-monserrat-ca"],"_links":{"self":[{"href":"https:\/\/tucomarca.whitekongsoftware.com\/ca\/wp-json\/wp\/v2\/posts\/273266","targetHints":{"allow":["GET"]}}],"collection":[{"href":"https:\/\/tucomarca.whitekongsoftware.com\/ca\/wp-json\/wp\/v2\/posts"}],"about":[{"href":"https:\/\/tucomarca.whitekongsoftware.com\/ca\/wp-json\/wp\/v2\/types\/post"}],"author":[{"embeddable":true,"href":"https:\/\/tucomarca.whitekongsoftware.com\/ca\/wp-json\/wp\/v2\/users\/13"}],"replies":[{"embeddable":true,"href":"https:\/\/tucomarca.whitekongsoftware.com\/ca\/wp-json\/wp\/v2\/comments?post=273266"}],"version-history":[{"count":0,"href":"https:\/\/tucomarca.whitekongsoftware.com\/ca\/wp-json\/wp\/v2\/posts\/273266\/revisions"}],"wp:featuredmedia":[{"embeddable":true,"href":"https:\/\/tucomarca.whitekongsoftware.com\/ca\/wp-json\/wp\/v2\/media\/273264"}],"wp:attachment":[{"href":"https:\/\/tucomarca.whitekongsoftware.com\/ca\/wp-json\/wp\/v2\/media?parent=273266"}],"wp:term":[{"taxonomy":"category","embeddable":true,"href":"https:\/\/tucomarca.whitekongsoftware.com\/ca\/wp-json\/wp\/v2\/categories?post=273266"},{"taxonomy":"post_tag","embeddable":true,"href":"https:\/\/tucomarca.whitekongsoftware.com\/ca\/wp-json\/wp\/v2\/tags?post=273266"}],"curies":[{"name":"wp","href":"https:\/\/api.w.org\/{rel}","templated":true}]}}