{"id":273260,"date":"2025-07-23T10:43:00","date_gmt":"2025-07-23T08:43:00","guid":{"rendered":"https:\/\/www.tucomarca.com\/wordpress\/segunda\/?p=273260"},"modified":"2025-07-23T19:25:16","modified_gmt":"2025-07-23T17:25:16","slug":"el-consell-denuncia-que-el-pla-contra-inundacions-del-govern-central-ignora-les-mesures-i-actuacions-clau-per-a-la-seguretat-ciutadana","status":"publish","type":"post","link":"https:\/\/tucomarca.whitekongsoftware.com\/ca\/el-consell-denuncia-que-el-pla-contra-inundacions-del-govern-central-ignora-les-mesures-i-actuacions-clau-per-a-la-seguretat-ciutadana\/","title":{"rendered":"El Consell denuncia que el Pla contra Inundacions del Govern central ignora les mesures i actuacions clau per a la seguretat ciutadana"},"content":{"rendered":"\n<h3 class=\"wp-block-heading\">Els consellers de Medi Ambient i Agricultura\u00a0lamenten que el projecte no contempla un Sistema d&#8217;Alerta Primerenca a la poblaci\u00f3 ni la construcci\u00f3 de les preses necess\u00e0ries.<\/h3>\n\n\n\n<h3 class=\"wp-block-heading\">El pla es limita a intervencions puntuals de reparaci\u00f3 i manca d&#8217;una soluci\u00f3 integral de car\u00e0cter estructural, tant per a la zona afectada per la dana com per al conjunt de la Comunitat Valenciana.<\/h3>\n\n\n\n<p class=\"wp-block-paragraph\">El Consell denuncia que el Pla contra Inundacions del Govern d&#8217;Espanya ignora mesures fonamentals que garantirien la seguretat de la ciutadania en zones especialment vulnerables.<\/p>\n\n\n\n<p class=\"wp-block-paragraph\">El conseller d&#8217;Agricultura, Aigua, Ramaderia i Pesca, Miguel Barrachina, i el conseller de Medi Ambient, Infraestructures i Territori, Vicente Mart\u00ednez Mus, han denunciat que \u201cel Pla Contra Inundacions presentat fa un mes pel Govern d&#8217;Espanya no contempla mesures d&#8217;alerta a la poblaci\u00f3 ni la construcci\u00f3 de les preses necess\u00e0ries\u201d.<\/p>\n\n\n\n<p class=\"wp-block-paragraph\">Aix\u00ed ho han expressat els consellers despr\u00e9s de la presentaci\u00f3, per part de les Conselleries d&#8217;Agricultura i de Medi Ambient, de les al\u00b7legacions al Pla per a la Recuperaci\u00f3 i Millora de la Resili\u00e8ncia enfront de les Inundacions en el territori afectat per la dana en la Comunitat Valenciana, elaborat pel Ministeri per a la Transici\u00f3 Ecol\u00f2gica i el Repte Demogr\u00e0fic.<\/p>\n\n\n\n<p class=\"wp-block-paragraph\">Barrachina lamenta que \u201caquest pla es limita a la zona afectada per la dana del 29 d&#8217;octubre de 2024, per\u00f2 no hem de perdre de vista que les circumst\u00e0ncies en tot el litoral mediterrani espanyol s\u00f3n bastant similars, i per tant \u00e9s necessari tindre un pla per a tota la Comunitat Valenciana tal com hem anat reclamant en els \u00faltims nou mesos\u201d.<\/p>\n\n\n\n<p class=\"wp-block-paragraph\">\u201cEn el pla del Ministeri no apareix cap mesura per a implantar el sistema d&#8217;alerta primerenca en la Demarcaci\u00f3 Hidrogr\u00e0fica del X\u00faquer. \u00c9s fonamental tindre la informaci\u00f3 de dades en temps real i \u00e9s evident que aquests sistemes no poden ser iguals als que estan implantats en conques on els temps de reacci\u00f3 i resposta s\u00f3n m\u00e9s llargs\u201d, ha indicat Barrachina.<\/p>\n\n\n\n<p class=\"wp-block-paragraph\">En aquest sentit, el conseller d&#8217;Agricultura, Aigua, Ramaderia i Pesca afirma que les \u201cmesures estructurals de protecci\u00f3 que planteja el pla s\u00f3n totalment insuficients per a cabals de pluja com els esdevinguts el mes d&#8217;octubre passat\u201d.<\/p>\n\n\n\n<p class=\"wp-block-paragraph\">\u201cS\u00f3n pegats, per\u00f2 no solucions reals i definitives i proposem que s&#8217;han d&#8217;abordar, sense complexos, altres infraestructures hidr\u00e0uliques com s\u00f3n les preses, obres de canalitzacions, brins de protecci\u00f3 i vies verdes\u201d, ha insistit el titular d&#8217;Agricultura.<\/p>\n\n\n\n<p class=\"wp-block-paragraph\">Barrachina explica que \u201cdespr\u00e9s de la dana, la Generalitat va instar el Ministeri que s&#8217;executaren totes les actuacions contemplades en el Pla Hidrol\u00f2gic Nacional (PHN) i el pla global enfront d&#8217;inundacions en la ribera del X\u00faquer que considerava la necessitat de laminar els fluxos procedents dels rius C\u00e1\u00f1oles, Sellent i Magre, aig\u00fces avall de l&#8217;embassament de Forata (preses de Montesa, d&#8217;Estubeny i del Marquesat, respectivament), aix\u00ed com la presa de Vilamarxant&nbsp;en el riu T\u00faria, o les alternatives a aquestes preses que s&#8217;haja estudiat per la Confederaci\u00f3 Hidrogr\u00e0fica del X\u00faquer (CHJ)\u201d.<\/p>\n\n\n\n<p class=\"wp-block-paragraph\">En aquest sentit, en el pla del Ministeri nom\u00e9s se cita la presa de Montesa, per\u00f2 aquesta actuaci\u00f3 ni tan sols s&#8217;inclou entre les accions programades per l&#8217;Executiu central, encara que apareix en el pla hidrol\u00f2gic, \u00e9s a dir, \u201cuna actuaci\u00f3 \u00fanica, sense termini ni pressupost. Fum\u201d, ha emfatitzat el conseller.<\/p>\n\n\n\n<p class=\"wp-block-paragraph\">Miguel Barrachina ha criticat, a m\u00e9s, la nul\u00b7la voluntat del Govern d&#8217;Espanya ja que \u201cla quasi totalitat de les actuacions de protecci\u00f3 s\u00f3n projectes i mesures que ja estaven arreplegades en anteriors planificacions i que, inexplicablement, no s&#8217;executen i van copiant-se de pla en pla\u201d.<\/p>\n\n\n\n<p class=\"wp-block-paragraph\">Des de la Conselleria de Medi Ambient, Infraestructures i Territori tamb\u00e9 s&#8217;insta el Govern central a realitzar actuacions m\u00e9s ambicioses, aix\u00ed com altres complement\u00e0ries com els parcs inundables presentats per la Generalitat aquesta setmana. En aquest sentit, el conseller Vicente Mart\u00ednez Mus ha recordat no sols la falta de projectes, sin\u00f3 tamb\u00e9 \u201cl&#8217;execuci\u00f3 d&#8217;entorn a un 2%\u201d per part de la Confederaci\u00f3 Hidrogr\u00e0fica del X\u00faquer. Aix\u00ed mateix, considera necessari concretar on es pretenen realitzar actuacions de laminaci\u00f3 de l&#8217;aigua per a reduir l&#8217;impacte de fen\u00f2mens meteorol\u00f2gics extrems.<\/p>\n\n\n\n<p class=\"wp-block-paragraph\">Des de la Conselleria de Medi Ambient, Infraestructures i Territori tamb\u00e9 es recorda que les obres estructurals s\u00f3n compet\u00e8ncia del Ministeri de Transici\u00f3 Ecol\u00f2gica i no ha de renunciar-se a les obres contemplades en el Pla de Gesti\u00f3 del Risc d&#8217;Inundaci\u00f3 de 2016. Per aix\u00f2, es considera necessari realitzar una combinaci\u00f3 de les obres plantejades en aquest pla de recuperaci\u00f3 amb les obres estructurals plantejades.<\/p>\n\n\n\n<p class=\"wp-block-paragraph\">Altres al\u00b7legacions a nivell urban\u00edstic i d&#8217;ordenaci\u00f3 del territori contemplen aspectes com les simulacions a l&#8217;entorn del riu Magre, que no coincideix amb les dades d&#8217;inundaci\u00f3 arreplegats en la cartografia dana de la Generalitat, realitzada per la Direcci\u00f3 General d&#8217;Urbanisme, Paisatge i Avaluaci\u00f3 Ambiental.<\/p>\n","protected":false},"excerpt":{"rendered":"<div class=\"mh-excerpt\">Els consellers de Medi Ambient i Agricultura\u00a0lamenten que el projecte no contempla un Sistema d&#8217;Alerta Primerenca a la poblaci\u00f3 ni la construcci\u00f3 de les preses necess\u00e0ries. El pla es limita a intervencions puntuals de reparaci\u00f3 <a class=\"mh-excerpt-more\" href=\"https:\/\/tucomarca.whitekongsoftware.com\/ca\/el-consell-denuncia-que-el-pla-contra-inundacions-del-govern-central-ignora-les-mesures-i-actuacions-clau-per-a-la-seguretat-ciutadana\/\" title=\"El Consell denuncia que el Pla contra Inundacions del Govern central ignora les mesures i actuacions clau per a la seguretat ciutadana\">[+] <\/a><\/div>\n","protected":false},"author":13,"featured_media":273258,"comment_status":"open","ping_status":"open","sticky":false,"template":"","format":"standard","meta":{"footnotes":""},"categories":[10905,21466,10898,10948,10894,10904,10903,10947,10896,10897],"tags":[11309,15409,11199,12166],"class_list":["post-273260","post","type-post","status-publish","format-standard","has-post-thumbnail","category-agricultura-la-comarca-ca","category-dana-ca","category-ventana-ca","category-infraestructuras-ca","category-la-comarca-ca","category-sin-categorizar-ca","category-medio-ambiente-la-comarca-ca","category-politica","category-seccion-ca","category-sucesos-la-comarca-ca","tag-agricultura-ca","tag-dana-2-ca","tag-la-comunitat-ca","tag-medio-ambiente-ca"],"_links":{"self":[{"href":"https:\/\/tucomarca.whitekongsoftware.com\/ca\/wp-json\/wp\/v2\/posts\/273260","targetHints":{"allow":["GET"]}}],"collection":[{"href":"https:\/\/tucomarca.whitekongsoftware.com\/ca\/wp-json\/wp\/v2\/posts"}],"about":[{"href":"https:\/\/tucomarca.whitekongsoftware.com\/ca\/wp-json\/wp\/v2\/types\/post"}],"author":[{"embeddable":true,"href":"https:\/\/tucomarca.whitekongsoftware.com\/ca\/wp-json\/wp\/v2\/users\/13"}],"replies":[{"embeddable":true,"href":"https:\/\/tucomarca.whitekongsoftware.com\/ca\/wp-json\/wp\/v2\/comments?post=273260"}],"version-history":[{"count":0,"href":"https:\/\/tucomarca.whitekongsoftware.com\/ca\/wp-json\/wp\/v2\/posts\/273260\/revisions"}],"wp:featuredmedia":[{"embeddable":true,"href":"https:\/\/tucomarca.whitekongsoftware.com\/ca\/wp-json\/wp\/v2\/media\/273258"}],"wp:attachment":[{"href":"https:\/\/tucomarca.whitekongsoftware.com\/ca\/wp-json\/wp\/v2\/media?parent=273260"}],"wp:term":[{"taxonomy":"category","embeddable":true,"href":"https:\/\/tucomarca.whitekongsoftware.com\/ca\/wp-json\/wp\/v2\/categories?post=273260"},{"taxonomy":"post_tag","embeddable":true,"href":"https:\/\/tucomarca.whitekongsoftware.com\/ca\/wp-json\/wp\/v2\/tags?post=273260"}],"curies":[{"name":"wp","href":"https:\/\/api.w.org\/{rel}","templated":true}]}}