{"id":273108,"date":"2025-07-22T10:55:00","date_gmt":"2025-07-22T08:55:00","guid":{"rendered":"https:\/\/www.tucomarca.com\/wordpress\/segunda\/?p=273108"},"modified":"2025-07-22T18:31:12","modified_gmt":"2025-07-22T16:31:12","slug":"natalia-enguix-la-diputacio-ha-fet-el-que-havia-de-fer-escoltar-les-victimes-de-la-dana-per-transformar-la-seua-veu-en-decisions-reals","status":"publish","type":"post","link":"https:\/\/tucomarca.whitekongsoftware.com\/ca\/natalia-enguix-la-diputacio-ha-fet-el-que-havia-de-fer-escoltar-les-victimes-de-la-dana-per-transformar-la-seua-veu-en-decisions-reals\/","title":{"rendered":"Natalia Enguix: \u201cLa Diputaci\u00f3 ha fet el que havia de fer: escoltar les v\u00edctimes de la DANA per transformar la seua veu en decisions reals\u201d"},"content":{"rendered":"\n<h3 class=\"wp-block-heading\">La vicepresidenta Nat\u00e0lia Enguix es va comprometre a Brussel\u00b7les a les associacions de v\u00edctimes que serien escoltades en la comissi\u00f3 de la Diputaci\u00f3.<\/h3>\n\n\n\n<h3 class=\"wp-block-heading\">Una de les representatives de l\u2019associaci\u00f3 de v\u00edctimes mortals Dana 29 d\u2019octubre de Catarroja dona les gr\u00e0cies al grup pol\u00edtic Ens Uneix \u201cper aquesta iniciativa\u201d.<\/h3>\n\n\n\n<p class=\"wp-block-paragraph\">La Diputaci\u00f3 de Val\u00e8ncia ha celebrat aquest dimarts una sessi\u00f3 hist\u00f2rica en el marc de la comissi\u00f3 d\u2019estudi sobre la DANA. Per primera vegada, les v\u00edctimes del temporal del 29 d\u2019octubre de 2023 han intervingut directament en seu institucional, en una jornada monogr\u00e0fica dedicada a escoltar els seus testimonis i aportacions. Una sessi\u00f3 marcada per l\u2019emoci\u00f3, el respecte i la voluntat d\u2019aprendre del que ha passat per a millorar la resposta p\u00fablica davant futures emerg\u00e8ncies.<\/p>\n\n\n\n<p class=\"wp-block-paragraph\">Durant la comissi\u00f3 s\u2019han escoltat de forma directa els testimonis de qui van viure la cat\u00e0strofe en primera persona, amb intervencions clares, serenes i profundament humanes. Les associacions presents han denunciat mancances en els sistemes d\u2019alerta, descoordinaci\u00f3 institucional, retirada prematura de mitjans i falta d\u2019atenci\u00f3 psicol\u00f2gica despr\u00e9s del desastre. Aix\u00ed mateix, tamb\u00e9 han compartit propostes per a evitar que una cosa aix\u00ed es torne a repetir.<\/p>\n\n\n\n<p class=\"wp-block-paragraph\">Durant la comissi\u00f3, una de les representatives de l\u2019Associaci\u00f3 de V\u00edctimes Mortals Dana 29 d\u2019octubre de Catarroja, Rosa Alv\u00e1rez, ha agra\u00eft al grup pol\u00edtic Ens Uneix \u2014al qual pertany la vicepresidenta Nat\u00e0lia Enguix\u2014 la iniciativa perqu\u00e8 les v\u00edctimes pogueren participar en la comissi\u00f3. L\u2019associaci\u00f3 va recordar que aquest vincle va comen\u00e7ar en el viatge en avi\u00f3 a Brussel\u00b7les, on es va gestar l\u2019oportunitat de donar veu a les v\u00edctimes en les institucions.<\/p>\n\n\n\n<p class=\"wp-block-paragraph\">En aquest sentit, Enguix, que ha pres la paraula despr\u00e9s d\u2019haver escoltat tots els testimonis de les associacions i ajuntaments, ha destacat durant la seua intervenci\u00f3 la import\u00e0ncia d\u2019haver fet realitat aquella promesa: \u201cHo vam dir a Brussel\u00b7les, i hui ha ocorregut. Les v\u00edctimes han sigut escoltades ac\u00ed, a casa seua. Aix\u00f2 no \u00e9s un gest: \u00e9s una forma d\u2019entendre la pol\u00edtica\u201d. Per a la vicepresidenta, escoltar les associacions era imprescindible perqu\u00e8 la comissi\u00f3 tinguera sentit perqu\u00e8 \u201ccap informe t\u00e8cnic ni an\u00e0lisi institucional pot estar complet sense la veu de qui ha patit la DANA\u201d.<\/p>\n\n\n\n<p class=\"wp-block-paragraph\">Per aquest motiu, tamb\u00e9 ha defensat que \u201cla Diputaci\u00f3 ha fet el que havia de fer: obrir les portes, escoltar a qui m\u00e9s t\u00e9 a dir, allunyada del partidisme i per a transformar la seua veu en decisions reals\u201d. I ha afegit que \u201cescoltar-vos \u00e9s recon\u00e9ixer el vostre patiment, per\u00f2 tamb\u00e9 \u00e9s aprendre de vosaltres. Vosaltres teniu la clau per a detectar el que va fallar. Ara ens toca actuar en conseq\u00fc\u00e8ncia\u201d, remarcava.<\/p>\n\n\n\n<p class=\"wp-block-paragraph\">Durant la sessi\u00f3, diversos ajuntaments han coincidit a assenyalar que la reconstrucci\u00f3 no ha de limitar-se a les infraestructures, sin\u00f3 que ha d\u2019atendre tamb\u00e9 la dimensi\u00f3 emocional i humana. \u201cEl dolor no desapareix amb obres. Tamb\u00e9 cal reconstruir la vida, la dignitat i la confian\u00e7a de les persones\u201d, ha assenyalat Enguix, en l\u00ednia amb el que han expressat els representants municipals.<\/p>\n\n\n\n<p class=\"wp-block-paragraph\">La vicepresidenta ha agra\u00eft a m\u00e9s la feina conjunta de tots els grups pol\u00edtics de la corporaci\u00f3, que van aprovar per unanimitat la participaci\u00f3 de les v\u00edctimes en la comissi\u00f3. \u201cQuan deixem de costat els interessos partidistes i posem les persones en el centre, som capa\u00e7os de donar respostes valentes i \u00fatils. Hui la Diputaci\u00f3 s\u2019ha engrandit, perqu\u00e8 ha estat a l\u2019al\u00e7ada del moment que viv\u00edem\u201d, ha subratllat. En aquest sentit, Enguix ha reivindicat la utilitat real d\u2019aquest espai d\u2019escolta, i ha demanat que tot el recollit en aquesta sessi\u00f3 forme part del treball final de la comissi\u00f3 i de les decisions pol\u00edtiques futures.<\/p>\n\n\n\n<p class=\"wp-block-paragraph\">En la seua intervenci\u00f3, la vicepresidenta ha insistit en la necessitat d\u2019una resposta coordinada entre administracions davant emerg\u00e8ncies d\u2019aquesta magnitud, com tamb\u00e9 ha plantejat el representant de l\u2019associaci\u00f3 de ve\u00efns de Benet\u00fasser, perqu\u00e8 \u201ccap ajuntament pot fer front sol a una cat\u00e0strofe com la DANA. Cal actuar junts: Diputaci\u00f3, Generalitat, Govern d\u2019Espanya, ajuntaments, cossos d\u2019emerg\u00e8ncia i ciutadania. Nom\u00e9s des d\u2019aquesta unitat podem garantir una resposta efica\u00e7 i humana\u201d, remarcava la vicepresidenta.<\/p>\n\n\n\n<p class=\"wp-block-paragraph\">Finalment, Enguix ha fet un rep\u00e0s de les actuacions impulsades des de la instituci\u00f3 despr\u00e9s de la cat\u00e0strofe, en la seua qualitat de presidenta d\u2019Egevasa. Ha explicat que, encara que nom\u00e9s vuit municipis afectats tenien la gesti\u00f3 de l\u2019aigua amb aquesta empresa p\u00fablica, \u201cdes del primer moment vam entendre que hav\u00edem d\u2019estar al costat de tots\u201d. Aix\u00ed, es va distribuir aigua potable embotellada i en cubs a m\u00e9s de 100 municipis, es van reparar amb urg\u00e8ncia estacions de bombeig, xarxes d\u2019abastiment i 75 depuradores, de les quals nom\u00e9s resten per completar les tres m\u00e9s afectades: Sot de Chera, Gestalgar i Godelleta.<\/p>\n\n\n\n<p class=\"wp-block-paragraph\">Finalment, Enguix ha indicat que \u201cel 29 d\u2019octubre vam viure una trag\u00e8dia sense precedents. Des de llavors, hem intentat estar al costat dels municipis i de les persones afectades. Per\u00f2 hui hem fet un pas m\u00e9s. Hui hem escoltat a qui m\u00e9s ho necessitava, amb veritat, respecte i amb voluntat de transformar el dolor en acci\u00f3, mem\u00f2ria i reparaci\u00f3\u201d, ha concl\u00f2s.<\/p>\n\n\n\n<p class=\"wp-block-paragraph\"><\/p>\n","protected":false},"excerpt":{"rendered":"<div class=\"mh-excerpt\">La vicepresidenta Nat\u00e0lia Enguix es va comprometre a Brussel\u00b7les a les associacions de v\u00edctimes que serien escoltades en la comissi\u00f3 de la Diputaci\u00f3. Una de les representatives de l\u2019associaci\u00f3 de v\u00edctimes mortals Dana 29 d\u2019octubre <a class=\"mh-excerpt-more\" href=\"https:\/\/tucomarca.whitekongsoftware.com\/ca\/natalia-enguix-la-diputacio-ha-fet-el-que-havia-de-fer-escoltar-les-victimes-de-la-dana-per-transformar-la-seua-veu-en-decisions-reals\/\" title=\"Natalia Enguix: \u201cLa Diputaci\u00f3 ha fet el que havia de fer: escoltar les v\u00edctimes de la DANA per transformar la seua veu en decisions reals\u201d\">[+] <\/a><\/div>\n","protected":false},"author":12,"featured_media":273107,"comment_status":"open","ping_status":"open","sticky":false,"template":"","format":"standard","meta":{"footnotes":""},"categories":[21466,11046,10898,11034,10977,10948,10894,10904,10912,10903,10947,10896,11026,10897],"tags":[15409,11246,20186,20404,22385],"class_list":["post-273108","post","type-post","status-publish","format-standard","has-post-thumbnail","category-dana-ca","category-los-serranos-ca","category-ventana-ca","category-gestalgar-ca","category-godelleta-ca","category-infraestructuras-ca","category-la-comarca-ca","category-sin-categorizar-ca","category-la-hoya-ca","category-medio-ambiente-la-comarca-ca","category-politica","category-seccion-ca","category-sot-de-chera-ca","category-sucesos-la-comarca-ca","tag-dana-2-ca","tag-diputacio-de-valencia-ca","tag-ens-uneix-ca","tag-natalia-enguix-2-ca","tag-victimas-de-la-dana-ca"],"_links":{"self":[{"href":"https:\/\/tucomarca.whitekongsoftware.com\/ca\/wp-json\/wp\/v2\/posts\/273108","targetHints":{"allow":["GET"]}}],"collection":[{"href":"https:\/\/tucomarca.whitekongsoftware.com\/ca\/wp-json\/wp\/v2\/posts"}],"about":[{"href":"https:\/\/tucomarca.whitekongsoftware.com\/ca\/wp-json\/wp\/v2\/types\/post"}],"author":[{"embeddable":true,"href":"https:\/\/tucomarca.whitekongsoftware.com\/ca\/wp-json\/wp\/v2\/users\/12"}],"replies":[{"embeddable":true,"href":"https:\/\/tucomarca.whitekongsoftware.com\/ca\/wp-json\/wp\/v2\/comments?post=273108"}],"version-history":[{"count":0,"href":"https:\/\/tucomarca.whitekongsoftware.com\/ca\/wp-json\/wp\/v2\/posts\/273108\/revisions"}],"wp:featuredmedia":[{"embeddable":true,"href":"https:\/\/tucomarca.whitekongsoftware.com\/ca\/wp-json\/wp\/v2\/media\/273107"}],"wp:attachment":[{"href":"https:\/\/tucomarca.whitekongsoftware.com\/ca\/wp-json\/wp\/v2\/media?parent=273108"}],"wp:term":[{"taxonomy":"category","embeddable":true,"href":"https:\/\/tucomarca.whitekongsoftware.com\/ca\/wp-json\/wp\/v2\/categories?post=273108"},{"taxonomy":"post_tag","embeddable":true,"href":"https:\/\/tucomarca.whitekongsoftware.com\/ca\/wp-json\/wp\/v2\/tags?post=273108"}],"curies":[{"name":"wp","href":"https:\/\/api.w.org\/{rel}","templated":true}]}}