{"id":273031,"date":"2025-07-21T10:45:00","date_gmt":"2025-07-21T08:45:00","guid":{"rendered":"https:\/\/www.tucomarca.com\/wordpress\/segunda\/rescatan-en-helicoptero-en-bicorp-a-un-hombre-de-25-anos-lesionado-tras-saltar-al-rio-fraile\/"},"modified":"2025-07-21T21:36:40","modified_gmt":"2025-07-21T19:36:40","slug":"rescatan-en-helicoptero-en-bicorp-a-un-hombre-de-25-anos-lesionado-tras-saltar-al-rio-fraile","status":"publish","type":"post","link":"https:\/\/tucomarca.whitekongsoftware.com\/ca\/rescatan-en-helicoptero-en-bicorp-a-un-hombre-de-25-anos-lesionado-tras-saltar-al-rio-fraile\/","title":{"rendered":"Rescaten en helic\u00f3pter\u00f3 a Bicorb a un home de 25 anys lesionat despr\u00e9s de saltar al riu Frare"},"content":{"rendered":"\n<p class=\"wp-block-paragraph\">Efectius del Consorci Provincial de Bombers de Val\u00e8ncia han rescatat un home d&#8217;uns 25 anys d&#8217;edat que ha resultat lesionat en saltar al gorg del riu Frare a Bicorb.&nbsp;<\/p>\n\n\n\n<p class=\"wp-block-paragraph\">S&#8217;ha mobilitzat, via terrestre, a un coordinador forestal; i via a\u00e8ria a rescatadors del grup GERA amb l&#8217;helic\u00f2pter V-990 del Consorci, dotat amb un metge, qui ha valorat l&#8217;home per possible lesi\u00f3 en el turmell. Li ho ha extret via a\u00e8ria amb f\u00e8rula de buit i s&#8217;ha evacuat fins a la helisuperf\u00edcie d&#8217;Alzira on s&#8217;ha transferit a medis sanitaris de GVA.<\/p>\n\n\n\n<figure class=\"wp-block-image size-large\"><img loading=\"lazy\" decoding=\"async\" width=\"768\" height=\"1024\" src=\"http:\/\/www.tucomarca.com\/wordpress\/segunda\/wp-content\/uploads\/2025\/07\/BicorpRescate2-768x1024.jpg\" alt=\"\" class=\"wp-image-273023\" srcset=\"https:\/\/tucomarca.whitekongsoftware.com\/wp-content\/uploads\/2025\/07\/BicorpRescate2-768x1024.jpg 768w, https:\/\/tucomarca.whitekongsoftware.com\/wp-content\/uploads\/2025\/07\/BicorpRescate2-225x300.jpg 225w, https:\/\/tucomarca.whitekongsoftware.com\/wp-content\/uploads\/2025\/07\/BicorpRescate2-1152x1536.jpg 1152w, https:\/\/tucomarca.whitekongsoftware.com\/wp-content\/uploads\/2025\/07\/BicorpRescate2.jpg 1440w\" sizes=\"auto, (max-width: 768px) 100vw, 768px\" \/><\/figure>\n","protected":false},"excerpt":{"rendered":"<div class=\"mh-excerpt\">Efectius del Consorci Provincial de Bombers de Val\u00e8ncia han rescatat un home d&#8217;uns 25 anys d&#8217;edat que ha resultat lesionat en saltar al gorg del riu Frare a Bicorb.&nbsp; S&#8217;ha mobilitzat, via terrestre, a un <a class=\"mh-excerpt-more\" href=\"https:\/\/tucomarca.whitekongsoftware.com\/ca\/rescatan-en-helicoptero-en-bicorp-a-un-hombre-de-25-anos-lesionado-tras-saltar-al-rio-fraile\/\" title=\"Rescaten en helic\u00f3pter\u00f3 a Bicorb a un home de 25 anys lesionat despr\u00e9s de saltar al riu Frare\">[+] <\/a><\/div>\n","protected":false},"author":1,"featured_media":273026,"comment_status":"open","ping_status":"open","sticky":false,"template":"","format":"image","meta":{"footnotes":""},"categories":[10965,10898,10963,10894,10904,10903,10896,10897],"tags":[13893,11094,13578],"class_list":["post-273031","post","type-post","status-publish","format-image","has-post-thumbnail","category-bicorp-ca","category-ventana-ca","category-la-canal-de-navarres-ca","category-la-comarca-ca","category-sin-categorizar-ca","category-medio-ambiente-la-comarca-ca","category-seccion-ca","category-sucesos-la-comarca-ca","tag-bicorp-ca","tag-la-canal-de-navarres","tag-rescate-ca","post_format-post-format-image"],"_links":{"self":[{"href":"https:\/\/tucomarca.whitekongsoftware.com\/ca\/wp-json\/wp\/v2\/posts\/273031","targetHints":{"allow":["GET"]}}],"collection":[{"href":"https:\/\/tucomarca.whitekongsoftware.com\/ca\/wp-json\/wp\/v2\/posts"}],"about":[{"href":"https:\/\/tucomarca.whitekongsoftware.com\/ca\/wp-json\/wp\/v2\/types\/post"}],"author":[{"embeddable":true,"href":"https:\/\/tucomarca.whitekongsoftware.com\/ca\/wp-json\/wp\/v2\/users\/1"}],"replies":[{"embeddable":true,"href":"https:\/\/tucomarca.whitekongsoftware.com\/ca\/wp-json\/wp\/v2\/comments?post=273031"}],"version-history":[{"count":0,"href":"https:\/\/tucomarca.whitekongsoftware.com\/ca\/wp-json\/wp\/v2\/posts\/273031\/revisions"}],"wp:featuredmedia":[{"embeddable":true,"href":"https:\/\/tucomarca.whitekongsoftware.com\/ca\/wp-json\/wp\/v2\/media\/273026"}],"wp:attachment":[{"href":"https:\/\/tucomarca.whitekongsoftware.com\/ca\/wp-json\/wp\/v2\/media?parent=273031"}],"wp:term":[{"taxonomy":"category","embeddable":true,"href":"https:\/\/tucomarca.whitekongsoftware.com\/ca\/wp-json\/wp\/v2\/categories?post=273031"},{"taxonomy":"post_tag","embeddable":true,"href":"https:\/\/tucomarca.whitekongsoftware.com\/ca\/wp-json\/wp\/v2\/tags?post=273031"}],"curies":[{"name":"wp","href":"https:\/\/api.w.org\/{rel}","templated":true}]}}