{"id":272854,"date":"2025-07-18T10:30:00","date_gmt":"2025-07-18T08:30:00","guid":{"rendered":"https:\/\/www.tucomarca.com\/wordpress\/segunda\/?p=272854"},"modified":"2025-07-18T20:08:43","modified_gmt":"2025-07-18T18:08:43","slug":"ava-asaja-alerta-que-els-atacs-de-voltors-al-bestiar-sestenen-de-castello-als-serrans","status":"publish","type":"post","link":"https:\/\/tucomarca.whitekongsoftware.com\/ca\/ava-asaja-alerta-que-els-atacs-de-voltors-al-bestiar-sestenen-de-castello-als-serrans\/","title":{"rendered":"AVA-Asaja alerta que els atacs de voltors al bestiar s&#8217;estenen de Castell\u00f3 als Serrans"},"content":{"rendered":"\n<p class=\"wp-block-paragraph\">L&#8217;Associaci\u00f3 Valenciana d&#8217;Agricultors (AVA-Asaja) dona la veu d&#8217;alarma pels continuats atacs de voltors al bestiar, concretament a ovelles i cabres, en diverses explotacions situades a la comarca valenciana dels Serrans, on no s&#8217;havien produ\u00eft atacs freq\u00fcents fins a la data.<\/p>\n\n\n\n<p class=\"wp-block-paragraph\">Els esbarts de voltors -que poden arribar a agrupar un centenar- venien provocant des de fa anys morts d&#8217;animals vius, sobretot en bestiar bov\u00ed, a l&#8217;interior de Castell\u00f3, per\u00f2 AVA-Asaja constata que aquestes aus estan estenent les seues agressions a altres comarques, entrant de ple en la part nord-oest de la prov\u00edncia de Val\u00e8ncia.<\/p>\n\n\n\n<p class=\"wp-block-paragraph\">El ramader associat de AVA-Asaja, \u00d3scar Morales, ha patit des de juny diversos atacs de voltors que han causat la mort d&#8217;una trentena de cabrits en les seues explotacions en extensiu en els termes d&#8217;Alpont, Aras de los Olmos i Toixa. A m\u00e9s dels danys directes per la p\u00e8rdua dels animals, Morals adverteix de perjudicis a major termini degut a l&#8217;estr\u00e9s del bestiar que fins i tot podria causar avortaments i trastorns.<\/p>\n\n\n\n<p class=\"wp-block-paragraph\">\u201cEls ramaders valencians ten\u00edem sospites que els voltors estaven atacant als nostres animals i ara tenim la certesa. Molts dies quan arribe a la granja veig als voltors volant al voltant del pati, aguaitant a les cabres m\u00e9s vulnerables. En q\u00fcesti\u00f3 de pocs minuts s\u00f3n capa\u00e7os de devorar un cabrit, d&#8217;uns 20-30 dies de vida, deixant \u00fanicament la pell, que \u00e9s el que em trobe\u201d, lamenta Morals. Un t\u00e8cnic de la Conselleria de Medi Ambient va acudir a l&#8217;explotaci\u00f3 i va certificar que es tracta d&#8217;atacs de voltors.<\/p>\n\n\n\n<figure class=\"wp-block-image size-large\"><img loading=\"lazy\" decoding=\"async\" width=\"1024\" height=\"768\" src=\"http:\/\/www.tucomarca.com\/wordpress\/segunda\/wp-content\/uploads\/2025\/07\/ava_buitres_1-1024x768.jpg\" alt=\"\" class=\"wp-image-272851\" srcset=\"https:\/\/tucomarca.whitekongsoftware.com\/wp-content\/uploads\/2025\/07\/ava_buitres_1-1024x768.jpg 1024w, https:\/\/tucomarca.whitekongsoftware.com\/wp-content\/uploads\/2025\/07\/ava_buitres_1-300x225.jpg 300w, https:\/\/tucomarca.whitekongsoftware.com\/wp-content\/uploads\/2025\/07\/ava_buitres_1-768x576.jpg 768w, https:\/\/tucomarca.whitekongsoftware.com\/wp-content\/uploads\/2025\/07\/ava_buitres_1-1536x1152.jpg 1536w, https:\/\/tucomarca.whitekongsoftware.com\/wp-content\/uploads\/2025\/07\/ava_buitres_1-678x509.jpg 678w, https:\/\/tucomarca.whitekongsoftware.com\/wp-content\/uploads\/2025\/07\/ava_buitres_1-326x245.jpg 326w, https:\/\/tucomarca.whitekongsoftware.com\/wp-content\/uploads\/2025\/07\/ava_buitres_1-80x60.jpg 80w, https:\/\/tucomarca.whitekongsoftware.com\/wp-content\/uploads\/2025\/07\/ava_buitres_1.jpg 1600w\" sizes=\"auto, (max-width: 1024px) 100vw, 1024px\" \/><\/figure>\n\n\n\n<p class=\"wp-block-paragraph\">El responsable de la sectorial d&#8217;ov\u00ed-capr\u00ed de AVA-Asaja, Antonio Miguel \u00c1lvaro, tamb\u00e9 ha perdut aquests dies dues ovelles adultes a causa d&#8217;aquestes aus carronyeres: \u201cEn arribar a l&#8217;explotaci\u00f3, en nom dels Olmos, vaig descobrir els cad\u00e0vers. Es poden observar grups de fins a cent voltors que, a causa de la falta de menjar en la muntanya, busquen animals vius per a alimentar-se. Un altre problema \u00e9s que acudeixen als abeuradors del bestiar, de manera que embruten i contaminen les aig\u00fces, provocant que el ramat no puga beure ni menjar i haja d&#8217;anar a un altre abeurador, un despla\u00e7ament que amb aquestes altes temperatures els afecta molt. Ara he de tramitar les ajudes compensat\u00f2ries, per\u00f2 a m\u00e9s de comptar amb una quantia insuficient, nom\u00e9s fa que augmentar la c\u00e0rrega burocr\u00e0tica de la meua explotaci\u00f3\u201d.<\/p>\n\n\n\n<p class=\"wp-block-paragraph\">AVA-Asaja sol\u00b7licita a les administracions mesurades per a previndre els atacs de voltors al bestiar i, en cas de sinistres, proporcionar indemnitzacions que compensen els danys reals en les explotacions. L&#8217;associaci\u00f3 reclama, en primer lloc, un cens actualitzat de la poblaci\u00f3 de voltors en la Comunitat Valenciana i a les regions confrontants des d&#8217;on pot procedir, a fi de determinar si existeix un exc\u00e9s d&#8217;animals i garantir la seguretat de les explotacions ramaderes, prenent les mesures de protecci\u00f3, dissuasi\u00f3 o aquelles que els experts consideren necess\u00e0ries.<\/p>\n\n\n\n<p class=\"wp-block-paragraph\">Aix\u00ed mateix, AVA-Asaja demana mesures preventives en els abeuradors i basses de les explotacions ramaderes per a evitar que els voltors contaminen les aig\u00fces que requereix el bestiar en el seu dia a dia, aix\u00ed com millores en la gesti\u00f3 dels muladares on les aus carronyeres puguen trobar suficient aliment amb les m\u00e0ximes garanties sanit\u00e0ries i, d&#8217;eixa forma, no hagen de buscar m\u00e9s menjar en les granges.<\/p>\n","protected":false},"excerpt":{"rendered":"<div class=\"mh-excerpt\">L&#8217;Associaci\u00f3 Valenciana d&#8217;Agricultors (AVA-Asaja) dona la veu d&#8217;alarma pels continuats atacs de voltors al bestiar, concretament a ovelles i cabres, en diverses explotacions situades a la comarca valenciana dels Serrans, on no s&#8217;havien produ\u00eft atacs <a class=\"mh-excerpt-more\" href=\"https:\/\/tucomarca.whitekongsoftware.com\/ca\/ava-asaja-alerta-que-els-atacs-de-voltors-al-bestiar-sestenen-de-castello-als-serrans\/\" title=\"AVA-Asaja alerta que els atacs de voltors al bestiar s&#8217;estenen de Castell\u00f3 als Serrans\">[+] <\/a><\/div>\n","protected":false},"author":12,"featured_media":272850,"comment_status":"open","ping_status":"open","sticky":false,"template":"","format":"standard","meta":{"footnotes":""},"categories":[10905,11044,11042,11046,10898,10948,10894,10904,10903,10896,10897,11028],"tags":[11924,22820,11080],"class_list":["post-272854","post","type-post","status-publish","format-standard","has-post-thumbnail","category-agricultura-la-comarca-ca","category-alpuente-ca","category-aras-de-olmos-ca","category-los-serranos-ca","category-ventana-ca","category-infraestructuras-ca","category-la-comarca-ca","category-sin-categorizar-ca","category-medio-ambiente-la-comarca-ca","category-seccion-ca","category-sucesos-la-comarca-ca","category-tuejar-ca","tag-ava-asaja-ca","tag-buitres-ca","tag-los-serranos-ca"],"_links":{"self":[{"href":"https:\/\/tucomarca.whitekongsoftware.com\/ca\/wp-json\/wp\/v2\/posts\/272854","targetHints":{"allow":["GET"]}}],"collection":[{"href":"https:\/\/tucomarca.whitekongsoftware.com\/ca\/wp-json\/wp\/v2\/posts"}],"about":[{"href":"https:\/\/tucomarca.whitekongsoftware.com\/ca\/wp-json\/wp\/v2\/types\/post"}],"author":[{"embeddable":true,"href":"https:\/\/tucomarca.whitekongsoftware.com\/ca\/wp-json\/wp\/v2\/users\/12"}],"replies":[{"embeddable":true,"href":"https:\/\/tucomarca.whitekongsoftware.com\/ca\/wp-json\/wp\/v2\/comments?post=272854"}],"version-history":[{"count":0,"href":"https:\/\/tucomarca.whitekongsoftware.com\/ca\/wp-json\/wp\/v2\/posts\/272854\/revisions"}],"wp:featuredmedia":[{"embeddable":true,"href":"https:\/\/tucomarca.whitekongsoftware.com\/ca\/wp-json\/wp\/v2\/media\/272850"}],"wp:attachment":[{"href":"https:\/\/tucomarca.whitekongsoftware.com\/ca\/wp-json\/wp\/v2\/media?parent=272854"}],"wp:term":[{"taxonomy":"category","embeddable":true,"href":"https:\/\/tucomarca.whitekongsoftware.com\/ca\/wp-json\/wp\/v2\/categories?post=272854"},{"taxonomy":"post_tag","embeddable":true,"href":"https:\/\/tucomarca.whitekongsoftware.com\/ca\/wp-json\/wp\/v2\/tags?post=272854"}],"curies":[{"name":"wp","href":"https:\/\/api.w.org\/{rel}","templated":true}]}}