{"id":272815,"date":"2025-07-18T09:00:00","date_gmt":"2025-07-18T07:00:00","guid":{"rendered":"https:\/\/www.tucomarca.com\/wordpress\/segunda\/?p=272815"},"modified":"2025-07-18T18:56:18","modified_gmt":"2025-07-18T16:56:18","slug":"la-universitat-de-valencia-i-lajuntament-daras-de-los-olmos-celebren-la-fira-del-losillasaurus-dema-dissabte-de-mati","status":"publish","type":"post","link":"https:\/\/tucomarca.whitekongsoftware.com\/ca\/la-universitat-de-valencia-i-lajuntament-daras-de-los-olmos-celebren-la-fira-del-losillasaurus-dema-dissabte-de-mati\/","title":{"rendered":"La Universitat de Val\u00e8ncia i l&#8217;Ajuntament d&#8217;Aras de los Olmos celebren la Fira del Losillasaurus dem\u00e0 dissabte de mat\u00ed"},"content":{"rendered":"<div class=\"wp-block-image\">\n<figure class=\"alignleft size-full is-resized\"><img loading=\"lazy\" decoding=\"async\" width=\"1080\" height=\"1350\" src=\"http:\/\/www.tucomarca.com\/wordpress\/segunda\/wp-content\/uploads\/2025\/07\/Losillasaurus_ArasdelosOlmos1.jpg\" alt=\"\" class=\"wp-image-272808\" style=\"width:401px;height:auto\" srcset=\"https:\/\/tucomarca.whitekongsoftware.com\/wp-content\/uploads\/2025\/07\/Losillasaurus_ArasdelosOlmos1.jpg 1080w, https:\/\/tucomarca.whitekongsoftware.com\/wp-content\/uploads\/2025\/07\/Losillasaurus_ArasdelosOlmos1-240x300.jpg 240w, https:\/\/tucomarca.whitekongsoftware.com\/wp-content\/uploads\/2025\/07\/Losillasaurus_ArasdelosOlmos1-819x1024.jpg 819w, https:\/\/tucomarca.whitekongsoftware.com\/wp-content\/uploads\/2025\/07\/Losillasaurus_ArasdelosOlmos1-768x960.jpg 768w\" sizes=\"auto, (max-width: 1080px) 100vw, 1080px\" \/><\/figure>\n<\/div>\n\n\n<p class=\"wp-block-paragraph\">Dissabte, 19 de juliol, Aras de los Olmos acollir\u00e0 la primera edici\u00f3 de la\u00a0Fira del Losillasaurus: Paleontologia, Evoluci\u00f3 i Biodiversitat, una jornada repleta d&#8217;activitats educatives i divulgatives dirigida a tots els p\u00fablics. L&#8217;esdeveniment est\u00e0 organitzat per la Universitat de Val\u00e8ncia a trav\u00e9s de la seua Museu d\u2019Hist\u00f2ria Natural i la Unitat de Cultura Cient\u00edfica i l&#8217;Ajuntament d&#8217;Aras de los Olmos, amb la col\u00b7laboraci\u00f3 del Centre Big History i el cofinan\u00e7ament de la\u00a0Fundaci\u00f3 Espanyola per a la Ci\u00e8ncia i la Tecnologia (FECYT)\u00a0i el\u00a0Ministeri de Ci\u00e8ncia, Innovaci\u00f3 i Universitats, en el marc del projecte \u201cDivulgaci\u00f3 cient\u00edfica en i des del m\u00f3n rural: les rutes de la biodiversitat en nom dels Olmos\u201d, dirigit pel professor Joaqu\u00edn Mart\u00edn Cubas.<br>La fira t\u00e9 com a figura central al Losillasaurus\u00a0 giganteus, un dinosaure saur\u00f2pode descobert en 1991 en el llogaret de Losilla, convertit hui en icona del patrimoni paleontol\u00f2gic local. L&#8217;esdeveniment ser\u00e0 coordinat per\u00a0Anna Garcia Forner, directora del Museu d\u2019Hist\u00f2ria Natural de la Universitat de Val\u00e8ncia, i naix amb vocaci\u00f3 de convertir-se en una\u00a0celebraci\u00f3 anual\u00a0que combine ci\u00e8ncia, educaci\u00f3 i oci.<br>A m\u00e9s de compartir coneixement cient\u00edfic,\u00a0explicar l&#8217;evoluci\u00f3 i la import\u00e0ncia dels f\u00f2ssils permet fomentar el respecte i la protecci\u00f3 del llegat paleontol\u00f2gic. Quan comprenem que els \u00e9ssers vius actuals s\u00f3n el resultat de milions d&#8217;anys de canvis i adaptacions,\u00a0valorem m\u00e9s el nostre paper en eixe proc\u00e9s\u00a0i aquest reconeixement pot inspirar a adoptar una actitud m\u00e9s responsable enfront de la\u00a0conservaci\u00f3 del medi ambient i la biodiversitat actual.<br>La fira busca promoure l&#8217;inter\u00e9s per la paleontologia com a recurs pedag\u00f2gic i de divulgaci\u00f3, fomentar el pensament cr\u00edtic i reflexiu sobre l&#8217;evoluci\u00f3 i la biodiversitat, i generar un espai de trobada i intercanvi d&#8217;experi\u00e8ncies.<\/p>\n\n\n\n<p class=\"wp-block-paragraph\"><strong>Entre les\u00a0activitats programades\u00a0es troben:<\/strong><\/p>\n\n\n\n<ul class=\"wp-block-list\">\n<li>Tallers paleontol\u00f2gics: Taller de Petjades, Taller de Joies, Taller de M\u00f2mies, Taller de F\u00f2ssils Sabonosos i Taller de Samarretes i Borses personalitzades.<\/li>\n\n\n\n<li>Activitats l\u00fadiques i educatives\u00a0per a xiquets i fam\u00edlies: simulacions d&#8217;excavacions, puzles paleontol\u00f2gics, el joc del Arosauros i altres propostes interactives amb dinosaures.<\/li>\n\n\n\n<li>Exposici\u00f3 temporal de f\u00f2ssils\u00a0procedents d&#8217;institucions acad\u00e8miques i col\u00b7leccions locals.<\/li>\n\n\n\n<li>Projeccions de cinema immersiu\u00a0en el Planetari del Centre Big History sobre la vida i extinci\u00f3 dels dinosaures.<\/li>\n\n\n\n<li>Ruta paleontol\u00f2gica guiada\u00a0des del llogaret de Losilla fins al jaciment on es va trobar el Losillasaurus, amb una r\u00e8plica a grand\u00e0ria real situada en el Centre Big History.<\/li>\n<\/ul>\n\n\n\n<p class=\"wp-block-paragraph\">El desenvolupament d&#8217;aquesta mena d&#8217;activitats, posa una vegada m\u00e9s, a Aras de los Olmos, com a referent d&#8217;investigaci\u00f3 i divulgaci\u00f3 en aspectes relacionats amb la paleontologia, posant en valor el ric llegat que aquest municipi alberga en essta mat\u00e8ria<br>La participaci\u00f3 en totes les activitats \u00e9s de car\u00e0cter gratu\u00eft, si b\u00e9 per a participar en la\u00a0ruta paleontol\u00f2gica\u00a0i en els\u00a0tallers de f\u00f2ssils sabonosos i m\u00f2mies, \u00e9s necessari reservar pr\u00e8viament a trav\u00e9s de la plataforma:\u2028\u00a0https:\/\/entradium.com\/es<\/p>\n","protected":false},"excerpt":{"rendered":"<div class=\"mh-excerpt\">Dissabte, 19 de juliol, Aras de los Olmos acollir\u00e0 la primera edici\u00f3 de la\u00a0Fira del Losillasaurus: Paleontologia, Evoluci\u00f3 i Biodiversitat, una jornada repleta d&#8217;activitats educatives i divulgatives dirigida a tots els p\u00fablics. L&#8217;esdeveniment est\u00e0 organitzat <a class=\"mh-excerpt-more\" href=\"https:\/\/tucomarca.whitekongsoftware.com\/ca\/la-universitat-de-valencia-i-lajuntament-daras-de-los-olmos-celebren-la-fira-del-losillasaurus-dema-dissabte-de-mati\/\" title=\"La Universitat de Val\u00e8ncia i l&#8217;Ajuntament d&#8217;Aras de los Olmos celebren la Fira del Losillasaurus dem\u00e0 dissabte de mat\u00ed\">[+] <\/a><\/div>\n","protected":false},"author":12,"featured_media":272807,"comment_status":"open","ping_status":"open","sticky":false,"template":"","format":"standard","meta":{"footnotes":""},"categories":[11019,11042,11046,10894,11007,10896],"tags":[14714,22055,18365,22815],"class_list":["post-272815","post","type-post","status-publish","format-standard","has-post-thumbnail","category-agenda-ca","category-aras-de-olmos-ca","category-los-serranos-ca","category-la-comarca-ca","category-ocio-y-cultura-ca","category-seccion-ca","tag-aras-de-los-olmos-ca","tag-cit-ruraltec-ca","tag-lo-serranos-ca","tag-losillasaurus-ca"],"_links":{"self":[{"href":"https:\/\/tucomarca.whitekongsoftware.com\/ca\/wp-json\/wp\/v2\/posts\/272815","targetHints":{"allow":["GET"]}}],"collection":[{"href":"https:\/\/tucomarca.whitekongsoftware.com\/ca\/wp-json\/wp\/v2\/posts"}],"about":[{"href":"https:\/\/tucomarca.whitekongsoftware.com\/ca\/wp-json\/wp\/v2\/types\/post"}],"author":[{"embeddable":true,"href":"https:\/\/tucomarca.whitekongsoftware.com\/ca\/wp-json\/wp\/v2\/users\/12"}],"replies":[{"embeddable":true,"href":"https:\/\/tucomarca.whitekongsoftware.com\/ca\/wp-json\/wp\/v2\/comments?post=272815"}],"version-history":[{"count":0,"href":"https:\/\/tucomarca.whitekongsoftware.com\/ca\/wp-json\/wp\/v2\/posts\/272815\/revisions"}],"wp:featuredmedia":[{"embeddable":true,"href":"https:\/\/tucomarca.whitekongsoftware.com\/ca\/wp-json\/wp\/v2\/media\/272807"}],"wp:attachment":[{"href":"https:\/\/tucomarca.whitekongsoftware.com\/ca\/wp-json\/wp\/v2\/media?parent=272815"}],"wp:term":[{"taxonomy":"category","embeddable":true,"href":"https:\/\/tucomarca.whitekongsoftware.com\/ca\/wp-json\/wp\/v2\/categories?post=272815"},{"taxonomy":"post_tag","embeddable":true,"href":"https:\/\/tucomarca.whitekongsoftware.com\/ca\/wp-json\/wp\/v2\/tags?post=272815"}],"curies":[{"name":"wp","href":"https:\/\/api.w.org\/{rel}","templated":true}]}}