{"id":272717,"date":"2025-07-17T09:45:00","date_gmt":"2025-07-17T07:45:00","guid":{"rendered":"https:\/\/www.tucomarca.com\/wordpress\/segunda\/?p=272717"},"modified":"2025-07-17T15:58:00","modified_gmt":"2025-07-17T13:58:00","slug":"alboraig-dona-la-benvinguda-oficial-a-les-seues-festes-patronals-aquest-divendres-amb-el-prego","status":"publish","type":"post","link":"https:\/\/tucomarca.whitekongsoftware.com\/ca\/alboraig-dona-la-benvinguda-oficial-a-les-seues-festes-patronals-aquest-divendres-amb-el-prego\/","title":{"rendered":"Alboraig dona la benvinguda oficial a les seues Festes Patronals aquest divendres amb el Preg\u00f3"},"content":{"rendered":"\n<p class=\"wp-block-paragraph\">Alboraig ja est\u00e0 preparat per a viure intensament les seues Festes Patronals en honor a Sant Jaume i la Verge del Rosari, que arranquen oficialment aquest divendres 18 de juliol amb el tradicional Preg\u00f3 des del balc\u00f3 de l&#8217;Ajuntament, a c\u00e0rrec dels Festers d&#8217;Alboraig.<\/p>\n\n\n\n<p class=\"wp-block-paragraph\">Per\u00f2 l&#8217;ambient festiu ja se sent en el municipi des d&#8217;aquest dijous 17 de juliol, amb la final del campionat de domin\u00f3 en el recinte de la piscina i el Sopar Gal de l&#8217;Esport, on s&#8217;entregaran els trofeus esportius a les 21.00 h.<\/p>\n\n\n\n<p class=\"wp-block-paragraph\"><strong>Divendres 18 de juliol \u2013 El Preg\u00f3 i els carrers com a protagonistes<\/strong><\/p>\n\n\n\n<p class=\"wp-block-paragraph\">El divendres a la vesprada es convida a tots els ve\u00efns a engalanar carrers, fa\u00e7anes i patis, amb decoracions que ompliran de color i alegria cada rac\u00f3 del poble. Durant el cercaviles, animat per la banda de m\u00fasica \u201cLa Primitiva d&#8217;Alboraig\u201d, es repartir\u00e0 mistela.<\/p>\n\n\n\n<p class=\"wp-block-paragraph\">A mitjanit, el balc\u00f3 de l&#8217;Ajuntament ser\u00e0 l&#8217;epicentre de l&#8217;inici oficial de les festes, amb el Preg\u00f3, seguit del lliurament de premis als carrers m\u00e9s creatius. La nit continuar\u00e0 amb una animada discom\u00f3vil en la Pla\u00e7a Don Salvador Mart\u00ednez, amb DJs locals.<\/p>\n\n\n\n<p class=\"wp-block-paragraph\"><strong>Dissabte 19 i diumenge 20 \u2013 Cavalcada, orquestra i cultura<\/strong><\/p>\n\n\n\n<p class=\"wp-block-paragraph\">El dissabte, a les 19.30 h, arriba un dels esdeveniments m\u00e9s esperats: la Cavalcada de disfresses, amb premis a les millors disfresses. A la nit, cinquenes i quadrilles compartiran sopar en el recinte de la piscina i gaudiran de l&#8217;orquestra \u201cEls Bonics\u201d. La jornada finalitzar\u00e0 amb la tradicional cord\u00e0 organitzada pels Coheteros d&#8217;Alboraig.<\/p>\n\n\n\n<p class=\"wp-block-paragraph\">El diumenge hi haur\u00e0 campionat d&#8217;escacs, inauguraci\u00f3 d&#8217;exposicions art\u00edstiques, espectacles infantils, futbol veter\u00e0 i l&#8217;actuaci\u00f3 de Blay en viu a la nit.<\/p>\n\n\n\n<p class=\"wp-block-paragraph\"><strong>Setmana festiva amb activitats per a tots<\/strong><\/p>\n\n\n\n<p class=\"wp-block-paragraph\">La setmana seg\u00fcent, del 21 al 28 de juliol, estar\u00e0 repleta de propostes per a tots els p\u00fablics: ginkanas, contes de terror, inflables aqu\u00e0tics, tallers, cinema en l&#8217;aigua, concursos de truita i ajoaceite, actuacions musicals i molt m\u00e9s.<\/p>\n\n\n\n<p class=\"wp-block-paragraph\">Especial atenci\u00f3 mereix la Nit de l&#8217;Aurora, el Festival de Sarsuela commemorant el 50\u00e9 aniversari del Festival de Bandes, el tradicional Sopar de les Paelles i les celebracions religioses en honor a Sant Jaume, Santa Ana i la Verge del Rosari.<\/p>\n\n\n\n<p class=\"wp-block-paragraph\"><strong>Comiat amb focs artificials i la jove veu de Luc\u00eda Casani<\/strong><\/p>\n\n\n\n<p class=\"wp-block-paragraph\">El diumenge 27, l&#8217;ofrena i process\u00f3 en honor a la Verge del Rosari culminaran amb l&#8217;actuaci\u00f3 de la jove artista Luc\u00eda Casani. Les festes es clausuraran oficialment el dilluns 28 amb la clausura de l&#8217;exposici\u00f3 de pintura i un Taller Gong.<\/p>\n\n\n\n<p class=\"wp-block-paragraph\">A partir de l&#8217;1 d&#8217;agost, Alboraig continuar\u00e0 celebrant amb l&#8217;inici de les festes taurines.<\/p>\n\n\n\n<p class=\"wp-block-paragraph\"><strong>Unes festes obertes a tots<\/strong><\/p>\n\n\n\n<p class=\"wp-block-paragraph\">Des de l&#8217;Ajuntament d&#8217;Alboraig es convida a ve\u00efns, visitants i nous residents a participar en tots els actes i gaudir d&#8217;un ambient festiu, acollidor i ple de tradicions. Com cada any, la col\u00b7laboraci\u00f3 d&#8217;associacions locals, festers i voluntaris \u00e9s clau per a fer d&#8217;aquestes festes un esdeveniment inoblidable.<a><\/a><\/p>\n","protected":false},"excerpt":{"rendered":"<div class=\"mh-excerpt\">Alboraig ja est\u00e0 preparat per a viure intensament les seues Festes Patronals en honor a Sant Jaume i la Verge del Rosari, que arranquen oficialment aquest divendres 18 de juliol amb el tradicional Preg\u00f3 des <a class=\"mh-excerpt-more\" href=\"https:\/\/tucomarca.whitekongsoftware.com\/ca\/alboraig-dona-la-benvinguda-oficial-a-les-seues-festes-patronals-aquest-divendres-amb-el-prego\/\" title=\"Alboraig dona la benvinguda oficial a les seues Festes Patronals aquest divendres amb el Preg\u00f3\">[+] <\/a><\/div>\n","protected":false},"author":12,"featured_media":272716,"comment_status":"open","ping_status":"open","sticky":false,"template":"","format":"standard","meta":{"footnotes":""},"categories":[11019,10973,10894,10912,11007,10896],"tags":[11224,14071,10914],"class_list":["post-272717","post","type-post","status-publish","format-standard","has-post-thumbnail","category-agenda-ca","category-alborache-ca","category-la-comarca-ca","category-la-hoya-ca","category-ocio-y-cultura-ca","category-seccion-ca","tag-alborache-ca","tag-fiestas-patronales-ca","tag-la-hoya-de-bunol-chiva-ca"],"_links":{"self":[{"href":"https:\/\/tucomarca.whitekongsoftware.com\/ca\/wp-json\/wp\/v2\/posts\/272717","targetHints":{"allow":["GET"]}}],"collection":[{"href":"https:\/\/tucomarca.whitekongsoftware.com\/ca\/wp-json\/wp\/v2\/posts"}],"about":[{"href":"https:\/\/tucomarca.whitekongsoftware.com\/ca\/wp-json\/wp\/v2\/types\/post"}],"author":[{"embeddable":true,"href":"https:\/\/tucomarca.whitekongsoftware.com\/ca\/wp-json\/wp\/v2\/users\/12"}],"replies":[{"embeddable":true,"href":"https:\/\/tucomarca.whitekongsoftware.com\/ca\/wp-json\/wp\/v2\/comments?post=272717"}],"version-history":[{"count":0,"href":"https:\/\/tucomarca.whitekongsoftware.com\/ca\/wp-json\/wp\/v2\/posts\/272717\/revisions"}],"wp:featuredmedia":[{"embeddable":true,"href":"https:\/\/tucomarca.whitekongsoftware.com\/ca\/wp-json\/wp\/v2\/media\/272716"}],"wp:attachment":[{"href":"https:\/\/tucomarca.whitekongsoftware.com\/ca\/wp-json\/wp\/v2\/media?parent=272717"}],"wp:term":[{"taxonomy":"category","embeddable":true,"href":"https:\/\/tucomarca.whitekongsoftware.com\/ca\/wp-json\/wp\/v2\/categories?post=272717"},{"taxonomy":"post_tag","embeddable":true,"href":"https:\/\/tucomarca.whitekongsoftware.com\/ca\/wp-json\/wp\/v2\/tags?post=272717"}],"curies":[{"name":"wp","href":"https:\/\/api.w.org\/{rel}","templated":true}]}}