{"id":272656,"date":"2025-07-17T09:15:00","date_gmt":"2025-07-17T07:15:00","guid":{"rendered":"https:\/\/www.tucomarca.com\/wordpress\/segunda\/?p=272656"},"modified":"2025-07-17T11:51:37","modified_gmt":"2025-07-17T09:51:37","slug":"el-ballador-julio-ruiz-imparteix-un-taller-en-espai-lagranja-del-ivc-sobre-lavantguarda-del-flamenc","status":"publish","type":"post","link":"https:\/\/tucomarca.whitekongsoftware.com\/ca\/el-ballador-julio-ruiz-imparteix-un-taller-en-espai-lagranja-del-ivc-sobre-lavantguarda-del-flamenc\/","title":{"rendered":"El ballador Julio Ruiz imparteix un taller en Espai LaGranja del IVC sobre l&#8217;avantguarda del flamenc"},"content":{"rendered":"\n<h3 class=\"wp-block-heading\">L&#8217;artista, reconegut pel seu llenguatge esc\u00e8nic innovador, aprofundir\u00e0\u00a0en les claus del seu muntatge \u2018La Fam\u00edlia\u2019.<\/h3>\n\n\n\n<h3 class=\"wp-block-heading\">El taller, dirigit a professionals de les arts del moviment, tindr\u00e0 lloc aquest\u00a0divendres 18 de juliol.<\/h3>\n\n\n\n<p class=\"wp-block-paragraph\">El centre de creaci\u00f3 i investigaci\u00f3 de dansa Espai LaGranja, dependent del Institut Valenci\u00e0 de Cultura (IVC), mant\u00e9 la seua aposta per l&#8217;avantguarda flamenca amb l&#8217;arribada del ballador i creador Julio Ruiz. L&#8217;artista d&#8217;Almeria, una de les figures m\u00e9s singulars de l&#8217;escena nacional, impartir\u00e0 per primera vegada a Val\u00e8ncia un taller de ball flamenc divendres que ve, 18 de juliol, d&#8217;11.00 a 15.00 hores.<\/p>\n\n\n\n<p class=\"wp-block-paragraph\">Aquesta jornada intensiva representa una oportunitat \u00fanica per als professionals de la dansa de submergir-se en el personal univers art\u00edstic de Ruiz, un creador que transcendeix les fronteres del flamenc tradicional per a dialogar amb la dansa contempor\u00e0nia i la&nbsp;performance.<\/p>\n\n\n\n<p class=\"wp-block-paragraph\">El taller no es presenta com una classe magistral convencional, sin\u00f3 com un laboratori d&#8217;investigaci\u00f3 corporal i art\u00edstica. Durant quatre hores, els participants exploraran la visi\u00f3 personal del flamenc de Julio Ruiz, un enfocament que posa l&#8217;accent en un cos sensible, r\u00edtmic i conscient.<\/p>\n\n\n\n<p class=\"wp-block-paragraph\">A m\u00e9s, el creador obrir\u00e0 les portes del seu \u00faltim muntatge, \u2018La Fam\u00edlia\u2019, una obra multidisciplin\u00e0ria que integra literatura, dansa i&nbsp;performance&nbsp;per a reflexionar sobre les din\u00e0miques i her\u00e8ncies familiars. Els participants del taller podran con\u00e9ixer de primera m\u00e0 els processos creatius i les eines esc\u00e8niques que defineixen aquest innovador projecte.<\/p>\n\n\n\n<p class=\"wp-block-paragraph\">L&#8217;elecci\u00f3 de Espai LaGranja com a seu per a aquesta formaci\u00f3 subratlla el comprom\u00eds del Institut Valenci\u00e0 de Cultura per oferir als professionals de la Comunitat Valenciana un acc\u00e9s directe als corrents m\u00e9s actuals de les arts del moviment, promovent un espai per al reciclatge t\u00e8cnic i la inspiraci\u00f3 art\u00edstica.<\/p>\n\n\n\n<p class=\"wp-block-paragraph\"><strong>Sobre Julio Ruiz<\/strong><\/p>\n\n\n\n<p class=\"wp-block-paragraph\">Nacido a Almeria en 1993, Julio Ruiz ha consolidat una carrera excepcional, sent reconegut pel seu talent singular i el seu discurs trencador. Format en el Conservatori Professional de Dansa Kina Jim\u00e9nez i en el Centre Andal\u00fas de Dansa al costat de mestres de la talla d&#8217;Antonio Canales, Daniel Do\u00f1a, Eva Yerbabuena o Farruquito, ha sabut crear un llenguatge propi.<\/p>\n\n\n\n<p class=\"wp-block-paragraph\">La seua traject\u00f2ria est\u00e0 avalada per importants guardons, entre els quals destaquen el Primer Premi en el Certamen Andal\u00fas de Joves Flamencs Desencaixa (2014) i el Premi Ballar\u00ed Excel\u00b7lent en el Certamen Coreogr\u00e0fic de Madrid. La seua projecci\u00f3 internacional es va consolidar en convertir-se en el primer ballador del m\u00f3n a rebre una beca del prestigi\u00f3s Centre National de la Danse de Par\u00eds, on va gestar part del seu espectacle &#8216;La Fam\u00edlia&#8217;. El seu treball s&#8217;ha presentat en festivals i teatres de refer\u00e8ncia, com la Biennal de Flamenc de Sevilla, el Festival de Jerez o el Flamenc Festival de Londres.<\/p>\n","protected":false},"excerpt":{"rendered":"<div class=\"mh-excerpt\">L&#8217;artista, reconegut pel seu llenguatge esc\u00e8nic innovador, aprofundir\u00e0\u00a0en les claus del seu muntatge \u2018La Fam\u00edlia\u2019. El taller, dirigit a professionals de les arts del moviment, tindr\u00e0 lloc aquest\u00a0divendres 18 de juliol. El centre de creaci\u00f3 <a class=\"mh-excerpt-more\" href=\"https:\/\/tucomarca.whitekongsoftware.com\/ca\/el-ballador-julio-ruiz-imparteix-un-taller-en-espai-lagranja-del-ivc-sobre-lavantguarda-del-flamenc\/\" title=\"El ballador Julio Ruiz imparteix un taller en Espai LaGranja del IVC sobre l&#8217;avantguarda del flamenc\">[+] <\/a><\/div>\n","protected":false},"author":13,"featured_media":272654,"comment_status":"open","ping_status":"open","sticky":false,"template":"","format":"standard","meta":{"footnotes":""},"categories":[11019,10904,11007,10896],"tags":[13274,17761,15856],"class_list":["post-272656","post","type-post","status-publish","format-standard","has-post-thumbnail","category-agenda-ca","category-sin-categorizar-ca","category-ocio-y-cultura-ca","category-seccion-ca","tag-institut-valencia-de-cultura-ca","tag-ivc-ca","tag-ocio-y-cultura-ca"],"_links":{"self":[{"href":"https:\/\/tucomarca.whitekongsoftware.com\/ca\/wp-json\/wp\/v2\/posts\/272656","targetHints":{"allow":["GET"]}}],"collection":[{"href":"https:\/\/tucomarca.whitekongsoftware.com\/ca\/wp-json\/wp\/v2\/posts"}],"about":[{"href":"https:\/\/tucomarca.whitekongsoftware.com\/ca\/wp-json\/wp\/v2\/types\/post"}],"author":[{"embeddable":true,"href":"https:\/\/tucomarca.whitekongsoftware.com\/ca\/wp-json\/wp\/v2\/users\/13"}],"replies":[{"embeddable":true,"href":"https:\/\/tucomarca.whitekongsoftware.com\/ca\/wp-json\/wp\/v2\/comments?post=272656"}],"version-history":[{"count":0,"href":"https:\/\/tucomarca.whitekongsoftware.com\/ca\/wp-json\/wp\/v2\/posts\/272656\/revisions"}],"wp:featuredmedia":[{"embeddable":true,"href":"https:\/\/tucomarca.whitekongsoftware.com\/ca\/wp-json\/wp\/v2\/media\/272654"}],"wp:attachment":[{"href":"https:\/\/tucomarca.whitekongsoftware.com\/ca\/wp-json\/wp\/v2\/media?parent=272656"}],"wp:term":[{"taxonomy":"category","embeddable":true,"href":"https:\/\/tucomarca.whitekongsoftware.com\/ca\/wp-json\/wp\/v2\/categories?post=272656"},{"taxonomy":"post_tag","embeddable":true,"href":"https:\/\/tucomarca.whitekongsoftware.com\/ca\/wp-json\/wp\/v2\/tags?post=272656"}],"curies":[{"name":"wp","href":"https:\/\/api.w.org\/{rel}","templated":true}]}}