{"id":272587,"date":"2025-07-16T09:10:00","date_gmt":"2025-07-16T07:10:00","guid":{"rendered":"https:\/\/www.tucomarca.com\/wordpress\/segunda\/?p=272587"},"modified":"2025-07-16T14:32:55","modified_gmt":"2025-07-16T12:32:55","slug":"la-unio-municipalista-inicia-la-recollida-de-firmes-per-a-reformar-la-llei-electoral-davant-les-corts-valencianes","status":"publish","type":"post","link":"https:\/\/tucomarca.whitekongsoftware.com\/ca\/la-unio-municipalista-inicia-la-recollida-de-firmes-per-a-reformar-la-llei-electoral-davant-les-corts-valencianes\/","title":{"rendered":"La Uni\u00f3 Municipalista inicia la recollida de firmes per a reformar la Llei electoral davant Les Corts Valencianes"},"content":{"rendered":"\n<h3 class=\"wp-block-heading\">Els independents recorreran diferents municipis de la Comunitat Valenciana amb taules informatives per a recollir les 10.000 firmes necess\u00e0ries.<\/h3>\n\n\n\n<h3 class=\"wp-block-heading\">Jorge Rodr\u00edguez: \u201cLa rebaixa del llist\u00f3 electoral no \u00e9s un privilegi, \u00e9s una q\u00fcesti\u00f3 de just\u00edcia perqu\u00e8 l\u2019actual llei electoral deixa sense veu milers de valencians i valencianes\u201d.<\/h3>\n\n\n\n<p class=\"wp-block-paragraph\">La Uni\u00f3 Municipalista, la confederaci\u00f3 de partits independents, ha iniciat aquest dimecres, davant Les Corts Valencianes, la campanya de recollida de firmes per a impulsar la reforma de la Llei electoral valenciana a trav\u00e9s de la seua Iniciativa Legislativa Popular (ILP). La proposta pret\u00e9n reduir el llist\u00f3 electoral del 5% al 3% i que el c\u00f2mput dels vots es realitze a nivell provincial i no auton\u00f2mic, per a avan\u00e7ar cap a un sistema m\u00e9s just, representatiu i que reflectisca millor la pluralitat pol\u00edtica i territorial.<\/p>\n\n\n\n<p class=\"wp-block-paragraph\">L\u2019acte, que marca l\u2019inici del recorregut que duran a terme els partits independents per diversos municipis de la Comunitat Valenciana per a recollir les 10.000 firmes necess\u00e0ries que permeten dur la proposta a debat parlamentari, ha comptat amb la pres\u00e8ncia de l\u2019alcalde d\u2019Ontinyent i coordinador general de la Uni\u00f3 Municipalista Comunitat Valenciana, Jorge Rodr\u00edguez; la vicepresidenta primera de la Diputaci\u00f3 de Val\u00e8ncia i coordinadora provincial de la Uni\u00f3 Municipalista, Natalia Enguix; i David Garc\u00eda, alcalde de Nules i president de la Uni\u00f3 Municipalista. Davant les portes de Les Corts, han estat acompanyats per representants de diferents formacions pol\u00edtiques municipals que integren esta plataforma i que provenen de diversos punts de la Comunitat Valenciana.<\/p>\n\n\n\n<p class=\"wp-block-paragraph\">Abans de l\u2019inici formal de les primeres firmes, i davant els mitjans de comunicaci\u00f3, l\u2019alcalde de Nules i tamb\u00e9 president de la Uni\u00f3 Municipalista, David Garc\u00eda, ha exposat que \u201cla reforma de la llei electoral \u00e9s un deute pendent amb la ciutadania, que va en la l\u00ednia d\u2019assegurar que hi haja una representativitat m\u00e9s d\u2019acord amb la diversitat de la nostra societat, per a garantir el principi consagrat en la Constituci\u00f3 Espanyola: el pluralisme pol\u00edtic. Amb la modificaci\u00f3 de la llei electoral tamb\u00e9 volem garantir que hi haja una major i millor representaci\u00f3, tant de les prov\u00edncies com dels diferents grups pol\u00edtics, a les Corts Valencianes.\u201d<\/p>\n\n\n\n<p class=\"wp-block-paragraph\">En la mateixa l\u00ednia s\u2019ha pronunciat l\u2019alcalde d\u2019Ontinyent i coordinador general de la Uni\u00f3 Municipalista en la Comunitat Valenciana, en assenyalar que \u201cla democr\u00e0cia ha de reflectir la pluralitat de la societat valenciana. No \u00e9s acceptable que l\u2019actual legislaci\u00f3 silencie una part important de l\u2019electorat. Que el llindar siga del 5% penalitza la pluralitat i deixa sense veu milers de valencians i valencianes que voten opcions leg\u00edtimes. La rebaixa del llist\u00f3 al 3% no \u00e9s un privilegi, \u00e9s una q\u00fcesti\u00f3 de just\u00edcia i representativitat\u201d, ha afirmat.<\/p>\n\n\n\n<p class=\"wp-block-paragraph\">Rodr\u00edguez, a m\u00e9s, recordava que actualment hi ha un total de huit comunitats aut\u00f2nomes (Pa\u00eds Basc, Catalunya, Andalusia, Ast\u00faries, Arag\u00f3, Castella-la Manxa, Navarra i Castella i Lle\u00f3) que compten amb un llindar del 3%, la qual cosa \u201cevidencia que la nostra petici\u00f3 no \u00e9s un capritx, sin\u00f3 un acte de just\u00edcia democr\u00e0tica\u201d. I ho fa, remarcava Rodr\u00edguez, \u201cen un context post-DANA on m\u00e9s que mai, totes i tots els valencians necessiten sentir-se representats, escoltats i que les seues necessitats siguen ateses. No pot continuar havent ciutadania de primera i de segona\u201d.<\/p>\n\n\n\n<p class=\"wp-block-paragraph\">En aquest sentit, la vicepresidenta primera de la Diputaci\u00f3 de Val\u00e8ncia, Natalia Enguix, recordava que \u201cla nostra reivindicaci\u00f3 ja ha sigut motiu de debat en anteriors ocasions\u201d, ja que durant l\u2019\u00faltim mandat del Bot\u00e0nic, PSPV i Comprom\u00eds defensaven la rebaixa del llist\u00f3 electoral, encara que la proposta va quedar damunt la taula per la divisi\u00f3 de Ciutadans. Aix\u00ed, Enguix incidia que el que aquest dimecres \u201ciniciem a les portes de Les Corts \u00e9s un cam\u00ed cap a una democr\u00e0cia real. Ara mateix hi ha ciutadania que t\u00e9 menys valor en funci\u00f3 del territori on viu. Ha arribat el moment d\u2019obrir les institucions a la pluralitat i posar fi a les regles que nom\u00e9s beneficien als de sempre\u201d, remarcava.<\/p>\n\n\n\n<p class=\"wp-block-paragraph\"><strong>Primer debat, a la Diputaci\u00f3 de Val\u00e8ncia<\/strong><\/p>\n\n\n\n<p class=\"wp-block-paragraph\">Cal recordar que el pr\u00f2xim 23 de juliol la formaci\u00f3 pol\u00edtica d\u2019Ens Uneix, un dels partits impulsors de la Uni\u00f3 Municipalista, obrir\u00e0 el debat pol\u00edtic sobre la reforma de la llei electoral amb una moci\u00f3 en el ple de la Diputaci\u00f3 de Val\u00e8ncia.<\/p>\n\n\n\n<p class=\"wp-block-paragraph\">La moci\u00f3, que ser\u00e0 defensada per la vicepresidenta i portaveu d\u2019Ens Uneix, Natalia Enguix, exposar\u00e0 com l\u2019actual sistema electoral penalitza les opcions pol\u00edtiques amb un suport territorial ampli per\u00f2 dispers, com s\u00f3n les forces municipalistes, i afavoreix de manera artificial els partits amb m\u00e9s concentraci\u00f3 geogr\u00e0fica o visibilitat medi\u00e0tica.<\/p>\n\n\n\n<p class=\"wp-block-paragraph\">Aix\u00ed, la moci\u00f3 que es defensar\u00e0 insta la Generalitat a reformar la Llei Electoral Valenciana per a eliminar barreres desproporcionades i garantir una representaci\u00f3 justa. Tamb\u00e9 planteja traslladar l\u2019acord a les Corts, al Consell, a la Federaci\u00f3 Valenciana de Municipis i Prov\u00edncies i als ajuntaments de la prov\u00edncia de Val\u00e8ncia.<\/p>\n\n\n\n<figure class=\"wp-block-gallery has-nested-images columns-default is-cropped wp-block-gallery-1 is-layout-flex wp-block-gallery-is-layout-flex\">\n<figure class=\"wp-block-image size-large\"><img loading=\"lazy\" decoding=\"async\" width=\"1024\" height=\"676\" data-id=\"272582\" src=\"https:\/\/www.tucomarca.com\/wordpress\/segunda\/wp-content\/uploads\/2025\/07\/SignaturaILP_2-1024x676.jpg\" alt=\"\" class=\"wp-image-272582\" srcset=\"https:\/\/tucomarca.whitekongsoftware.com\/wp-content\/uploads\/2025\/07\/SignaturaILP_2-1024x676.jpg 1024w, https:\/\/tucomarca.whitekongsoftware.com\/wp-content\/uploads\/2025\/07\/SignaturaILP_2-300x198.jpg 300w, https:\/\/tucomarca.whitekongsoftware.com\/wp-content\/uploads\/2025\/07\/SignaturaILP_2-768x507.jpg 768w, https:\/\/tucomarca.whitekongsoftware.com\/wp-content\/uploads\/2025\/07\/SignaturaILP_2-1536x1013.jpg 1536w, https:\/\/tucomarca.whitekongsoftware.com\/wp-content\/uploads\/2025\/07\/SignaturaILP_2-2048x1351.jpg 2048w\" sizes=\"auto, (max-width: 1024px) 100vw, 1024px\" \/><\/figure>\n\n\n\n<figure class=\"wp-block-image size-large\"><img loading=\"lazy\" decoding=\"async\" width=\"1024\" height=\"679\" data-id=\"272580\" src=\"https:\/\/www.tucomarca.com\/wordpress\/segunda\/wp-content\/uploads\/2025\/07\/SignaturaILP_1-1024x679.jpg\" alt=\"\" class=\"wp-image-272580\" srcset=\"https:\/\/tucomarca.whitekongsoftware.com\/wp-content\/uploads\/2025\/07\/SignaturaILP_1-1024x679.jpg 1024w, https:\/\/tucomarca.whitekongsoftware.com\/wp-content\/uploads\/2025\/07\/SignaturaILP_1-300x199.jpg 300w, https:\/\/tucomarca.whitekongsoftware.com\/wp-content\/uploads\/2025\/07\/SignaturaILP_1-768x509.jpg 768w, https:\/\/tucomarca.whitekongsoftware.com\/wp-content\/uploads\/2025\/07\/SignaturaILP_1-1536x1018.jpg 1536w, https:\/\/tucomarca.whitekongsoftware.com\/wp-content\/uploads\/2025\/07\/SignaturaILP_1-2048x1357.jpg 2048w\" sizes=\"auto, (max-width: 1024px) 100vw, 1024px\" \/><\/figure>\n<\/figure>\n","protected":false},"excerpt":{"rendered":"<div class=\"mh-excerpt\">Els independents recorreran diferents municipis de la Comunitat Valenciana amb taules informatives per a recollir les 10.000 firmes necess\u00e0ries. Jorge Rodr\u00edguez: \u201cLa rebaixa del llist\u00f3 electoral no \u00e9s un privilegi, \u00e9s una q\u00fcesti\u00f3 de just\u00edcia <a class=\"mh-excerpt-more\" href=\"https:\/\/tucomarca.whitekongsoftware.com\/ca\/la-unio-municipalista-inicia-la-recollida-de-firmes-per-a-reformar-la-llei-electoral-davant-les-corts-valencianes\/\" title=\"La Uni\u00f3 Municipalista inicia la recollida de firmes per a reformar la Llei electoral davant Les Corts Valencianes\">[+] <\/a><\/div>\n","protected":false},"author":13,"featured_media":272585,"comment_status":"open","ping_status":"open","sticky":false,"template":"","format":"gallery","meta":{"footnotes":""},"categories":[10898,10948,10894,10904,10947,10896],"tags":[11199,22134,11140,20671],"class_list":["post-272587","post","type-post","status-publish","format-gallery","has-post-thumbnail","category-ventana-ca","category-infraestructuras-ca","category-la-comarca-ca","category-sin-categorizar-ca","category-politica","category-seccion-ca","tag-la-comunitat-ca","tag-municipalistas-ca","tag-politica-ca","tag-union-municipalista-ca","post_format-post-format-gallery"],"_links":{"self":[{"href":"https:\/\/tucomarca.whitekongsoftware.com\/ca\/wp-json\/wp\/v2\/posts\/272587","targetHints":{"allow":["GET"]}}],"collection":[{"href":"https:\/\/tucomarca.whitekongsoftware.com\/ca\/wp-json\/wp\/v2\/posts"}],"about":[{"href":"https:\/\/tucomarca.whitekongsoftware.com\/ca\/wp-json\/wp\/v2\/types\/post"}],"author":[{"embeddable":true,"href":"https:\/\/tucomarca.whitekongsoftware.com\/ca\/wp-json\/wp\/v2\/users\/13"}],"replies":[{"embeddable":true,"href":"https:\/\/tucomarca.whitekongsoftware.com\/ca\/wp-json\/wp\/v2\/comments?post=272587"}],"version-history":[{"count":0,"href":"https:\/\/tucomarca.whitekongsoftware.com\/ca\/wp-json\/wp\/v2\/posts\/272587\/revisions"}],"wp:featuredmedia":[{"embeddable":true,"href":"https:\/\/tucomarca.whitekongsoftware.com\/ca\/wp-json\/wp\/v2\/media\/272585"}],"wp:attachment":[{"href":"https:\/\/tucomarca.whitekongsoftware.com\/ca\/wp-json\/wp\/v2\/media?parent=272587"}],"wp:term":[{"taxonomy":"category","embeddable":true,"href":"https:\/\/tucomarca.whitekongsoftware.com\/ca\/wp-json\/wp\/v2\/categories?post=272587"},{"taxonomy":"post_tag","embeddable":true,"href":"https:\/\/tucomarca.whitekongsoftware.com\/ca\/wp-json\/wp\/v2\/tags?post=272587"}],"curies":[{"name":"wp","href":"https:\/\/api.w.org\/{rel}","templated":true}]}}