{"id":272575,"date":"2025-07-16T08:27:00","date_gmt":"2025-07-16T06:27:00","guid":{"rendered":"https:\/\/www.tucomarca.com\/wordpress\/segunda\/?p=272575"},"modified":"2025-07-16T18:26:17","modified_gmt":"2025-07-16T16:26:17","slug":"obertes-les-inscripcions-per-a-la-18a-edicio-de-la-licitada-a-la-montieleta","status":"publish","type":"post","link":"https:\/\/tucomarca.whitekongsoftware.com\/ca\/obertes-les-inscripcions-per-a-la-18a-edicio-de-la-licitada-a-la-montieleta\/","title":{"rendered":"Obertes les inscripcions per a la 18a edici\u00f3 de la Pujada a la Montieleta"},"content":{"rendered":"\n<h3 class=\"wp-block-heading\">La prova tindr\u00e0 lloc el 20 de setembre.<\/h3>\n\n\n<div class=\"wp-block-image\">\n<figure class=\"alignleft size-large is-resized\"><img loading=\"lazy\" decoding=\"async\" width=\"724\" height=\"1024\" src=\"http:\/\/www.tucomarca.com\/wordpress\/segunda\/wp-content\/uploads\/2025\/07\/pujada-montieleta-724x1024.jpg\" alt=\"\" class=\"wp-image-272572\" style=\"width:361px;height:auto\" srcset=\"https:\/\/tucomarca.whitekongsoftware.com\/wp-content\/uploads\/2025\/07\/pujada-montieleta-724x1024.jpg 724w, https:\/\/tucomarca.whitekongsoftware.com\/wp-content\/uploads\/2025\/07\/pujada-montieleta-212x300.jpg 212w, https:\/\/tucomarca.whitekongsoftware.com\/wp-content\/uploads\/2025\/07\/pujada-montieleta-768x1086.jpg 768w, https:\/\/tucomarca.whitekongsoftware.com\/wp-content\/uploads\/2025\/07\/pujada-montieleta-1086x1536.jpg 1086w, https:\/\/tucomarca.whitekongsoftware.com\/wp-content\/uploads\/2025\/07\/pujada-montieleta.jpg 1448w\" sizes=\"auto, (max-width: 724px) 100vw, 724px\" \/><\/figure>\n<\/div>\n\n\n<p class=\"wp-block-paragraph\">El pr\u00f2xim 20 de setembre els carrers de Benaguasil acolliran la Pujada a la Montieleta, la carrera popular que organitza el club ACPL amb la col\u00b7laboraci\u00f3 de l&#8217;Ajuntament.<\/p>\n\n\n\n<p class=\"wp-block-paragraph\">La prova, inclosa dins del Circuit de Carreras Populares de la Diputaci\u00f3 de Val\u00e8ncia, combina trams urbans i camins d&#8217;horta i s&#8217;ha convertit en un referent per als amants del running que ja poden inscriure&#8217;s a trav\u00e9s de la p\u00e0gina web <a href=\"http:\/\/www.dorsal1.com\">http:\/\/www.dorsal1.com<\/a><\/p>\n\n\n\n<p class=\"wp-block-paragraph\">La inscripci\u00f3 t\u00e9 un cost de 9\u20ac per als primers 100 dorsals. Tamb\u00e9 fins al 31 d&#8217;agost els corredors locals abonaran 9\u20ac mentre que els no locals 11\u20ac. Finalitzat eixe termini i fins al 17 de setembre el preu per a tots ser\u00e0 de 13\u20ac.<\/p>\n\n\n\n<p class=\"wp-block-paragraph\">Aquest cl\u00e0ssic del calendari de setembre enguany celebra la seua 18a edici\u00f3 i com \u00e9s habitual es correr\u00e0 sobre una dist\u00e0ncia de 10k, amb eixida i meta en l&#8217;avinguda de Montiel.<\/p>\n","protected":false},"excerpt":{"rendered":"<div class=\"mh-excerpt\">La prova tindr\u00e0 lloc el 20 de setembre. El pr\u00f2xim 20 de setembre els carrers de Benaguasil acolliran la Pujada a la Montieleta, la carrera popular que organitza el club ACPL amb la col\u00b7laboraci\u00f3 de <a class=\"mh-excerpt-more\" href=\"https:\/\/tucomarca.whitekongsoftware.com\/ca\/obertes-les-inscripcions-per-a-la-18a-edicio-de-la-licitada-a-la-montieleta\/\" title=\"Obertes les inscripcions per a la 18a edici\u00f3 de la Pujada a la Montieleta\">[+] <\/a><\/div>\n","protected":false},"author":13,"featured_media":272573,"comment_status":"open","ping_status":"open","sticky":false,"template":"","format":"standard","meta":{"footnotes":""},"categories":[11019,11018,10952,10892,11003,10894,10896],"tags":[11136,10899,11074],"class_list":["post-272575","post","type-post","status-publish","format-standard","has-post-thumbnail","category-agenda-ca","category-atletisme","category-benaguasil-ca","category-camp-de-turia-ca","category-sports","category-la-comarca-ca","category-seccion-ca","tag-benaguasil-ca","tag-camp-de-turia-ca","tag-deportes-ca"],"_links":{"self":[{"href":"https:\/\/tucomarca.whitekongsoftware.com\/ca\/wp-json\/wp\/v2\/posts\/272575","targetHints":{"allow":["GET"]}}],"collection":[{"href":"https:\/\/tucomarca.whitekongsoftware.com\/ca\/wp-json\/wp\/v2\/posts"}],"about":[{"href":"https:\/\/tucomarca.whitekongsoftware.com\/ca\/wp-json\/wp\/v2\/types\/post"}],"author":[{"embeddable":true,"href":"https:\/\/tucomarca.whitekongsoftware.com\/ca\/wp-json\/wp\/v2\/users\/13"}],"replies":[{"embeddable":true,"href":"https:\/\/tucomarca.whitekongsoftware.com\/ca\/wp-json\/wp\/v2\/comments?post=272575"}],"version-history":[{"count":0,"href":"https:\/\/tucomarca.whitekongsoftware.com\/ca\/wp-json\/wp\/v2\/posts\/272575\/revisions"}],"wp:featuredmedia":[{"embeddable":true,"href":"https:\/\/tucomarca.whitekongsoftware.com\/ca\/wp-json\/wp\/v2\/media\/272573"}],"wp:attachment":[{"href":"https:\/\/tucomarca.whitekongsoftware.com\/ca\/wp-json\/wp\/v2\/media?parent=272575"}],"wp:term":[{"taxonomy":"category","embeddable":true,"href":"https:\/\/tucomarca.whitekongsoftware.com\/ca\/wp-json\/wp\/v2\/categories?post=272575"},{"taxonomy":"post_tag","embeddable":true,"href":"https:\/\/tucomarca.whitekongsoftware.com\/ca\/wp-json\/wp\/v2\/tags?post=272575"}],"curies":[{"name":"wp","href":"https:\/\/api.w.org\/{rel}","templated":true}]}}