{"id":272480,"date":"2025-07-16T08:26:00","date_gmt":"2025-07-16T06:26:00","guid":{"rendered":"https:\/\/www.tucomarca.com\/wordpress\/segunda\/?p=272480"},"modified":"2025-07-16T18:34:06","modified_gmt":"2025-07-16T16:34:06","slug":"el-pspv-de-la-pobla-de-vallbona-denuncia-que-la-pagina-web-de-lajuntament-porta-mes-dun-any-sense-incloure-a-la-regidora-socialista-que-va-prendre-possessio-al-marc-de-2024","status":"publish","type":"post","link":"https:\/\/tucomarca.whitekongsoftware.com\/ca\/el-pspv-de-la-pobla-de-vallbona-denuncia-que-la-pagina-web-de-lajuntament-porta-mes-dun-any-sense-incloure-a-la-regidora-socialista-que-va-prendre-possessio-al-marc-de-2024\/","title":{"rendered":"El PSPV de la Pobla de Vallbona denuncia que la p\u00e0gina web de l&#8217;ajuntament porta m\u00e9s d&#8217;un any sense incloure a la regidora socialista que va prendre possessi\u00f3 al mar\u00e7 de 2024"},"content":{"rendered":"\n<h3 class=\"wp-block-heading\">El grup socialista den\u00fancia la falta de transpar\u00e8ncia del govern PP-Centrats i Cupo i els seus esfor\u00e7os per invisibilitzar als grups de l&#8217;oposici\u00f3.<\/h3>\n\n\n\n<p class=\"wp-block-paragraph\">El PSPV de la Pobla de Vallbona ha denunciat p\u00fablicament la decisi\u00f3 de l&#8217;equip de govern, format pel PP-Centrats-Cupo, d&#8217;excloure de la p\u00e0gina web a la regidora del grup socialista Mar\u00eda Jos\u00e9 Dolz que va prendre possessi\u00f3 del seu c\u00e0rrec p\u00fablic en el ple municipal celebrat el mes de mar\u00e7 de l&#8217;any 2024. Per contra, una altra regidora d&#8217;un altre grup de l&#8217;oposici\u00f3 va prendre possessi\u00f3 al maig d&#8217;eixe mateix any i s\u00ed que est\u00e0 inclosa ja en la citada p\u00e0gina municipal.\u00a0<\/p>\n\n\n\n<p class=\"wp-block-paragraph\">El grup socialista censura l&#8217;actitud de l&#8217;equip de govern de deixar fora de la web de l&#8217;Ajuntament de la Pobla de Vallbona a la citada regidora en una mostra m\u00e9s de sectarisme i falta de transpar\u00e8ncia en la gesti\u00f3 p\u00fablica. Al llarg del m\u00e9s d&#8217;un any que ha transcorregut des que Mar\u00eda Jos\u00e9 Dolz va prendre possessi\u00f3 del seu c\u00e0rrec en substituci\u00f3 de Pedro Garc\u00eda no han modificat la composici\u00f3 del grup socialista a l&#8217;Ajuntament. &nbsp;<\/p>\n\n\n\n<p class=\"wp-block-paragraph\">El PSPV critica que mentre la resta de grups, tant de les tres formacions que formen part de l&#8217;equip de govern com els altres dos restants de l&#8217;oposici\u00f3, s\u00ed que tenen a tots els seus regidors i regidores en la p\u00e0gina web en la qual els ciutadans poden observar als seus representants p\u00fablics, el grup socialista nom\u00e9s t\u00e9 a una de les seues dues regidores.&nbsp;<\/p>\n\n\n\n<p class=\"wp-block-paragraph\">La portaveu municipal del PSPV, Noem\u00ed Morales, afirma que aquests fets \u201cdemostren el tarann\u00e0 antidemocr\u00e0tic i l&#8217;inter\u00e9s dels tres partits que formen part de l&#8217;actual govern de la Pobla de Vallbona per excloure a una representant del grup socialista, una cosa a la qual ens tenen acostumats per la seua falta de transpar\u00e8ncia i el seu objectiu final d&#8217;invisibilitzar a qualsevol grup pol\u00edtic que no els adula o els lloa per la seua tasca al capdavant de l&#8217;ajuntament\u201d.<\/p>\n","protected":false},"excerpt":{"rendered":"<div class=\"mh-excerpt\">El grup socialista den\u00fancia la falta de transpar\u00e8ncia del govern PP-Centrats i Cupo i els seus esfor\u00e7os per invisibilitzar als grups de l&#8217;oposici\u00f3. El PSPV de la Pobla de Vallbona ha denunciat p\u00fablicament la decisi\u00f3 <a class=\"mh-excerpt-more\" href=\"https:\/\/tucomarca.whitekongsoftware.com\/ca\/el-pspv-de-la-pobla-de-vallbona-denuncia-que-la-pagina-web-de-lajuntament-porta-mes-dun-any-sense-incloure-a-la-regidora-socialista-que-va-prendre-possessio-al-marc-de-2024\/\" title=\"El PSPV de la Pobla de Vallbona denuncia que la p\u00e0gina web de l&#8217;ajuntament porta m\u00e9s d&#8217;un any sense incloure a la regidora socialista que va prendre possessi\u00f3 al mar\u00e7 de 2024\">[+] <\/a><\/div>\n","protected":false},"author":13,"featured_media":272478,"comment_status":"open","ping_status":"open","sticky":false,"template":"","format":"standard","meta":{"footnotes":""},"categories":[10892,10948,10894,10915,10947,10896],"tags":[10899,10949,11140],"class_list":["post-272480","post","type-post","status-publish","format-standard","has-post-thumbnail","category-camp-de-turia-ca","category-infraestructuras-ca","category-la-comarca-ca","category-la-pobla-ca","category-politica","category-seccion-ca","tag-camp-de-turia-ca","tag-la-pobla-ca","tag-politica-ca"],"_links":{"self":[{"href":"https:\/\/tucomarca.whitekongsoftware.com\/ca\/wp-json\/wp\/v2\/posts\/272480","targetHints":{"allow":["GET"]}}],"collection":[{"href":"https:\/\/tucomarca.whitekongsoftware.com\/ca\/wp-json\/wp\/v2\/posts"}],"about":[{"href":"https:\/\/tucomarca.whitekongsoftware.com\/ca\/wp-json\/wp\/v2\/types\/post"}],"author":[{"embeddable":true,"href":"https:\/\/tucomarca.whitekongsoftware.com\/ca\/wp-json\/wp\/v2\/users\/13"}],"replies":[{"embeddable":true,"href":"https:\/\/tucomarca.whitekongsoftware.com\/ca\/wp-json\/wp\/v2\/comments?post=272480"}],"version-history":[{"count":0,"href":"https:\/\/tucomarca.whitekongsoftware.com\/ca\/wp-json\/wp\/v2\/posts\/272480\/revisions"}],"wp:featuredmedia":[{"embeddable":true,"href":"https:\/\/tucomarca.whitekongsoftware.com\/ca\/wp-json\/wp\/v2\/media\/272478"}],"wp:attachment":[{"href":"https:\/\/tucomarca.whitekongsoftware.com\/ca\/wp-json\/wp\/v2\/media?parent=272480"}],"wp:term":[{"taxonomy":"category","embeddable":true,"href":"https:\/\/tucomarca.whitekongsoftware.com\/ca\/wp-json\/wp\/v2\/categories?post=272480"},{"taxonomy":"post_tag","embeddable":true,"href":"https:\/\/tucomarca.whitekongsoftware.com\/ca\/wp-json\/wp\/v2\/tags?post=272480"}],"curies":[{"name":"wp","href":"https:\/\/api.w.org\/{rel}","templated":true}]}}