{"id":272108,"date":"2025-07-14T12:00:00","date_gmt":"2025-07-14T10:00:00","guid":{"rendered":"https:\/\/www.tucomarca.com\/wordpress\/segunda\/?p=272108"},"modified":"2025-07-14T13:52:46","modified_gmt":"2025-07-14T11:52:46","slug":"carlos-mazon-ja-hem-concedit-278-milions-deuros-a-589-pimes-i-comercos-afectats-per-les-riuades-en-el-marc-del-pla-llaura-empreses","status":"publish","type":"post","link":"https:\/\/tucomarca.whitekongsoftware.com\/ca\/carlos-mazon-ja-hem-concedit-278-milions-deuros-a-589-pimes-i-comercos-afectats-per-les-riuades-en-el-marc-del-pla-llaura-empreses\/","title":{"rendered":"Carlos Maz\u00f3n: \u201cJa hem concedit 27,8 milions d&#8217;euros a 589 pimes i comer\u00e7os afectats per les riuades en el marc del Pla Llaura Empreses\u201d"},"content":{"rendered":"\n<h3 class=\"wp-block-heading\">Ressalta el suport \u201cferm i decidit\u201d a les pimes i aut\u00f2noms i destaca que s&#8217;han anticipat 8 milions d&#8217;euros a aquells beneficiaris que van sol\u00b7licitar l&#8217;avan\u00e7ament d&#8217;aquest programa d&#8217;ajudes.<\/h3>\n\n\n\n<h3 class=\"wp-block-heading\">Recorda que el Pla compta amb un pressupost de 127,4 milions d&#8217;euros amb l&#8217;objectiu de facilitar \u201cla recuperaci\u00f3 i renovaci\u00f3 del teixit industrial i comercial afectat per les riuades\u201d.<\/h3>\n\n\n\n<p class=\"wp-block-paragraph\">El president de la Generalitat, Carlos Maz\u00f3n, ha assenyalat que IVACE+i ja ha concedit ajudes per valor de 27,8 milions d&#8217;euros a 589 empreses en el marc del Pla Llaura Empreses \u201camb l&#8217;objectiu d&#8217;avan\u00e7ar en la recuperaci\u00f3 i renovaci\u00f3 del teixit industrial i comercial afectat per les riuades\u201d.<\/p>\n\n\n\n<p class=\"wp-block-paragraph\">Aix\u00ed ho ha traslladat el cap del Consell durant la seua visita a les instal\u00b7lacions de l&#8217;Agrupaci\u00f3 Comarcal d&#8217;Empresaris d&#8217;Alaqu\u00e0s (ACE-FIDES) on ha posat en valor \u201cla capacitat de les empreses per a continuar generant activitat econ\u00f2mica i ocupaci\u00f3\u201d.<\/p>\n\n\n\n<p class=\"wp-block-paragraph\">El president ha detallat que fins a la data el nombre de projectes per a establiments comercials, serveis i hostaleria ascendeix a 416 amb una dotaci\u00f3 de 15,8 milions d&#8217;euros, mentre que 173 iniciatives corresponen a empreses industrials per un valor de 12 milions d&#8217;euros.&nbsp;<\/p>\n\n\n\n<p class=\"wp-block-paragraph\">En aquesta l\u00ednia, Maz\u00f3n ha explicat que \u201cja s&#8217;han anticipat 8 milions d&#8217;euros a les empreses que van sol\u00b7licitar un avan\u00e7ament del 50% de l&#8217;ajuda d&#8217;aquest programa amb l&#8217;objectiu d&#8217;agilitzar l&#8217;arribada de capital perqu\u00e8 puguen dur a terme els seus projectes\u201d.<\/p>\n\n\n\n<p class=\"wp-block-paragraph\">El Pla Llaura Empreses, amb un pressupost de 127,4 milions d&#8217;euros procedents al 100% de fons de la Generalitat per a cobrir les despeses d&#8217;adquisici\u00f3, reparaci\u00f3 o substituci\u00f3 de maquin\u00e0ria, adquisici\u00f3 de programari, per a la reactivaci\u00f3 de l&#8217;activitat, les despeses de reparaci\u00f3, adaptaci\u00f3 i millora d&#8217;instal\u00b7lacions, aix\u00ed com les despeses d&#8217;auditoria de justificaci\u00f3.<\/p>\n\n\n\n<p class=\"wp-block-paragraph\">En concret, el pressupost per a pimes industrials ascendeix a 47,8 milions d&#8217;euros mentre que el programa dirigit a empreses de comer\u00e7, hostaleria i serveis \u00e9s de 79,6 milions d&#8217;euros.<\/p>\n\n\n\n<p class=\"wp-block-paragraph\">La Generalitat est\u00e0 gestionant en aquest moment un total de 1.327 expedients d&#8217;aquest Pla al qual poden acollir-se les empreses damnificades per les inundacions fins al 24 de juliol.&nbsp;<\/p>\n\n\n\n<p class=\"wp-block-paragraph\">El cap del Consell ha subratllat el comprom\u00eds amb el teixit empresarial \u201cdes del minut un perqu\u00e8 puguen iniciar la recuperaci\u00f3 i reprendre la seua activitat\u201d, al mateix temps que ha incidit en \u201cel constant suport de la Generalitat amb noves iniciatives\u201d.<\/p>\n\n\n\n<p class=\"wp-block-paragraph\">Aix\u00ed, ha recordat la l\u00ednia de 10 milions d&#8217;euros de fons propis de la Generalitat \u201cper a impulsar la internacionalitzaci\u00f3 de les empreses de les zones damnificades amb ajudes que poden aconseguir fins als 100.000 euros\u201d. A trav\u00e9s d&#8217;aquesta ordre es recolza la participaci\u00f3 en fires internacionals o missions comercials o la contractaci\u00f3 de personal qualificat per a executar el pla de promoci\u00f3 de l&#8217;empresa.&nbsp;<\/p>\n\n\n\n<p class=\"wp-block-paragraph\">Maz\u00f3n ha ressaltat l&#8217;aposta del Consell per implementar ajudes \u201c\u00e0gils, sense burocr\u00e0cia i efectives\u201d per a fer costat a les empreses en la seua fase de reactivaci\u00f3 econ\u00f2mica.&nbsp;<\/p>\n\n\n\n<p class=\"wp-block-paragraph\">En contraposici\u00f3, ha lamentat la lentitud del Govern central en la tramitaci\u00f3 d&#8217;ajudes. Aix\u00ed, ha fet refer\u00e8ncia al fet que el 60% de les empreses afectades en les zones industrials per les riuades nom\u00e9s hagen rebut un acompte de la indemnitzaci\u00f3 del Consorci d&#8217;Assegurances \u201cel que posa en perill la seua viabilitat i compromet la recuperaci\u00f3 econ\u00f2mica\u201d.<\/p>\n\n\n\n<figure class=\"wp-block-gallery has-nested-images columns-default is-cropped wp-block-gallery-1 is-layout-flex wp-block-gallery-is-layout-flex\">\n<figure class=\"wp-block-image size-large\"><img loading=\"lazy\" decoding=\"async\" width=\"1024\" height=\"683\" data-id=\"272103\" src=\"https:\/\/www.tucomarca.com\/wordpress\/segunda\/wp-content\/uploads\/2025\/07\/MazonPlaAraEmpreses02-1024x683.jpeg\" alt=\"\" class=\"wp-image-272103\" srcset=\"https:\/\/tucomarca.whitekongsoftware.com\/wp-content\/uploads\/2025\/07\/MazonPlaAraEmpreses02-1024x683.jpeg 1024w, https:\/\/tucomarca.whitekongsoftware.com\/wp-content\/uploads\/2025\/07\/MazonPlaAraEmpreses02-300x200.jpeg 300w, https:\/\/tucomarca.whitekongsoftware.com\/wp-content\/uploads\/2025\/07\/MazonPlaAraEmpreses02-768x512.jpeg 768w, https:\/\/tucomarca.whitekongsoftware.com\/wp-content\/uploads\/2025\/07\/MazonPlaAraEmpreses02-1536x1024.jpeg 1536w, https:\/\/tucomarca.whitekongsoftware.com\/wp-content\/uploads\/2025\/07\/MazonPlaAraEmpreses02-2048x1366.jpeg 2048w\" sizes=\"auto, (max-width: 1024px) 100vw, 1024px\" \/><\/figure>\n\n\n\n<figure class=\"wp-block-image size-large\"><img loading=\"lazy\" decoding=\"async\" width=\"1024\" height=\"683\" data-id=\"272101\" src=\"https:\/\/www.tucomarca.com\/wordpress\/segunda\/wp-content\/uploads\/2025\/07\/MazonPlaAraEmpreses01-1024x683.jpeg\" alt=\"\" class=\"wp-image-272101\" srcset=\"https:\/\/tucomarca.whitekongsoftware.com\/wp-content\/uploads\/2025\/07\/MazonPlaAraEmpreses01-1024x683.jpeg 1024w, https:\/\/tucomarca.whitekongsoftware.com\/wp-content\/uploads\/2025\/07\/MazonPlaAraEmpreses01-300x200.jpeg 300w, https:\/\/tucomarca.whitekongsoftware.com\/wp-content\/uploads\/2025\/07\/MazonPlaAraEmpreses01-768x512.jpeg 768w, https:\/\/tucomarca.whitekongsoftware.com\/wp-content\/uploads\/2025\/07\/MazonPlaAraEmpreses01-1536x1024.jpeg 1536w, https:\/\/tucomarca.whitekongsoftware.com\/wp-content\/uploads\/2025\/07\/MazonPlaAraEmpreses01-2048x1366.jpeg 2048w\" sizes=\"auto, (max-width: 1024px) 100vw, 1024px\" \/><\/figure>\n<\/figure>\n","protected":false},"excerpt":{"rendered":"<div class=\"mh-excerpt\">Ressalta el suport \u201cferm i decidit\u201d a les pimes i aut\u00f2noms i destaca que s&#8217;han anticipat 8 milions d&#8217;euros a aquells beneficiaris que van sol\u00b7licitar l&#8217;avan\u00e7ament d&#8217;aquest programa d&#8217;ajudes. Recorda que el Pla compta amb <a class=\"mh-excerpt-more\" href=\"https:\/\/tucomarca.whitekongsoftware.com\/ca\/carlos-mazon-ja-hem-concedit-278-milions-deuros-a-589-pimes-i-comercos-afectats-per-les-riuades-en-el-marc-del-pla-llaura-empreses\/\" title=\"Carlos Maz\u00f3n: \u201cJa hem concedit 27,8 milions d&#8217;euros a 589 pimes i comer\u00e7os afectats per les riuades en el marc del Pla Llaura Empreses\u201d\">[+] <\/a><\/div>\n","protected":false},"author":13,"featured_media":272104,"comment_status":"open","ping_status":"open","sticky":false,"template":"","format":"gallery","meta":{"footnotes":""},"categories":[21466,10898,10948,10894,10904,10902,10903,10947,10896,10897],"tags":[18807,15409,12903,11199],"class_list":["post-272108","post","type-post","status-publish","format-gallery","has-post-thumbnail","category-dana-ca","category-ventana-ca","category-infraestructuras-ca","category-la-comarca-ca","category-sin-categorizar-ca","category-la-ribera-ca","category-medio-ambiente-la-comarca-ca","category-politica","category-seccion-ca","category-sucesos-la-comarca-ca","tag-carlos-mazon-ca","tag-dana-2-ca","tag-infraestructuras-ca","tag-la-comunitat-ca","post_format-post-format-gallery"],"_links":{"self":[{"href":"https:\/\/tucomarca.whitekongsoftware.com\/ca\/wp-json\/wp\/v2\/posts\/272108","targetHints":{"allow":["GET"]}}],"collection":[{"href":"https:\/\/tucomarca.whitekongsoftware.com\/ca\/wp-json\/wp\/v2\/posts"}],"about":[{"href":"https:\/\/tucomarca.whitekongsoftware.com\/ca\/wp-json\/wp\/v2\/types\/post"}],"author":[{"embeddable":true,"href":"https:\/\/tucomarca.whitekongsoftware.com\/ca\/wp-json\/wp\/v2\/users\/13"}],"replies":[{"embeddable":true,"href":"https:\/\/tucomarca.whitekongsoftware.com\/ca\/wp-json\/wp\/v2\/comments?post=272108"}],"version-history":[{"count":0,"href":"https:\/\/tucomarca.whitekongsoftware.com\/ca\/wp-json\/wp\/v2\/posts\/272108\/revisions"}],"wp:featuredmedia":[{"embeddable":true,"href":"https:\/\/tucomarca.whitekongsoftware.com\/ca\/wp-json\/wp\/v2\/media\/272104"}],"wp:attachment":[{"href":"https:\/\/tucomarca.whitekongsoftware.com\/ca\/wp-json\/wp\/v2\/media?parent=272108"}],"wp:term":[{"taxonomy":"category","embeddable":true,"href":"https:\/\/tucomarca.whitekongsoftware.com\/ca\/wp-json\/wp\/v2\/categories?post=272108"},{"taxonomy":"post_tag","embeddable":true,"href":"https:\/\/tucomarca.whitekongsoftware.com\/ca\/wp-json\/wp\/v2\/tags?post=272108"}],"curies":[{"name":"wp","href":"https:\/\/api.w.org\/{rel}","templated":true}]}}